{"id":1,"date":"2010-04-20T19:01:40","date_gmt":"2010-04-20T17:01:40","guid":{"rendered":"https:\/\/intelligent-friend-7861.standoutwp.com\/?p=1"},"modified":"2015-11-24T08:14:10","modified_gmt":"2015-11-24T07:14:10","slug":"hej-varlden","status":"publish","type":"post","link":"https:\/\/www.kultursidan.nu\/?p=1","title":{"rendered":"Lokal kultur i \u00f6stra \u00d6sterg\u00f6tland. Nu!"},"content":{"rendered":"<p><strong>Kulturlivet i Norrk\u00f6ping, S\u00f6derk\u00f6ping och Finsp\u00e5ng<\/strong> \u00e4r fantastiskt rikt, ofta roligt och och alltid angel\u00e4get \u2013 f\u00f6r de n\u00e4rmast s\u00f6rjande likav\u00e4l f\u00f6r den riktigt stora publiken. Och i behov av en samlande plats som ber\u00e4ttar om konsten, scenen, musiken \u2013 <strong> i ord, ton, bild och film.<\/strong><\/p>\n<p>D\u00e4rf\u00f6r finns Kultursidan, f\u00f6r kulturen, f\u00f6r dig.<\/p>\n<p>Varmt v\u00e4lkommen!<\/p>\n<p><a href=\"mailto: lotta.sandelin@glocalnet.net\">Ann-Charlotte Sandelin<\/a><\/p>\n","protected":false},"excerpt":{"rendered":"<p>Lokal kultur i \u00f6stra \u00d6sterg\u00f6tland. Nu. <a class=\"continue-reading-link\" href=\"https:\/\/www.kultursidan.nu\/?p=1\">L\u00e4s mer <span class=\"meta-nav\">&rarr; <\/span><\/a><\/p>\n","protected":false},"author":1001006,"featured_media":0,"comment_status":"closed","ping_status":"open","sticky":false,"template":"","format":"standard","meta":{"_jetpack_memberships_contains_paid_content":false,"footnotes":""},"categories":[1],"tags":[],"class_list":["post-1","post","type-post","status-publish","format-standard","hentry","category-okategoriserade"],"jetpack_featured_media_url":"","jetpack_sharing_enabled":true,"_links":{"self":[{"href":"https:\/\/www.kultursidan.nu\/index.php?rest_route=\/wp\/v2\/posts\/1","targetHints":{"allow":["GET"]}}],"collection":[{"href":"https:\/\/www.kultursidan.nu\/index.php?rest_route=\/wp\/v2\/posts"}],"about":[{"href":"https:\/\/www.kultursidan.nu\/index.php?rest_route=\/wp\/v2\/types\/post"}],"author":[{"embeddable":true,"href":"https:\/\/www.kultursidan.nu\/index.php?rest_route=\/wp\/v2\/users\/1001006"}],"replies":[{"embeddable":true,"href":"https:\/\/www.kultursidan.nu\/index.php?rest_route=%2Fwp%2Fv2%2Fcomments&post=1"}],"version-history":[{"count":0,"href":"https:\/\/www.kultursidan.nu\/index.php?rest_route=\/wp\/v2\/posts\/1\/revisions"}],"wp:attachment":[{"href":"https:\/\/www.kultursidan.nu\/index.php?rest_route=%2Fwp%2Fv2%2Fmedia&parent=1"}],"wp:term":[{"taxonomy":"category","embeddable":true,"href":"https:\/\/www.kultursidan.nu\/index.php?rest_route=%2Fwp%2Fv2%2Fcategories&post=1"},{"taxonomy":"post_tag","embeddable":true,"href":"https:\/\/www.kultursidan.nu\/index.php?rest_route=%2Fwp%2Fv2%2Ftags&post=1"}],"curies":[{"name":"wp","href":"https:\/\/api.w.org\/{rel}","templated":true}]}}