{"id":10039,"date":"2013-05-13T11:54:09","date_gmt":"2013-05-13T10:54:09","guid":{"rendered":"https:\/\/intelligent-friend-7861.standoutwp.com\/?p=10039"},"modified":"2013-07-27T14:41:30","modified_gmt":"2013-07-27T13:41:30","slug":"biskop-brask-firas-med-bade-ar-och-utstallning-reportage","status":"publish","type":"post","link":"https:\/\/www.kultursidan.nu\/?p=10039","title":{"rendered":"Biskop Brask firas med b\u00e5de \u00e5r och utst\u00e4llning (reportage)"},"content":{"rendered":"<p><a title=\"Johan Lamberth vid utst\u00e4llningen H\u00e4r till n\u00f6dd och tvungen by Kultursidan, on Flickr\" href=\"http:\/\/www.flickr.com\/photos\/kultursidan\/8734922878\/\"><img loading=\"lazy\" decoding=\"async\" alt=\"Johan Lamberth vid utst\u00e4llningen H\u00e4r till n\u00f6dd och tvungen\" src=\"http:\/\/farm8.staticflickr.com\/7323\/8734922878_6f1a608e79.jpg\" width=\"500\" height=\"333\" \/><\/a><\/p>\n<p><em>Id\u00e9kl\u00e4ckare. Johan Lamberth har engagerat sig starkt i b\u00e5de Braskjubil\u00e9et och i utst\u00e4llningen p\u00e5 Slotts- och Domkyrkomuseet i Link\u00f6ping.<\/em><\/p>\n<p>&nbsp;<\/p>\n<h1><span style=\"color: #ff0000;\">Kopieboken ger inblick i biskopens tankar<\/span><\/h1>\n<p>&nbsp;<\/p>\n<p><strong>Det \u00e4r biskopens, Hans Brasks, \u00e5r i \u00e5r. <\/strong>Och det \u00e4r till stor del pr\u00e4sten Johan Lamberths f\u00f6rtj\u00e4nst, han talade f\u00f6r att man borde uppm\u00e4rksamma att det g\u00e5tt 500 \u00e5r sedan Hans Brask vigdes till biskop \u00f6ver Link\u00f6pings stift, som d\u00e5 var det st\u00f6rsta och m\u00e4ktigaste stiftet i Sverige. Den m\u00e4ktige och m\u00e5ngkunnige biskopen \u2013 kyrkoman, jurist och f\u00f6retagare \u2013 var den siste store katolske biskopen, till slut tvungen att ge upp mot kung Gustav Vasas lutherska p\u00e5bud.<\/p>\n<p>Sagt och gjort, en kommitt\u00e9 bildades som ordnade hemsida som paraply f\u00f6r alla arrangemang som genomf\u00f6rs under jubileums\u00e5ret. Ut\u00f6ver information om biskopen sj\u00e4lv ryms d\u00e4r ett kalendarium med guidningar, utlandsresor, teaterf\u00f6rest\u00e4llningar och f\u00f6rel\u00e4sningar. Biskopen har till och med en egen sida p\u00e5 Facebook.<\/p>\n<p><strong>Nu guidar Johan Lamberth med l\u00e4tt hand i utst\u00e4llningen <em>H\u00e4r till n\u00f6dd och tvungen<\/em>. <\/strong>Den \u00e4r inspr\u00e4ngd i de permanenta utst\u00e4llningarna i Slotts- och Domkyrkomuseet i Link\u00f6ping.<\/p>\n<p>Det \u00e4r rentav s\u00e5 att med Braskperspektivet ser man p\u00e5 de fasta utst\u00e4llningarna med nya \u00f6gon. R\u00f6kelsekaren anv\u00e4ndes inte n\u00e4r kyrkan omsider reformerats till den lutherska l\u00e4ran. Den lilla r\u00f6da modellen av biskopsborgen studeras noggrannare \u00e4n det stora vita vasaslottet som byggdes med borgen som grund.<\/p>\n<p>Och nog skulle man vilja tjuvlyssna p\u00e5 samtalet mellan den erfarne Hans Brask och den unge kung G\u00f6sta, ett m\u00f6te som \u00e4gde rum 1523 om \u00e4n kanske inte just i Vasarummet d\u00e4r de mansh\u00f6ga dockorna \u00e4r placerade.<\/p>\n<p><strong>I museets dunkla skattkammare ryms f\u00f6rem\u00e5l av b\u00e5de silver, pergament och textil. <\/strong>Johan Lamberth \u00e4r mer \u00e4n n\u00f6jd med att museet kan garantera s\u00e5v\u00e4l luftmilj\u00f6 som s\u00e4kerhet och d\u00e4rmed kunnat ta hem medeltida praktfulla kyrkokl\u00e4dnader, avsedda f\u00f6r h\u00f6gm\u00e4ssan, fr\u00e5n Stockholm. D\u00e4ribland m\u00e4sshakar som biskop Hans Brask med st\u00f6rsta s\u00e4kerhet anv\u00e4nt. En liten docka visar biskopen i full ornat, med mitra p\u00e5 huvudet, casula \u00f6ver dalmatika och alba och med kr\u00e4kla i handen.<\/p>\n<p>Link\u00f6pings silverskatt \u00e4r \u00e5ter p\u00e5 bes\u00f6k tillsammans med en lustig akvamanil (funnen i Vreta). Det \u00e4r en vattenbeh\u00e5llare i form av ett lejon(?). Sj\u00e4lva skatten best\u00e5r av en statyett av den heliga Katharina och nattvardsk\u00e4rl \u2013 vinkalk och oblatpat\u00e9 samt den h\u00f6ga monstransen d\u00e4r oblaterna f\u00f6rvarades n\u00e4r det inte var nattvard.<\/p>\n<p><strong>N\u00e5got av det viktigaste och som ger historikerna djup inblick i biskopens liv, tankar och arbete \u00e4r hans kopiebok som finns bevarad.<\/strong> Det \u00e4r en tjock pergamentlunta d\u00e4r biskopens skrivare kopierade alla brev och meddelanden till och fr\u00e5n biskopen, sm\u00e5tt och stort, om kyrkan och politiken p\u00e5 alla niv\u00e5er. Det \u00e4r fullt l\u00e4sligt \u00e4n idag \u2013 en del \u00e4r rentav skrivet p\u00e5 svenska. Den m\u00e4ktige och kunnige biskopen korresponderade sj\u00e4lvfallet med de l\u00e4rde p\u00e5 latin.<\/p>\n<p><em>Text och foto: Ann-Charlotte Sandelin<br \/>\n<\/em><\/p>\n<p><em><br \/>\n<\/em><\/p>\n<blockquote>\n<h3><em>SLOTTS- OCH DOMKYRKOMUSEET Link\u00f6ping<\/em><\/h3>\n<p>\u00d6ppet hela \u00e5ret 2013 tisdag\u2013s\u00f6ndag kl 12-16<em><br \/>\n<strong>H\u00e4r till n\u00f6dd och tvungen<br \/>\n<\/strong>Utst\u00e4llning om biskop Hans Brask och hans tid<\/em><\/p><\/blockquote>\n<p>L\u00c4NKAR<br \/>\nBiskop Brask 1513 \u2013 2013 jubileums\u00e5rets <a title=\"Brask 2013\" href=\"http:\/\/www.brask2013.se\" target=\"_blank\">program <\/a><br \/>\nSlotts- och Domkyrkomuseet <a title=\"Slotts- och domkyrkomuseet\" href=\"http:\/\/www.lsdm.se\" target=\"_blank\">hemsida <\/a><br \/>\nN\u00e4r biskop Brask blir avkl\u00e4dd sin makt <a title=\"N\u00e4r biskop Brask blir avkl\u00e4dd sin makt (recension)\" href=\"https:\/\/www.kultursidan.nu\/?p=9940\" target=\"_blank\">recension<\/a> Kultursidan.nu 4\/5 2013<\/p>\n<p>FLER BILDER FR\u00c5N UTST\u00c4LLNINGARNA \u2013 KLICKA<\/p>\n<p>[flickr-gallery mode=&#8221;photoset&#8221; photoset=&#8221;72157633484510666&#8243;]<\/p>\n","protected":false},"excerpt":{"rendered":"<p>LINK\u00d6PING I \u00e5r \u00e4r det 500 \u00e5r sedan Hans Brask vigdes till biskop i det stora Link\u00f6pings stift \u00e5r 1513. Jubileet s\u00e4tter pr\u00e4gel p\u00e5 hela \u00e5ret med en rad evenemang. Slotts- och Domkyrkomuseet i Link\u00f6ping \u00e4gnar den m\u00e4ktige biskopen en stor utst\u00e4llning. <a class=\"continue-reading-link\" href=\"https:\/\/www.kultursidan.nu\/?p=10039\">L\u00e4s mer <span class=\"meta-nav\">&rarr; <\/span><\/a><\/p>\n","protected":false},"author":1001006,"featured_media":0,"comment_status":"closed","ping_status":"open","sticky":false,"template":"","format":"standard","meta":{"_jetpack_memberships_contains_paid_content":false,"footnotes":""},"categories":[55],"tags":[47],"class_list":["post-10039","post","type-post","status-publish","format-standard","hentry","category-linkoping","tag-utstallning"],"jetpack_featured_media_url":"","jetpack_sharing_enabled":true,"_links":{"self":[{"href":"https:\/\/www.kultursidan.nu\/index.php?rest_route=\/wp\/v2\/posts\/10039","targetHints":{"allow":["GET"]}}],"collection":[{"href":"https:\/\/www.kultursidan.nu\/index.php?rest_route=\/wp\/v2\/posts"}],"about":[{"href":"https:\/\/www.kultursidan.nu\/index.php?rest_route=\/wp\/v2\/types\/post"}],"author":[{"embeddable":true,"href":"https:\/\/www.kultursidan.nu\/index.php?rest_route=\/wp\/v2\/users\/1001006"}],"replies":[{"embeddable":true,"href":"https:\/\/www.kultursidan.nu\/index.php?rest_route=%2Fwp%2Fv2%2Fcomments&post=10039"}],"version-history":[{"count":0,"href":"https:\/\/www.kultursidan.nu\/index.php?rest_route=\/wp\/v2\/posts\/10039\/revisions"}],"wp:attachment":[{"href":"https:\/\/www.kultursidan.nu\/index.php?rest_route=%2Fwp%2Fv2%2Fmedia&parent=10039"}],"wp:term":[{"taxonomy":"category","embeddable":true,"href":"https:\/\/www.kultursidan.nu\/index.php?rest_route=%2Fwp%2Fv2%2Fcategories&post=10039"},{"taxonomy":"post_tag","embeddable":true,"href":"https:\/\/www.kultursidan.nu\/index.php?rest_route=%2Fwp%2Fv2%2Ftags&post=10039"}],"curies":[{"name":"wp","href":"https:\/\/api.w.org\/{rel}","templated":true}]}}