{"id":10080,"date":"2013-05-16T09:20:59","date_gmt":"2013-05-16T08:20:59","guid":{"rendered":"https:\/\/intelligent-friend-7861.standoutwp.com\/?p=10080"},"modified":"2013-07-17T09:41:38","modified_gmt":"2013-07-17T08:41:38","slug":"rea-efter-festen-kvartersteatern-ger-musikal-reportage","status":"publish","type":"post","link":"https:\/\/www.kultursidan.nu\/?p=10080","title":{"rendered":"Rea efter festen \u2013 Kvartersteatern ger musikal (reportage)"},"content":{"rendered":"<p><a href=\"http:\/\/www.flickr.com\/photos\/kultursidan\/8743968748\/\" title=\"Daniel Blomberg i REA. by Kultursidan, on Flickr\"><img loading=\"lazy\" decoding=\"async\" src=\"http:\/\/farm8.staticflickr.com\/7287\/8743968748_bed92221cf.jpg\" width=\"500\" height=\"333\" alt=\"Daniel Blomberg i REA.\"><\/a><\/p>\n<p><em>Utstr\u00e5lning. Daniel Blomberg har l\u00e4nge velat att Kvartersteatern ska g\u00f6ra en musikal. Nu \u00e4r det dags f\u00f6r REA \u2013 en konsumtionsmusikal.<\/em><\/p>\n<p>&nbsp;<\/p>\n<h1><span style=\"color: #ff0000;\">&#8221;Att konsumera \u00e4r ett s\u00e4tt att umg\u00e5s&#8221;<\/span><\/h1>\n<p>&nbsp;<\/p>\n<p><strong>\u2013 Jag funderade p\u00e5 hur man blir styrd av att leva i ett konsumtionssamh\u00e4lle.<\/strong> Jag har pr\u00f6vat tanken ur olika aspekter, som ett collage.<\/p>\n<p>Kvartersteaterns ledande dramatiker Anna Nygren har skrivit sitt livs f\u00f6rsta musikal, <em>REA \u2013 en konsumtionsmusikal<\/em>. Musikalen \u00e4r svaret p\u00e5 Kvartersteaterns \u00e5rliga utv\u00e4rderingar av verksamheten. Flera av medlemmarna ville g\u00f6ra musikal. Sagt och gjort.<\/p>\n<p>\u2013 Det utspelas i ett varuhus, en symbol f\u00f6r samh\u00e4llet. Konsumenterna tror att det g\u00e5r att ta sig ur systemet men uppt\u00e4cker att det inte \u00e4r s\u00e5 l\u00e4tt, s\u00e4ger regiss\u00f6ren Frida Nystr\u00f6m.<\/p>\n<p>Hon har arbetat med de tio sk\u00e5despelarna under \u00e5ret. Det har blivit en hel del diskussioner kring \u00e4mnet, som ligger n\u00e4ra vardagen, v\u00e4rderingarna och framtiden.<\/p>\n<p>\u2013 Det \u00e4r v\u00e4ldigt sv\u00e5rt att l\u00e5ta bli att konsumera, det \u00e4r ett s\u00e4tt att umg\u00e5s.<\/p>\n<p><strong>Musikal kr\u00e4ver musik och fr\u00e5gan landade slutligen hos Freddie Ross, Jenny Jonas och Robin Velu, <\/strong>tre erfarna musiker och l\u00e5tskrivare som kompletterar varandra. De fick ett f\u00e4rdigt manus och tr\u00e4ffade sedan regiss\u00f6r och f\u00f6rfattare f\u00f6r att f\u00e5 n\u00e4rmare uppfattning om scenerna som l\u00e5tarna skulle vara i.<\/p>\n<p>\u2013 Vi delade l\u00e5tarna mellan oss. Sedan kom vi med id\u00e9er till melodierna och de andra hakade p\u00e5 och s\u00e5 utvecklades arrangemangen, beskriver Freddie Ross. L\u00e5ttexterna fick vi \u00e4ndra p\u00e5 lite s\u00e5 att de fungerade rent musikaliskt.<\/p>\n<p>Sj\u00e4lva musikalen tycker han inneh\u00e5llsm\u00e4ssigt \u00e4r okej:<br \/>\n\u2013 Det var v\u00e4l inget nytt direkt. Det handlar om den sj\u00e4lvf\u00f6rst\u00f6rande aspekten av kapitalismen, att resurserna tar slut.<\/p>\n<p><strong>Pressvisningen \u00e4ger rum mitt under p\u00e5g\u00e5ende Norrk\u00f6pings Teaterfestival, d\u00e4r Kvartersteatern varit en av de st\u00f6rre akt\u00f6rerna.<\/strong> Det \u00e4r dock fr\u00e4mst barngrupperna som visat upp sig, med enstaka till\u00e4gg med ton\u00e5rs och vuxensk\u00e5despelare. Den verksamhet som riktas mot den \u00e4ldre publiken, l\u00e5t oss kalla m\u00e5lgruppen f\u00f6r unga vuxna \u00e4ven om \u00f6vre \u00e5ldersgr\u00e4ns saknas, sprids ut under \u00e5ret. Fredag 24 maj \u00e4r det allts\u00e5 dags f\u00f6r<em> <\/em>en ny premi\u00e4r.<\/p>\n<p><strong>Vi f\u00e5r h\u00f6ra smakprov p\u00e5 tv\u00e5 av de 11 l\u00e5tar som ing\u00e5r i <em>REA<\/em>.<\/strong> Sk\u00e5despelaren Daniel Blomberg sjunger om vilsenheten i konsumtionen, st\u00e4md i moll. S\u00e5 byter han tonart och det blir en glad melodi om en k\u00e4nd programledare, allt mer ironiskt h\u00e5llen.<\/p>\n<p>\u2013 Det kanske \u00e4r synd om Ernst Kirchsteiger, att han inte f\u00f6rtj\u00e4nar det som person, men han blir en symbol f\u00f6r konsumtionen, funderar Frida Nystr\u00f6m<\/p>\n<p>\u2013 \u00c5 ena sidan s\u00e5 \u00e4r det Ernst Kirchsteiger i tv, \u00e5 andra sidan <em>Lyckf\u00e4llan<\/em> och <em>Arga snickarn<\/em>. Platsar du inte i det ena programmet s\u00e5 blir du h\u00e5nad i det andra. Det blir s\u00e5 tydligt att vi lever i ett samh\u00e4lle som inte \u00e4r f\u00f6r alla. Klarar du inte av det s\u00e5 \u00e4r det ditt personliga problem, tar Anna Nygren vid.<\/p>\n<p><strong>Samtalet vid scenkanten l\u00e4mnar f\u00f6rest\u00e4llningen men forts\u00e4tter:<\/strong> om att kasta mat, om att byta trendstil i hemmet, om att till och med mottrender som \u201dmilj\u00f6v\u00e4nliga\u201d kl\u00e4der och second hand\/vintage \u00e4r ett s\u00e4tt att driva p\u00e5 konsumtionen. Snart blir det <em>REA<\/em>.<\/p>\n<p><em>Text: Ann-Charlotte Sandelin<br \/>\nFoto: Robert Betts och Sandra Tengvall<\/em><\/p>\n<p>&nbsp;<\/p>\n<ul>\n<li>\n<h3>TEATER BR\u00c5DDGATAN 34 Norrk\u00f6ping<\/h3>\n<\/li>\n<li><em>24-26, 31 maj, 1 juni 2013 kl 19<br \/>\n<\/em><strong>REA \u2013 en konsumtionsmusikal<br \/>\n<\/strong>av Anna M Nygren<br \/>\nRegi: Frida Nystr\u00f6m<br \/>\nMusik: Freddie Ross, Jenny Jonas och Robin Velu<br \/>\nArr: Kvartersteatern<br \/>\nEntr\u00e9: 50 kr\/ 20 kr (medlemmar 0 kr)<\/p>\n<ul>\n<li>MEDVERKANDE<br \/>\nSusan Andersson, Daniel Blomberg, Johan Eliasson, Jan Gustavsson<br \/>\nCaroline Hermansson, Annette Ingelvik, Weine Johansson, Maia Lee Lind,<br \/>\nMattias Eriksson, Josefine Bj\u00f6rklund<\/li>\n<\/ul>\n<\/li>\n<\/ul>\n<p>L\u00c4NKAR<br \/>\nKvartersteatern <a title=\"Kvartersteatern\" href=\"http:\/\/www.kvartersteatern.com\" target=\"_blank\">hemsida<\/a><br \/>\nTeater Br\u00e5ddgatan 34 <a title=\"Teater Br\u00e5ddgatan 34\" href=\"http:\/\/www.bg34.se\" target=\"_blank\">hemsida<\/a><\/p>\n<p>FLER BILDER FR\u00c5N PRESSVISNING och REPETITION \u2013 KLICKA<\/p>\n<p>[flickr-gallery mode=&#8221;photoset&#8221; photoset=&#8221;72157633491976117&#8243;]<\/p>\n","protected":false},"excerpt":{"rendered":"<p>NORRK\u00d6PING Mitt under p\u00e5g\u00e5ende Teaterfestival annonserar Kvartersteatern n\u00e4sta premi\u00e4r, en vecka efter festivalens slut. Musikalen REA \u00e4r en lokal produktion som utspelas i ett varuhus och med 12 huvudroller. Daniel Blomberg har en av rollerna. <a class=\"continue-reading-link\" href=\"https:\/\/www.kultursidan.nu\/?p=10080\">L\u00e4s mer <span class=\"meta-nav\">&rarr; <\/span><\/a><\/p>\n","protected":false},"author":1001006,"featured_media":0,"comment_status":"closed","ping_status":"open","sticky":false,"template":"","format":"standard","meta":{"_jetpack_memberships_contains_paid_content":false,"footnotes":""},"categories":[7],"tags":[12],"class_list":["post-10080","post","type-post","status-publish","format-standard","hentry","category-norrkoping","tag-teater"],"jetpack_featured_media_url":"","jetpack_sharing_enabled":true,"_links":{"self":[{"href":"https:\/\/www.kultursidan.nu\/index.php?rest_route=\/wp\/v2\/posts\/10080","targetHints":{"allow":["GET"]}}],"collection":[{"href":"https:\/\/www.kultursidan.nu\/index.php?rest_route=\/wp\/v2\/posts"}],"about":[{"href":"https:\/\/www.kultursidan.nu\/index.php?rest_route=\/wp\/v2\/types\/post"}],"author":[{"embeddable":true,"href":"https:\/\/www.kultursidan.nu\/index.php?rest_route=\/wp\/v2\/users\/1001006"}],"replies":[{"embeddable":true,"href":"https:\/\/www.kultursidan.nu\/index.php?rest_route=%2Fwp%2Fv2%2Fcomments&post=10080"}],"version-history":[{"count":0,"href":"https:\/\/www.kultursidan.nu\/index.php?rest_route=\/wp\/v2\/posts\/10080\/revisions"}],"wp:attachment":[{"href":"https:\/\/www.kultursidan.nu\/index.php?rest_route=%2Fwp%2Fv2%2Fmedia&parent=10080"}],"wp:term":[{"taxonomy":"category","embeddable":true,"href":"https:\/\/www.kultursidan.nu\/index.php?rest_route=%2Fwp%2Fv2%2Fcategories&post=10080"},{"taxonomy":"post_tag","embeddable":true,"href":"https:\/\/www.kultursidan.nu\/index.php?rest_route=%2Fwp%2Fv2%2Ftags&post=10080"}],"curies":[{"name":"wp","href":"https:\/\/api.w.org\/{rel}","templated":true}]}}