{"id":10107,"date":"2013-05-18T13:16:59","date_gmt":"2013-05-18T12:16:59","guid":{"rendered":"https:\/\/intelligent-friend-7861.standoutwp.com\/?p=10107"},"modified":"2013-07-17T09:43:04","modified_gmt":"2013-07-17T08:43:04","slug":"da-nu-sen-da-nar-norrkopings-kulturscener-firar-100-ar-reportage","status":"publish","type":"post","link":"https:\/\/www.kultursidan.nu\/?p=10107","title":{"rendered":"D\u00e5-nu-sen d\u00e5? n\u00e4r Norrk\u00f6pings kulturscener firar 100 \u00e5r (reportage)"},"content":{"rendered":"<p><a href=\"http:\/\/www.flickr.com\/photos\/kultursidan\/8749473013\/\" title=\"Birgitta Hjerpa, f\u00f6ljd av Helena Persson och Bror-Tommy Sturk. by Kultursidan, on Flickr\"><img loading=\"lazy\" decoding=\"async\" src=\"http:\/\/farm4.staticflickr.com\/3682\/8749473013_1005ef734b.jpg\" width=\"500\" height=\"333\" alt=\"Birgitta Hjerpa, f\u00f6ljd av Helena Persson och Bror-Tommy Sturk.\"><\/a><\/p>\n<p><em>Gemensam start i Villa Swartz. Konstmuseets och Stadsbibliotekets chefer Helena Persson och Birgitta Hjerpe kan blicka tillbaka p\u00e5 en 100 \u00e5r gammal verksamhet som slog f\u00f6lje i flera decennier innan de skildes \u00e5t. Stadsmuseet kom senare, Bror-Tommy Sturk lyfter dock fram alla de gamla samlingar som sk\u00e4nktes n\u00e4r stadsmuseet var ungt.<\/em><\/p>\n<p>&nbsp;<\/p>\n<h1><span style=\"color: #ff0000;\">Kulturdag och parad 1 juni \u00e4r bara b\u00f6rjan<\/span><\/h1>\n<p>&nbsp;<\/p>\n<p><strong>Kulturdagen 1 juni: nya utst\u00e4llningar p\u00e5 Konstmuseet och Stadsmuseet, Kulturskolans Dag, Kulturparad. Det \u00e4r bara b\u00f6rjan. <\/strong>Under resterande delen av \u00e5ret ska Norrk\u00f6ping marineras i kulturella begivenheter, som kanske mest ger genomslag bland kommunens yngre inv\u00e5nare, de som kan t\u00e4nkas bo h\u00e4r om femtio sjuttio \u00e5r.<\/p>\n<p>\u2013 Det blir ett sp\u00e4nnande \u00e5r, s\u00e4ger Konstmuseets chef Helena Persson entusiastiskt.<\/p>\n<p><strong>Dynamiken i hundra\u00e5rsfirandet riktas i h\u00f6g utstr\u00e4ckning fram\u00e5t i tiden.<\/strong> Festivalgeneralen Susanne Ewerl\u00f6f ber\u00e4ttar om en sommar och h\u00f6st fylld med aktiviteter f\u00f6r unga som kontinuerligt ska ge avtryck i uppv<strong>i<\/strong>sningar: Kulturkollo i sommar och Konstprojekt i Sk\u00e4rblacka. P\u00e5 k\u00f6pet kan Sk\u00e4rblacka f\u00e5 en egen skulpturpark p\u00e5 \u00d6n n\u00e4ra bruket.<\/p>\n<p>Helena Persson lyfter fram att de g\u00e5ngna 100 \u00e5rens verksamhet hos jubilarerna varit just fram\u00e5tsyftande och d\u00e4rmed inspirerande f\u00f6r programmakarna. De gamla s\u00e5dde n\u00e4r de var unga fr\u00f6na till den framtid som \u00e4r nu. De har d\u00e4rmed \u00e4ven varit grogrund f\u00f6r en stor del av det sjudande fria kulturlivet i Norrk\u00f6ping som d\u00e4rf\u00f6r bjuds in till s\u00e5vl Kulturparad 1 juni som till Performancehelgen i slutet av oktober.<\/p>\n<p><strong>Konstmuseet och Stadsbiblioteket har ett gemensamt ursprung.<\/strong> Presskonferensen h\u00e5lls i klassiska Wadstr\u00f6mska rummet i Villa Swarts, inte utan anledning. Den 22 oktober \u00e5r 1913 invigdes Villa Swartz som d\u00e5 blev ett allm\u00e4nhetens kulturhus med bibliotek p\u00e5 bottenv\u00e5ningen och konstsamling en trappa upp. Villa Swartz, boksamling och konstsamling var donationer, fr\u00e4mst av familjen Swartz men \u00e4ven andra medborgare fyllde raskt p\u00e5 i hyllorna och p\u00e5 v\u00e4ggarna.<\/p>\n<p>Till slut gick verksamheterna skilda v\u00e4gar, 1946 flyttade konstsamlingen in i nybygget tv\u00e4rs \u00f6ver Kristinaplatsen och biblioteket kunde breda ut sig i Villa Swartz fram till 1973 d\u00e5 det nuvarande huvudbyggnaden stod klar.<\/p>\n<p><strong>F\u00f6r den som vill se de fram\u00e5tsyftande verksamheterna i historiens ljus finns utst\u00e4llningar och programverksamhet.<\/strong> Stadsmuseet, om \u00e4n inte \u00e5rsbarn med jubilarerna, deltar aktivt och \u00f6ppnar utst\u00e4llning 1 juni. Med p\u00e5 vagnen \u00e4r ocks\u00e5 Cnema, som satsar p\u00e5 v\u00e4rldens b\u00e4sta svenska barnfilmer genom hundra \u00e5r.<\/p>\n<p>Kulturskolans pedagoger b\u00e5de backar upp andra institutioners verksamhet och genomf\u00f6r ett eget musikalprojekt, byggt p\u00e5 Shakespeares <em>Som ni vill ha det<\/em> med ungdomar i rollerna.<\/p>\n<p>Mer kommer, lovar akt\u00f6rerna, att fyllas p\u00e5 under det gemensamma jubileumsparaplyet <em>100 \u00e5r med staden som scen.<br \/>\nText och foto: Ann-Charlotte Sandelin<\/em><\/p>\n<p>&nbsp;<\/p>\n<p>L\u00c4NKAR<br \/>\nMed staden som scen <a title=\"Med staden som scen\" href=\"http:\/\/www.norrkoping.se\/kultur-fritid\/med-staden-som-scen\/ \" target=\"_blank\">hemsida <\/a><br \/>\nHistoriska \u00e5rtal <a title=\"historik\" href=\"http:\/\/www.nsb.norrkoping.se\/web\/norrkoping\/ombiblioteket\/historik\" target=\"_blank\">stadsbiblioteket <\/a><\/p>\n<p>FLER BILDER FR\u00c5N PRESSKONFERENSEN \u2013 KLICKA<\/p>\n<p>[flickr-gallery mode=&#8221;photoset&#8221; photoset=&#8221;72157633524622222&#8243;]<\/p>\n","protected":false},"excerpt":{"rendered":"<p>NORRK\u00d6PING N\u00e4r Norrk\u00f6pings kulturinstitutioner firar 100-\u00e5rsjubileum blickar de hellre fram\u00e5t \u00e4n dr\u00f6mmer sig bak\u00e5t. Kulturparaden under Kulturdagen 1 juni blir startskottet f\u00f6r ett firande som i h\u00f6g grad bjuder in kommunens unga medborgare. <a class=\"continue-reading-link\" href=\"https:\/\/www.kultursidan.nu\/?p=10107\">L\u00e4s mer <span class=\"meta-nav\">&rarr; <\/span><\/a><\/p>\n","protected":false},"author":1001006,"featured_media":0,"comment_status":"closed","ping_status":"open","sticky":false,"template":"","format":"standard","meta":{"_jetpack_memberships_contains_paid_content":false,"footnotes":""},"categories":[7],"tags":[35],"class_list":["post-10107","post","type-post","status-publish","format-standard","hentry","category-norrkoping","tag-jubileum"],"jetpack_featured_media_url":"","jetpack_sharing_enabled":true,"_links":{"self":[{"href":"https:\/\/www.kultursidan.nu\/index.php?rest_route=\/wp\/v2\/posts\/10107","targetHints":{"allow":["GET"]}}],"collection":[{"href":"https:\/\/www.kultursidan.nu\/index.php?rest_route=\/wp\/v2\/posts"}],"about":[{"href":"https:\/\/www.kultursidan.nu\/index.php?rest_route=\/wp\/v2\/types\/post"}],"author":[{"embeddable":true,"href":"https:\/\/www.kultursidan.nu\/index.php?rest_route=\/wp\/v2\/users\/1001006"}],"replies":[{"embeddable":true,"href":"https:\/\/www.kultursidan.nu\/index.php?rest_route=%2Fwp%2Fv2%2Fcomments&post=10107"}],"version-history":[{"count":0,"href":"https:\/\/www.kultursidan.nu\/index.php?rest_route=\/wp\/v2\/posts\/10107\/revisions"}],"wp:attachment":[{"href":"https:\/\/www.kultursidan.nu\/index.php?rest_route=%2Fwp%2Fv2%2Fmedia&parent=10107"}],"wp:term":[{"taxonomy":"category","embeddable":true,"href":"https:\/\/www.kultursidan.nu\/index.php?rest_route=%2Fwp%2Fv2%2Fcategories&post=10107"},{"taxonomy":"post_tag","embeddable":true,"href":"https:\/\/www.kultursidan.nu\/index.php?rest_route=%2Fwp%2Fv2%2Ftags&post=10107"}],"curies":[{"name":"wp","href":"https:\/\/api.w.org\/{rel}","templated":true}]}}