{"id":10119,"date":"2013-05-19T13:18:01","date_gmt":"2013-05-19T12:18:01","guid":{"rendered":"https:\/\/intelligent-friend-7861.standoutwp.com\/?p=10119"},"modified":"2013-07-17T09:44:32","modified_gmt":"2013-07-17T08:44:32","slug":"livingstones-barn-recension","status":"publish","type":"post","link":"https:\/\/www.kultursidan.nu\/?p=10119","title":{"rendered":"Livingstones barn p\u00e5 hemmet (recension)"},"content":{"rendered":"<p><a href=\"http:\/\/www.flickr.com\/photos\/kultursidan\/8752898901\/\" title=\"Livingstones barn by Kultursidan, on Flickr\"><img loading=\"lazy\" decoding=\"async\" src=\"http:\/\/farm3.staticflickr.com\/2855\/8752898901_2a4ded6a59.jpg\" width=\"500\" height=\"373\" alt=\"Livingstones barn\"><\/a><\/p>\n<p><em>I fantasin \u00e4r vi alla concorde-plan.<\/em><\/p>\n<p>&nbsp;<\/p>\n<h1><span style=\"color: #ff0000;\">De bortgl\u00f6mda barnen<\/span><\/h1>\n<p>&nbsp;<\/p>\n<p><strong>Ett bortgl\u00f6mt barnhem n\u00e5gonstans i v\u00e4rlden. I Sverige s\u00e4ger ett av barnen, men det skulle kunna vara var som helst.<\/strong> V\u00e4rlden har f\u00f6rlorat sina referensramar och barnen v\u00e4ntar i ett limbo p\u00e5 att bli ih\u00e5gkomna och h\u00e4mtade.<\/p>\n<p>Dagarna avl\u00f6ser dagarna f\u00f6r de enda tre barnen som \u00e4r kvar och mellan tandborstning och l\u00e4ggdags leker de; leker och leker. Allvaret smyger sig p\u00e5, men ingen m\u00e4rker \u2013 de \u00e4r ju barn, allting kommer bli bra till slut.<\/p>\n<p>Ingen av dem vet hur l\u00e4nge de varit d\u00e4r, i n\u00e5gra hundra \u00e5r kanske? Den enda vetskapen om v\u00e4rlden kommer ur den enda boken de har, boken om dr Livingstones \u00e4ventyr. Genom den har de samlat p\u00e5 sig sporadiska men statiska kunskaper, men varken vi eller de vet vad som p\u00e5g\u00e5r utanf\u00f6r barnhemmets v\u00e4ggar. S\u00e5 en dag kommer ett fr\u00e4mmande barn och skakar om deras noggrant arrangerade verklighet. Pl\u00f6tsligt \u00e4r det n\u00e5gon som inte vill f\u00f6lja reglerna, som inte vill sova, som inte vill borsta t\u00e4nderna och som s\u00e4ger att ingen n\u00e5gonsin kommer att h\u00e4mta dem igen.<\/p>\n<p><strong>Pj\u00e4sen \u00e4r efter manus av Isa Sch\u00f6ier och i regi av Sofia Sp\u00e5ngberg och Fredrik Wikberg. I rollerna som Livingstones barn ser vi Emma Wiklund, Linus K\u00e4llman, Mattias Nyl\u00e9n och Daniel Viklund.<\/strong> De g\u00e5r alla p\u00e5 Marieborgs folkh\u00f6gskola, vars v\u00e5rprogram startat i samband med Norrk\u00f6pings teaterfestival och spelas p\u00e5 Teater Br\u00e5ddgatan 34.<\/p>\n<p><strong>F\u00f6rst \u00e4r det lite sv\u00e5rt att se barnen i de vuxna kropparna p\u00e5 scenen. Men ganska snart blir de till de kvargl\u00f6mda barnen.<\/strong> De f\u00f6ljer regler n\u00e5gon, som \u00e4r borta sedan l\u00e4nge, satt upp f\u00f6r dem och l\u00e5ter fantasin fylla resten av tiden. Eftersom tidsrymden \u00e4r os\u00e4ker blir jag ibland os\u00e4ker p\u00e5 hur gamla de egentligen \u00e4r. Deras minnen har blandats med \u00f6nskningar, men ibland tr\u00e4nger insikterna upp till ytan. Dock trycks de snabbt undan igen \u2013 de \u00e4r ju barn. F\u00f6r vad skulle de annars vara?<\/p>\n<p><strong>F\u00f6r mig bidrar ambivalensen till upplevelsen. Det \u00e4r glatt och allvarligt, barnsligt och vuxet p\u00e5 samma g\u00e5ng. Ber\u00e4ttelsen blir m\u00f6rkare och allvarligare vartefter pj\u00e4sen fortskrider, och skratten fastnar i halsen<\/strong>. Vad \u00e4r det egentligen som h\u00e4nt med v\u00e4rlden d\u00e4rute? Det nyanl\u00e4nda barnet talade om folkmassorna, om folkmassorna d\u00e4r n\u00e5gon d\u00f6tt. Finns det n\u00e5gon v\u00e4rld kvar alls?<\/p>\n<p><strong>Sk\u00e5despeleriet v\u00e4xer i takt med pj\u00e4sens utveckling, och i slutet appl\u00e5deras de in av en hurrande publik. V\u00e4lf\u00f6rtj\u00e4nt tycker jag.<\/strong> P\u00e5 v\u00e4gen hem t\u00e4nker jag p\u00e5 barnen, p\u00e5 den d\u00e4r mystiska v\u00e4rlden utanf\u00f6r. Det finns m\u00e5nga m\u00f6jliga utkomster, och det k\u00e4nns fint att undra \u2013 att sj\u00e4lv f\u00e5 fundera p\u00e5 de bortgl\u00f6mda barnens slutgiltiga \u00f6de.<\/p>\n<p><em>\u00a0Text och foto: Karolina Nilsson<\/em><\/p>\n<p>&nbsp;<\/p>\n<ul>\n<li>\n<h3><strong>TEATERFESTIVALEN Norrk\u00f6ping<\/strong><\/h3>\n<\/li>\n<li><em>19 maj 2013<br \/>\n<\/em><strong>Livingstones barn<br \/>\n<\/strong>av Isa Sch\u00f6ier<br \/>\nRegi: Sofia Sp\u00e5ngberg och Fredrik Wikberg<\/li>\n<li><strong><\/strong>MEDVERKANDE<br \/>\nEmma Wiklund, Linus K\u00e4llman, Mattias Nyl\u00e9n, Daniel Viklund<\/li>\n<\/ul>\n<p>L\u00c4NKAR<br \/>\nSpelprogram Marieborgs folkh\u00f6gskola <a href=\"http:\/\/www.marieborg.net\/varens-pjaser-pa-gang\/\" target=\"_blank\">hemsida<\/a><br \/>\nMarieborgs folkh\u00f6gskola<a href=\"http:\/\/www.marieborg.net\/\" target=\"_blank\"> hemsida<\/a><br \/>\nNorrk\u00f6pings Teaterfestival\u00a0<a title=\"Teaterfestivalen\" href=\"http:\/\/www.kvartersteatern.com\/Kvartersteatern_i_Norrkoping\/Teaterfestivalen_2013.html\" target=\"_blank\">hemsida<br \/>\n<\/a>B\u00e4ttre med en stor Teaterfestival i Norrk\u00f6ping\u00a0<a title=\"B\u00e4ttre med en stor Teaterfestival i Norrk\u00f6ping (reportage)\" href=\"https:\/\/www.kultursidan.nu\/?p=9734\" target=\"_blank\">reportage<\/a>\u00a0Kultursidan.nu 15\/4 2013<br \/>\nTeater Br\u00e5ddgatan 34<a href=\"http:\/\/www.kulturkammaren.se\/\" target=\"_blank\"> hemsida\u00a0<\/a><\/p>\n<p>FLER BILDER FR\u00c5N F\u00d6REST\u00c4LLNINGEN \u2013 KLICKA<\/p>\n<p>[flickr-gallery mode=&#8221;photoset&#8221; photoset=&#8221;72157633532991526&#8243;]<\/p>\n","protected":false},"excerpt":{"rendered":"<p>NORRK\u00d6PING Ett barnhem n\u00e5gonstans i en ganska n\u00e4ra framtid. Tre kvargl\u00f6mda barn blir fyra, och barndomens fantasiv\u00e4rld b\u00f6rjar sakta krackelera i pj\u00e4sen dunkla v\u00e4rld. Vad har h\u00e4nt och vad finns utanf\u00f6r barnhemmets v\u00e4ggar? <a class=\"continue-reading-link\" href=\"https:\/\/www.kultursidan.nu\/?p=10119\">L\u00e4s mer <span class=\"meta-nav\">&rarr; <\/span><\/a><\/p>\n","protected":false},"author":1001006,"featured_media":0,"comment_status":"closed","ping_status":"open","sticky":false,"template":"","format":"standard","meta":{"_jetpack_memberships_contains_paid_content":false,"footnotes":""},"categories":[7],"tags":[29,12],"class_list":["post-10119","post","type-post","status-publish","format-standard","hentry","category-norrkoping","tag-festival","tag-teater"],"jetpack_featured_media_url":"","jetpack_sharing_enabled":true,"_links":{"self":[{"href":"https:\/\/www.kultursidan.nu\/index.php?rest_route=\/wp\/v2\/posts\/10119","targetHints":{"allow":["GET"]}}],"collection":[{"href":"https:\/\/www.kultursidan.nu\/index.php?rest_route=\/wp\/v2\/posts"}],"about":[{"href":"https:\/\/www.kultursidan.nu\/index.php?rest_route=\/wp\/v2\/types\/post"}],"author":[{"embeddable":true,"href":"https:\/\/www.kultursidan.nu\/index.php?rest_route=\/wp\/v2\/users\/1001006"}],"replies":[{"embeddable":true,"href":"https:\/\/www.kultursidan.nu\/index.php?rest_route=%2Fwp%2Fv2%2Fcomments&post=10119"}],"version-history":[{"count":0,"href":"https:\/\/www.kultursidan.nu\/index.php?rest_route=\/wp\/v2\/posts\/10119\/revisions"}],"wp:attachment":[{"href":"https:\/\/www.kultursidan.nu\/index.php?rest_route=%2Fwp%2Fv2%2Fmedia&parent=10119"}],"wp:term":[{"taxonomy":"category","embeddable":true,"href":"https:\/\/www.kultursidan.nu\/index.php?rest_route=%2Fwp%2Fv2%2Fcategories&post=10119"},{"taxonomy":"post_tag","embeddable":true,"href":"https:\/\/www.kultursidan.nu\/index.php?rest_route=%2Fwp%2Fv2%2Ftags&post=10119"}],"curies":[{"name":"wp","href":"https:\/\/api.w.org\/{rel}","templated":true}]}}