{"id":1020,"date":"2011-02-03T12:15:01","date_gmt":"2011-02-03T10:15:01","guid":{"rendered":"https:\/\/intelligent-friend-7861.standoutwp.com\/?p=1020"},"modified":"2020-10-28T19:41:08","modified_gmt":"2020-10-28T18:41:08","slug":"frukost-pa-arbetets-museum","status":"publish","type":"post","link":"https:\/\/www.kultursidan.nu\/?p=1020","title":{"rendered":"Frukost p\u00e5 Arbetets Museum"},"content":{"rendered":"<p><img loading=\"lazy\" decoding=\"async\" class=\"alignnone\" src=\"https:\/\/live.staticflickr.com\/4114\/5413005880_c5067a0440.jpg\" alt=\"Frankrike, detalj\" width=\"500\" height=\"352\" \/><br \/>\n<em>Fransk frukost, detalj. Oliver Schwartzwald leker med \u201dtypiska\u201d nationaldrag i fotosviten Frukost.<\/em><\/p>\n<p>&nbsp;<\/p>\n<h1><span style=\"color: #ff0000;\">God morgon!<\/span><\/h1>\n<p>&nbsp;<\/p>\n<p><strong>Surrealismens om\u00f6jliga elegans i fotografiets form.<\/strong> Det visar fotografen <a title=\"Oliver Schwarzwald, fotograf\" href=\"http:\/\/www.oliverschwarzwald.de\/\" target=\"_blank\" rel=\"noopener noreferrer\">Oliver Schwarzwald<\/a> i fotosviten <em>Frukost<\/em> som nu kan ses p\u00e5 Hyllan p\u00e5 <a title=\"Arbetets museum\" href=\"http:\/\/www.arbetetsmuseum.se\" target=\"_blank\" rel=\"noopener noreferrer\">Arbetets museum<\/a>, en halvtrappa upp fr\u00e5n entreplanets stora utst\u00e4llning <em><a title=\"A Taste of Europe \u2013 vi \u00e4r vad vi \u00e4ter\" href=\"https:\/\/www.kultursidan.nu\/?p=1000\" target=\"_blank\" rel=\"noopener noreferrer\">A Taste of Europe \u2013 vi \u00e4r vad vi \u00e4ter<\/a>.<\/em><\/p>\n<p><strong>Frilansfotografen Oliver Schwarzwald g\u00f6r minuti\u00f6sa f\u00f6rberedelser,<\/strong> ofta i samarbete med stylister, oavsett om han g\u00f6r reklam f\u00f6r parfym eller g\u00f6r matreportage f\u00f6r en stor tidning.<\/p>\n<p>Han har blivit expert p\u00e5 stilleben, och h\u00e4mtar fritt inspiration ur konsthistorien, fr\u00e5n 1600-talets holl\u00e4ndska m\u00e4stare och fram\u00e5t.<\/p>\n<p>Ett personligt intresse f\u00f6r mat har lett till flera fotoprojekt varav <em>Frukost<\/em> \u00e4r ett, ursprungligen p\u00e5 uppdrag av det tyska magasinet <a title=\"Feld Hommes, tyskt herrmagasin\" href=\"http:\/\/www.feldhommes.de\/\" target=\"_blank\" rel=\"noopener noreferrer\">Feld Hommes<\/a>. Sviten best\u00e5r av sju fotografier, i princip ett p\u00e5 var v\u00e4gg i det lilla utst\u00e4llningsrummet.<\/p>\n<p>&nbsp;<\/p>\n<p><img loading=\"lazy\" decoding=\"async\" class=\"alignnone\" src=\"https:\/\/live.staticflickr.com\/5256\/5413006072_d78b6960c9_n.jpg\" alt=\"Frukost p\u00e5 Hyllan\" width=\"320\" height=\"200\" \/> <img loading=\"lazy\" decoding=\"async\" class=\"alignnone\" src=\"https:\/\/live.staticflickr.com\/4148\/5412395221_4a387b9b26_q.jpg\" alt=\"Sverige\" width=\"150\" height=\"150\" \/><br \/>\n<em>Frukost p\u00e5 Hyllan, Arbetets museum. Svensk frukost.<br \/>\n<\/em><\/p>\n<p>&nbsp;<\/p>\n<p><strong>Varf\u00f6r just Sverige hedrats med ett frukostportr\u00e4tt bland s\u00e5 f\u00e5 som sju kan man fundera \u00f6ver.<\/strong> Men det underl\u00e4ttar tolkningen av de nationella frukostarna. Lika litet som det \u00e4r en sanning att svensken \u00e4ter sill och kn\u00e4ckebr\u00f6d till frukost \u00e4r det hugget i sten att ryssen v\u00e4ljer svart rom och inlagd gurka. Men det g\u00f6r sig p\u00e5 bild, inte minst med cigarettr\u00f6ken som ringlar upp mot den sv\u00e4vande franska croissanten.<\/p>\n<p><strong>Mot en sober bakgrund avtecknas livsmedlen,<\/strong> g\u00e4rna travade p\u00e5 varandra. Inte en tallrik, inte ett glas. \u00c4nd\u00e5 h\u00e5ller det rykande kaffet formen om \u00e4n det brittiska teet ligger omkullv\u00e4lt tillsammans med det stekta \u00e4gget medan korvar och rostade br\u00f6dskivor sv\u00e4var i det klara sidoljuset. Det \u00e4r dekorativt och lekfullt, intill det om\u00f6jligas gr\u00e4ns.<\/p>\n<p>&nbsp;<\/p>\n<p><img loading=\"lazy\" decoding=\"async\" class=\"alignnone\" src=\"https:\/\/live.staticflickr.com\/5057\/5413005736_a46b6eb08f_q.jpg\" alt=\"Storbritannien, detalj\" width=\"150\" height=\"150\" \/><br \/>\n<img loading=\"lazy\" decoding=\"async\" class=\"alignnone\" src=\"https:\/\/live.staticflickr.com\/5140\/5413006150_a2b8e00355_n.jpg\" alt=\"Asien\" width=\"320\" height=\"213\" \/><br \/>\n<em>\u00d6verst, detalj fr\u00e5n Storbritannien.<\/em><\/p>\n<p>&nbsp;<\/p>\n<p><strong>Oliver Schwarzwald \u00e4r f\u00f6dd 1973 i Gdansk<\/strong> och har arbetat som frilansfotograf sedan 1996. Idag \u00e4r han bosatt i Hamburg och arbetar f\u00f6r flera av de stora reklambyr\u00e5erna i Tyskland, Frankrike och \u00f6stra Europa. Hans bilder publiceras i internationella magasin som Tush, Viewpoint och Feld Hommes. Oliver Schwarzwald har vunnit flera priser, bland annat Lead Award 2004.<\/p>\n<p><em>Text: Ann-Charlotte Sandelin<br \/>\nFoto: Sven \u00c5ke Molund och Ann-Charlotte Sandelin<\/em><\/p>\n<ul>\n<li>\n<h3>ARBETETS MUSEUM\u00a0 Norrk\u00f6ping<\/h3>\n<\/li>\n<li><em>1 februari \u2013 17 april 2011<\/em><\/li>\n<li><strong>Frukost<\/strong><br \/>\nFotoutst\u00e4llning av Oliver Schwarzwald<\/li>\n<\/ul>\n","protected":false},"excerpt":{"rendered":"<p>NORRK\u00d6PING Hungrig? P\u00e5 Hyllan serveras en rad frukostar av olika karakt\u00e4r. Fast bara p\u00e5 bild. Reklam- och featurefotografen Oliver Schwarzwald visar en serie l\u00e4ckra och lekfulla frukoststilleben. <a class=\"continue-reading-link\" href=\"https:\/\/www.kultursidan.nu\/?p=1020\">L\u00e4s mer <span class=\"meta-nav\">&rarr; <\/span><\/a><\/p>\n","protected":false},"author":1001006,"featured_media":0,"comment_status":"open","ping_status":"open","sticky":false,"template":"","format":"standard","meta":{"_jetpack_memberships_contains_paid_content":false,"footnotes":""},"categories":[7],"tags":[17],"class_list":["post-1020","post","type-post","status-publish","format-standard","hentry","category-norrkoping","tag-foto"],"jetpack_featured_media_url":"","jetpack_sharing_enabled":true,"_links":{"self":[{"href":"https:\/\/www.kultursidan.nu\/index.php?rest_route=\/wp\/v2\/posts\/1020","targetHints":{"allow":["GET"]}}],"collection":[{"href":"https:\/\/www.kultursidan.nu\/index.php?rest_route=\/wp\/v2\/posts"}],"about":[{"href":"https:\/\/www.kultursidan.nu\/index.php?rest_route=\/wp\/v2\/types\/post"}],"author":[{"embeddable":true,"href":"https:\/\/www.kultursidan.nu\/index.php?rest_route=\/wp\/v2\/users\/1001006"}],"replies":[{"embeddable":true,"href":"https:\/\/www.kultursidan.nu\/index.php?rest_route=%2Fwp%2Fv2%2Fcomments&post=1020"}],"version-history":[{"count":2,"href":"https:\/\/www.kultursidan.nu\/index.php?rest_route=\/wp\/v2\/posts\/1020\/revisions"}],"predecessor-version":[{"id":42598,"href":"https:\/\/www.kultursidan.nu\/index.php?rest_route=\/wp\/v2\/posts\/1020\/revisions\/42598"}],"wp:attachment":[{"href":"https:\/\/www.kultursidan.nu\/index.php?rest_route=%2Fwp%2Fv2%2Fmedia&parent=1020"}],"wp:term":[{"taxonomy":"category","embeddable":true,"href":"https:\/\/www.kultursidan.nu\/index.php?rest_route=%2Fwp%2Fv2%2Fcategories&post=1020"},{"taxonomy":"post_tag","embeddable":true,"href":"https:\/\/www.kultursidan.nu\/index.php?rest_route=%2Fwp%2Fv2%2Ftags&post=1020"}],"curies":[{"name":"wp","href":"https:\/\/api.w.org\/{rel}","templated":true}]}}