{"id":1024,"date":"2011-02-05T22:06:25","date_gmt":"2011-02-05T20:06:25","guid":{"rendered":"https:\/\/intelligent-friend-7861.standoutwp.com\/?p=1024"},"modified":"2021-03-14T16:54:06","modified_gmt":"2021-03-14T15:54:06","slug":"historien-om-en-flicka-med-teater-fenix","status":"publish","type":"post","link":"https:\/\/www.kultursidan.nu\/?p=1024","title":{"rendered":"Historien om en flicka med Teater Fenix"},"content":{"rendered":"<p><img loading=\"lazy\" decoding=\"async\" class=\"alignnone\" src=\"https:\/\/live.staticflickr.com\/5294\/5418851257_c2e3c4c6a5.jpg\" alt=\"Armina sover. I rollen \u00c5sa Forsberg.\" width=\"500\" height=\"281\" \/><br \/>\n<em>Fem sekunder kvar. Hon vet inte att strax ska livet f\u00f6r\u00e4ndras f\u00f6r alltid.<\/em><\/p>\n<p><iframe loading=\"lazy\" src=\"https:\/\/www.youtube.com\/embed\/PQHllxILZjQ\" width=\"560\" height=\"315\" frameborder=\"0\" allowfullscreen=\"allowfullscreen\"><\/iframe><br \/>\n<em>Historien om en flicka med Teater Fenix. Film 2:55 min.<\/em><\/p>\n<p>&nbsp;<\/p>\n<h1><span style=\"color: #ff0000;\">P\u00e5 flykt med musiken<\/span><\/h1>\n<p>&nbsp;<\/p>\n<p><strong>\u00c5tta \u00e5r och redan p\u00e5 flykt undan hemliga polisen.<\/strong> Gosekaninen fick inte plats utan m\u00e5ste stanna kvar. Och hur gick det sedan?<\/p>\n<p><a title=\"Teater Fenix\" href=\"http:\/\/www.teaterfenix.se\" target=\"_blank\" rel=\"noopener\">Teater Fenix<\/a> \u00e4r \u00e4ntligen framme vid premi\u00e4ren p\u00e5 <em>Historien om en flicka \u2013 en vild f\u00f6rest\u00e4llning om att fly f\u00f6r att man m\u00e5ste<\/em>. Manus har sk\u00e5despelarna, Martin \u00d6ster och \u00c5sa Forsberg, arbetat fram tillsammans medan <a title=\"Ika Nord\" href=\"http:\/\/www.ikanord.com\/\" target=\"_blank\" rel=\"noopener\">Ika Nord<\/a> st\u00e5r f\u00f6r regin.<\/p>\n<p>\u2013 Vi har l\u00e4st, och vi har intervjuat folk och vi har l\u00e4st utredningar om hur barn har det p\u00e5 flyktingf\u00f6rl\u00e4ggningar, ber\u00e4ttar \u00c5sa Forsberg som spelar huvudrollen.<\/p>\n<p>\u2013 Sen hade vi skrivstafett under sommaren och skrev texter till varandra, Martin och jag. Och sedan b\u00f6rjade vi\u00a0 improvisera runt det i h\u00f6stas.<\/p>\n<p>Det \u00e4r inte f\u00f6rr\u00e4n p\u00e5 slutet som historien knutits ihop och manuset blivit klart, som ett slutresultat vid sidan av sj\u00e4lva f\u00f6rest\u00e4llningen.<\/p>\n<p><strong>Inte bara sk\u00e5despelarna st\u00e5r p\u00e5 scenen.<\/strong> Fem tr\u00e4bl\u00e5sare, Crusellkvintetten, fr\u00e5n <a title=\"\u00d6stg\u00f6tamusiken\" href=\"http:\/\/www.ostgotamusiken.se\/\" target=\"_blank\" rel=\"noopener\">\u00d6stg\u00f6tamusiken<\/a> finns ocks\u00e5 d\u00e4r. Ibland lite mer i bakgrunden, ibland \u00e4r de p\u00e5 fest och spelar upp till dans. Musiken har skrivits direkt f\u00f6r f\u00f6rest\u00e4llningen av Ola Fagrell. Nu n\u00e4r han ser och h\u00f6r resultatet \u00e4r han n\u00f6jd.<\/p>\n<p>\u2013 Det finns ju en del saker som man k\u00e4nner att man vill peta i, men musiken har redan b\u00f6rjat leva sitt eget liv lite grann. Och musikerna har gjort om en del och lagt till en del, placerat in och klippt upp, f\u00f6rklarar Ola Fagrell.<\/p>\n<p><strong>Premi\u00e4r p\u00e5 <a title=\"Kulturkammaren\" href=\"http:\/\/www.kulturkammaren.se\" target=\"_blank\" rel=\"noopener\">Kulturkammaren<\/a> nu p\u00e5 s\u00f6ndag, <\/strong>och sedan \u00f6ppna f\u00f6rest\u00e4llningar m\u00e5ndag och onsdag innan f\u00f6rest\u00e4llningen \u00e4r redo f\u00f6r turn\u00e9 p\u00e5 skolor, f\u00f6rskolor och bygdeg\u00e5rdar runt om i \u00d6sterg\u00f6tland.<\/p>\n<p><em>Text, film och foto: Ann-Charlotte Sandelin<\/em><\/p>\n<p><em>\u00a0<\/em><\/p>\n<ul>\n<li>\n<h3>KULTURKAMMAREN Norrk\u00f6ping<\/h3>\n<\/li>\n<li><em>s\u00f6ndag 6 februari\u00a0 2011 kl 15.00 PREMI\u00c4R<\/em><\/li>\n<li><em>m\u00e5ndag 7 februari 2011 kl 9.00 &amp; 10.15<\/em><!-- @font-face { font-family: \"Calibri\"; }@font-face { font-family: \"Cambria\"; }p.MsoNormal, li.MsoNormal, div.MsoNormal { margin: 0cm 0cm 0.0001pt; font-size: 12pt; font-family: \"Times New Roman\"; }div.Section1 { page: Section1; } --><\/li>\n<li><em>onsdag 9 februari 2011 kl.\u00a09.00 &amp;10.15<\/em><\/li>\n<li><strong>Historien om en flicka<\/strong><\/li>\n<li>Teater Fenix<\/li>\n<li>Regi: Ika Nord<br \/>\nMusik: Ola Fagrell<br \/>\nScenografi: Benita Bergfeldt-L\u00f6fgren<\/li>\n<li>Medverkande: \u00c5sa Forsberg, Martin \u00d6ster och Crusellkvintetten<\/li>\n<\/ul>\n","protected":false},"excerpt":{"rendered":"<p>NORRK\u00d6PING \u00c5tta \u00e5r och redan p\u00e5 flykt undan hemliga polisen. Gosekaninen fick inte plats utan m\u00e5ste stanna kvar. Och hur gick det sedan? Teater Fenix samarbetar med \u00d6stg\u00f6tamusiken i sin nya pj\u00e4s. <a class=\"continue-reading-link\" href=\"https:\/\/www.kultursidan.nu\/?p=1024\">L\u00e4s mer <span class=\"meta-nav\">&rarr; <\/span><\/a><\/p>\n","protected":false},"author":1001006,"featured_media":0,"comment_status":"open","ping_status":"open","sticky":false,"template":"","format":"standard","meta":{"_jetpack_memberships_contains_paid_content":false,"footnotes":""},"categories":[7,1],"tags":[37,12],"class_list":["post-1024","post","type-post","status-publish","format-standard","hentry","category-norrkoping","category-okategoriserade","tag-barnkultur","tag-teater"],"jetpack_featured_media_url":"","jetpack_sharing_enabled":true,"_links":{"self":[{"href":"https:\/\/www.kultursidan.nu\/index.php?rest_route=\/wp\/v2\/posts\/1024","targetHints":{"allow":["GET"]}}],"collection":[{"href":"https:\/\/www.kultursidan.nu\/index.php?rest_route=\/wp\/v2\/posts"}],"about":[{"href":"https:\/\/www.kultursidan.nu\/index.php?rest_route=\/wp\/v2\/types\/post"}],"author":[{"embeddable":true,"href":"https:\/\/www.kultursidan.nu\/index.php?rest_route=\/wp\/v2\/users\/1001006"}],"replies":[{"embeddable":true,"href":"https:\/\/www.kultursidan.nu\/index.php?rest_route=%2Fwp%2Fv2%2Fcomments&post=1024"}],"version-history":[{"count":4,"href":"https:\/\/www.kultursidan.nu\/index.php?rest_route=\/wp\/v2\/posts\/1024\/revisions"}],"predecessor-version":[{"id":42708,"href":"https:\/\/www.kultursidan.nu\/index.php?rest_route=\/wp\/v2\/posts\/1024\/revisions\/42708"}],"wp:attachment":[{"href":"https:\/\/www.kultursidan.nu\/index.php?rest_route=%2Fwp%2Fv2%2Fmedia&parent=1024"}],"wp:term":[{"taxonomy":"category","embeddable":true,"href":"https:\/\/www.kultursidan.nu\/index.php?rest_route=%2Fwp%2Fv2%2Fcategories&post=1024"},{"taxonomy":"post_tag","embeddable":true,"href":"https:\/\/www.kultursidan.nu\/index.php?rest_route=%2Fwp%2Fv2%2Ftags&post=1024"}],"curies":[{"name":"wp","href":"https:\/\/api.w.org\/{rel}","templated":true}]}}