{"id":10270,"date":"2013-05-28T17:04:50","date_gmt":"2013-05-28T16:04:50","guid":{"rendered":"https:\/\/intelligent-friend-7861.standoutwp.com\/?p=10270"},"modified":"2013-07-17T09:51:20","modified_gmt":"2013-07-17T08:51:20","slug":"interaktivt-ljud-med-ksm-pa-konstforum-reportage","status":"publish","type":"post","link":"https:\/\/www.kultursidan.nu\/?p=10270","title":{"rendered":"Interaktivt ljud med KSM p\u00e5 Konstforum (reportage)"},"content":{"rendered":"<p><a href=\"http:\/\/www.flickr.com\/photos\/kultursidan\/8867646685\/\" title=\"En bes\u00f6kare inne i rummet r\u00f6r sig med och mot den svarta h\u00f6gtalaren i h\u00f6rnet. by Kultursidan, on Flickr\"><img loading=\"lazy\" decoding=\"async\" src=\"http:\/\/farm8.staticflickr.com\/7292\/8867646685_9ff0b28c70.jpg\" width=\"500\" height=\"333\" alt=\"En bes\u00f6kare inne i rummet r\u00f6r sig med och mot den svarta h\u00f6gtalaren i h\u00f6rnet.\"><\/a><\/p>\n<p><em>R\u00f6relse m\u00f6ter ljud. I installationen [P\u00e5s:tju:d] l\u00e5ter KSM-studenterna bes\u00f6karen pr\u00f6va hur r\u00f6relsen p\u00e5verkar ljudet alternativt hur ljudet p\u00e5verkar r\u00f6relsen.<\/em><\/p>\n<p>&nbsp;<\/p>\n<h1><span style=\"color: #ff0000;\"><strong>Att m\u00f6ta ett ljud<\/strong><\/span><\/h1>\n<p><strong>\u00a0<\/strong><\/p>\n<p><strong>N\u00e4r ljud m\u00f6ter bes\u00f6kare p\u00e5 Konstforum kanske en del fr\u00e5getecken uppst\u00e5r eller s\u00e5 hamnar bes\u00f6karen i ljudets dovt dunkande omfamning. <\/strong>Det \u00e4r just m\u00f6te och medverkan som \u00e4r ledorden f\u00f6r det examensarbete som Rikard Nor\u00e9n och Ola Gr\u00f6nqvist har utformat som en ljudinstallation.<\/p>\n<p>B\u00e5da studenterna kommer fr\u00e5n Stockholm och har musik som intresse. D\u00e4rut\u00f6ver spelar Rikard teater medan Ola har intresserat sig f\u00f6r friluftsliv. F\u00f6rra terminen str\u00e5lade de samman p\u00e5 den frist\u00e5ende kursen Ljudkultur vid KSM, Kultur Media Samh\u00e4llsgestaltning, vid Link\u00f6pings universitet.<\/p>\n<p><strong>Ljudinstallationen <\/strong>[P\u00e5s:tju:d] <strong>p\u00e5 Konstforum \u00e4r en vidareutveckling av ett tidigare liknande projekt.<\/strong> D\u00e5 blev m\u00f6tet mellan ljud och bes\u00f6kare intensivt. Det t\u00e4njde gr\u00e4nsen f\u00f6r vad b\u00e5de installationsmakarna kunde leverera och vad bes\u00f6karna kunde uttrycka. Den h\u00e4r g\u00e5ngen g\u00e5r installationen i stillhetens tecken. Meningen \u00e4r att bes\u00f6karen inte ska beh\u00f6va vara s\u00e5 expressiv utan mer utforskande, kanske uppt\u00e4cka sig sj\u00e4lv i rummet.<\/p>\n<p><strong>S\u00e5 l\u00e5ngt den information jag fick p\u00e5 f\u00f6rhand av Rikard Nor\u00e9n och Ola Gr\u00f6nqvist<\/strong>. Och medan jag sitter d\u00e4r p\u00e5 en b\u00e4nk i trappuppg\u00e5ngen och v\u00e4ntar p\u00e5 att studenternas arbete ska g\u00f6ra det m\u00f6jligt att bes\u00f6ka sj\u00e4lva installationsrummet fylls hallen av helt andra toner. Det \u00e4r Konstforums egen s\u00e5ngf\u00e5gel Maria Holm som med klar och fin st\u00e4mma h\u00e4lsar v\u00e5ren v\u00e4lkommen med s\u00e5ngen <em>Nu gr\u00f6nskar det<\/em>. S\u00e5 r\u00e4tt hon har i sin spontana s\u00e5ng! Tr\u00e4dens gr\u00f6nska utanf\u00f6r och knopparnas bulliga utseende vittnar ju om v\u00e5r, v\u00e5r, V\u00c5R.<\/p>\n<p><strong>D\u00e5 s\u00e5, var mekandet klart<\/strong>. Rummet f\u00e5r betr\u00e4das. Tv\u00e5 stora h\u00f6gtalare st\u00e5r i varsitt h\u00f6rn och en lapp med n\u00e5gra instruktioner h\u00e4nger p\u00e5 v\u00e4ggen. Under 30 sekunder ska bes\u00f6karen kunna p\u00e5verka ljudet, sedan ska ljudet frysas i ytterligare 30 sekunder. Ett plingande avbryter perioderna (som jag n\u00e4stan genast blandar ihop).<\/p>\n<p>Jag vet att Rikard och Ola sitter i n\u00e4rheten och styr ljuden. Men l\u00e5ter de sig p\u00e5verkas av mina r\u00f6relser? Ljudet som l\u00e5ter som en motor brummar obekymrat vidare medan jag viftar med f\u00f6tterna, str\u00e4cker armarna i luften och g\u00e5r kors och tv\u00e4rs \u00f6ver golvet. N\u00e5gon g\u00e5ng uppst\u00e5r ett litet ljud som om n\u00e5gon drillar ett kvitter. Strax f\u00e5r jag s\u00e4llskap i installationen. Efter lite informationsv\u00e4xlande och gemensamma f\u00f6rs\u00f6k att p\u00e5verka ljudet (som envist brummar vidare som en motor) h\u00e4nder n\u00e5got. Brummandet forts\u00e4tter men nu inte l\u00e4ngre som en motor utan mer meditativt.<\/p>\n<p>Medbes\u00f6karen vaggar till den dova tonen. Det p\u00e5verkar mig till att g\u00f6ra likadant. Tyngd p\u00e5 ena foten. Tyngd p\u00e5 den andra. Brummandet f\u00f6ljer fotintervallen i sin intensitet (fast troligen \u00e4r det v\u00e4l tv\u00e4rtom). Det k\u00e4nns bra. Lugnt. Tryggt. Avslappnande. Det k\u00e4nns som vila, vila i sig sj\u00e4lv. Och ljudet blir till en omslutande omfamning. \u00c4r brummandet inne i mig eller \u00e4r det utanf\u00f6r?<\/p>\n<p><strong>Den som vill prova sj\u00e4lv har ytterligare en m\u00f6jlighet<\/strong> <strong>p\u00e5 fredag<\/strong> d\u00e5 installationen [P\u00e5s:tju:d] \u00e5terigen blir aktiv \u2013 om bes\u00f6karen deltar.<\/p>\n<p><em>Text: Carina Johansson<br \/>\nFoto: Ann-Charlotte Sandelin\u2028<\/em><\/p>\n<p>&nbsp;<\/p>\n<ul>\n<li>\n<h3>KONSTFORUM Norrk\u00f6ping<\/h3>\n<\/li>\n<li><em>27 maj och 31 maj 2013<br \/>\n<\/em><strong>[P\u00e5s:tju:d] \u2013<\/strong> <strong>en interaktiv ljudinstallation<\/strong><br \/>\nRikard Nor\u00e9n och Ola Gr\u00f6nqvist, KSM<\/li>\n<\/ul>\n<p>L\u00c4NKAR<br \/>\nKonstforum <a title=\"Konstforum\" href=\"http:\/\/www.konstforumnorrkoping.se\" target=\"_blank\">hemsida <\/a><br \/>\nKSM <a title=\"KSM\" href=\"https:\/\/www.isak.liu.se\/ksm?l=sv\" target=\"_blank\">hemsida <\/a><\/p>\n<p>FLER BILDER FR\u00c5N UTST\u00c4LLNINGEN \u2013 KLICKA<\/p>\n<p>[flickr-gallery mode=&#8221;photoset&#8221; photoset=&#8221;72157633764535034&#8243;]<\/p>\n","protected":false},"excerpt":{"rendered":"<p>NORRK\u00d6PING Vad h\u00e4nder i m\u00f6tet mellan ljud och bes\u00f6kare? Det f\u00f6rs\u00f6ker Rikard Nor\u00e9n och Ola Gr\u00f6nqvist ta reda p\u00e5 i sitt examensarbete [P\u00e5s:tju:d] som de gjort till en interaktiv installation. P\u00e5 fredag kan den som vill utforska eller leka fram vad som kan h\u00e4nda i m\u00f6tet med ett ljud g\u00f6ra det p\u00e5 Konstforum. <a class=\"continue-reading-link\" href=\"https:\/\/www.kultursidan.nu\/?p=10270\">L\u00e4s mer <span class=\"meta-nav\">&rarr; <\/span><\/a><\/p>\n","protected":false},"author":1001006,"featured_media":0,"comment_status":"closed","ping_status":"open","sticky":false,"template":"","format":"standard","meta":{"_jetpack_memberships_contains_paid_content":false,"footnotes":""},"categories":[7],"tags":[68],"class_list":["post-10270","post","type-post","status-publish","format-standard","hentry","category-norrkoping","tag-ljudkonst"],"jetpack_featured_media_url":"","jetpack_sharing_enabled":true,"_links":{"self":[{"href":"https:\/\/www.kultursidan.nu\/index.php?rest_route=\/wp\/v2\/posts\/10270","targetHints":{"allow":["GET"]}}],"collection":[{"href":"https:\/\/www.kultursidan.nu\/index.php?rest_route=\/wp\/v2\/posts"}],"about":[{"href":"https:\/\/www.kultursidan.nu\/index.php?rest_route=\/wp\/v2\/types\/post"}],"author":[{"embeddable":true,"href":"https:\/\/www.kultursidan.nu\/index.php?rest_route=\/wp\/v2\/users\/1001006"}],"replies":[{"embeddable":true,"href":"https:\/\/www.kultursidan.nu\/index.php?rest_route=%2Fwp%2Fv2%2Fcomments&post=10270"}],"version-history":[{"count":0,"href":"https:\/\/www.kultursidan.nu\/index.php?rest_route=\/wp\/v2\/posts\/10270\/revisions"}],"wp:attachment":[{"href":"https:\/\/www.kultursidan.nu\/index.php?rest_route=%2Fwp%2Fv2%2Fmedia&parent=10270"}],"wp:term":[{"taxonomy":"category","embeddable":true,"href":"https:\/\/www.kultursidan.nu\/index.php?rest_route=%2Fwp%2Fv2%2Fcategories&post=10270"},{"taxonomy":"post_tag","embeddable":true,"href":"https:\/\/www.kultursidan.nu\/index.php?rest_route=%2Fwp%2Fv2%2Ftags&post=10270"}],"curies":[{"name":"wp","href":"https:\/\/api.w.org\/{rel}","templated":true}]}}