{"id":10299,"date":"2013-05-30T20:26:42","date_gmt":"2013-05-30T19:26:42","guid":{"rendered":"https:\/\/intelligent-friend-7861.standoutwp.com\/?p=10299"},"modified":"2013-07-17T09:54:46","modified_gmt":"2013-07-17T08:54:46","slug":"bygg-for-cityfiske-och-turisterna-i-stromparken-reportage","status":"publish","type":"post","link":"https:\/\/www.kultursidan.nu\/?p=10299","title":{"rendered":"Bygg f\u00f6r CityFiske och turisterna i Str\u00f6mparken (reportage)"},"content":{"rendered":"<p><a href=\"http:\/\/www.flickr.com\/photos\/kultursidan\/8893243343\/\" title=\"Str\u00f6mparken med byggnaden som kan inrymma CityFiske, restaurang, konferenslokaler och turistinformation. by Kultursidan, on Flickr\"><img loading=\"lazy\" decoding=\"async\" src=\"http:\/\/farm6.staticflickr.com\/5324\/8893243343_13cac3e8da.jpg\" width=\"500\" height=\"374\" alt=\"Str\u00f6mparken med byggnaden som kan inrymma CityFiske, restaurang, konferenslokaler och turistinformation.\"><\/a><\/p>\n<p><em>Inb\u00e4ddad i parken. Det nya f\u00f6rslaget bevarar Str\u00f6mparkens alla tr\u00e4d och lockar fler bes\u00f6kare.<\/em><\/p>\n<p>&nbsp;<\/p>\n<h1><span style=\"color: #ff0000;\">Sparar tr\u00e4den och utveckla parken<\/span><\/h1>\n<p>&nbsp;<\/p>\n<p><strong>Diskussionerna om vad som skall byggas i Str\u00f6mparken l\u00e4r forts\u00e4tta ett bra tag till.<\/strong> Reidar Svedahl fr\u00e5n F\u00f6reningen R\u00e4dda Str\u00f6mparken och Mathias Sundin fr\u00e5n Folkpartiet kallade till presstr\u00e4ff vid Fiskestugan i onsdags f\u00f6r att presentera ett nytt f\u00f6rslag till utveckling av Str\u00f6mparken.<\/p>\n<p>Arkitekten Guy Sj\u00f6walls f\u00f6rslag inneb\u00e4r att man bygger en l\u00e5g tv\u00e5v\u00e5ningsbyggnad i st\u00e4llet f\u00f6r \u201dh\u00f6ghuset\u201d. Byggnaden skulle d\u00e5 kunna rymma City Fiske, konferenslokaler, restaurang och turistinformation.<\/p>\n<p>Med denna byggnad s\u00e5 skulle ocks\u00e5 tr\u00e4den p\u00e5 platsen r\u00e4ddas och det ur turistsynpunkt s\u00e5 viktiga sportfisket fortfarande vara i centrum. P\u00e5 bekv\u00e4mt avst\u00e5nd till den nya laxtrappan som invigdes p\u00e5 torsdagen.<\/p>\n<p>\u2013 Cityfiske \u00e4r en mycket viktig del i Str\u00f6mparkens framtid och vi har i n\u00e4ra dialog med dem tagit fram konceptet f\u00f6r det h\u00e4r nya l\u00e5ga huset, s\u00e4ger Mathias Sundin, Folkpartiet.<\/p>\n<p><strong>Kostnaden f\u00f6r tv\u00e5v\u00e5ningshuset kan uppskattas till cirka 15 miljoner kronor i st\u00e4llet f\u00f6r hyresfastighetens uppskattade 150 miljoner.<\/strong> Eftersom det \u00e4r kommunala bostadsf\u00f6retaget Hyresbost\u00e4der som f\u00e5r byggr\u00e4tten s\u00e5 handlar det i b\u00e5da fallen om kommunala skattepengar i slut\u00e4nden enligt f\u00f6rslagsst\u00e4llarna. Man vill nu att Norrk\u00f6pings kommun utreder detta alternativa f\u00f6rslag.<\/p>\n<p>Vid tr\u00e4ffen visades ocks\u00e5 en bild upp som visar hur huset kommer att passa in i milj\u00f6n.<\/p>\n<p><strong>Folkpartiet har ocks\u00e5 l\u00e4mnat in en motion om att genomf\u00f6ra en folkomr\u00f6stning <\/strong>d\u00e4r Norrk\u00f6pingsborna f\u00e5r m\u00f6jlighet att r\u00f6sta om bostadshus \u201df\u00f6r ett 30-tal l\u00e4genheter\u201d eller en park \u201df\u00f6r 130.000 norrk\u00f6pingsbor\u201d.<\/p>\n<p><em>Text och foto: Sven \u00c5ke Molund<br \/>\nIllustration: Guy Sj\u00f6wall<\/em><\/p>\n<p>&nbsp;<\/p>\n<p>L\u00c4NKAR<br \/>\nGuy Sj\u00f6wall <a title=\"nt.se\" href=\"http:\/\/www.nt.se\/personligt\/artikel.aspx?articleid=6882278\" target=\"_blank\">NT <\/a><br \/>\nAlla vill k\u00e4nna sig hemma i Str\u00f6mparken <a title=\"Alla vill k\u00e4nna sig hemma i Str\u00f6mparken\" href=\"https:\/\/www.kultursidan.nu\/?p=6522\" target=\"_blank\">reportage<\/a> Kultursidan.nu 9\/6 2012<\/p>\n<p>FLER BILDER FR\u00c5N PRESSTR\u00c4FFEN \u2013 KLICKA<\/p>\n<p>[flickr-gallery mode=&#8221;photoset&#8221; photoset=&#8221;72157633814853557&#8243;]<\/p>\n","protected":false},"excerpt":{"rendered":"<p>NORRK\u00d6PING Ett tv\u00e5v\u00e5ningshus med lokaler f\u00f6r b\u00e5de CityFiske, konferenscentrum och turistinformation. Det f\u00f6rslaget l\u00e4gger arkitekten Guy Sj\u00f6wall f\u00f6r att utveckla Str\u00f6mparken. F\u00f6rslaget presenterades i onsdags av F\u00f6reningen R\u00e4dda Str\u00f6mparken och Folkpartiet. <a class=\"continue-reading-link\" href=\"https:\/\/www.kultursidan.nu\/?p=10299\">L\u00e4s mer <span class=\"meta-nav\">&rarr; <\/span><\/a><\/p>\n","protected":false},"author":1001006,"featured_media":0,"comment_status":"closed","ping_status":"open","sticky":false,"template":"","format":"standard","meta":{"_jetpack_memberships_contains_paid_content":false,"footnotes":""},"categories":[48,7],"tags":[66,15],"class_list":["post-10299","post","type-post","status-publish","format-standard","hentry","category-kulturdebatt-nu","category-norrkoping","tag-arkitektur","tag-debatt"],"jetpack_featured_media_url":"","jetpack_sharing_enabled":true,"_links":{"self":[{"href":"https:\/\/www.kultursidan.nu\/index.php?rest_route=\/wp\/v2\/posts\/10299","targetHints":{"allow":["GET"]}}],"collection":[{"href":"https:\/\/www.kultursidan.nu\/index.php?rest_route=\/wp\/v2\/posts"}],"about":[{"href":"https:\/\/www.kultursidan.nu\/index.php?rest_route=\/wp\/v2\/types\/post"}],"author":[{"embeddable":true,"href":"https:\/\/www.kultursidan.nu\/index.php?rest_route=\/wp\/v2\/users\/1001006"}],"replies":[{"embeddable":true,"href":"https:\/\/www.kultursidan.nu\/index.php?rest_route=%2Fwp%2Fv2%2Fcomments&post=10299"}],"version-history":[{"count":0,"href":"https:\/\/www.kultursidan.nu\/index.php?rest_route=\/wp\/v2\/posts\/10299\/revisions"}],"wp:attachment":[{"href":"https:\/\/www.kultursidan.nu\/index.php?rest_route=%2Fwp%2Fv2%2Fmedia&parent=10299"}],"wp:term":[{"taxonomy":"category","embeddable":true,"href":"https:\/\/www.kultursidan.nu\/index.php?rest_route=%2Fwp%2Fv2%2Fcategories&post=10299"},{"taxonomy":"post_tag","embeddable":true,"href":"https:\/\/www.kultursidan.nu\/index.php?rest_route=%2Fwp%2Fv2%2Ftags&post=10299"}],"curies":[{"name":"wp","href":"https:\/\/api.w.org\/{rel}","templated":true}]}}