{"id":10317,"date":"2013-05-31T16:08:22","date_gmt":"2013-05-31T15:08:22","guid":{"rendered":"https:\/\/intelligent-friend-7861.standoutwp.com\/?p=10317"},"modified":"2013-07-17T09:56:49","modified_gmt":"2013-07-17T08:56:49","slug":"kulturparad-i-stan","status":"publish","type":"post","link":"https:\/\/www.kultursidan.nu\/?p=10317","title":{"rendered":"Kulturparad i stan!"},"content":{"rendered":"<p><a href=\"http:\/\/www.flickr.com\/photos\/kultursidan\/8902297100\/\" title=\"Visst \u00e4r Norrk\u00f6pings v\u00e4rt en Kulturens dag med Kulturparad. Fr\u00e5n v\u00e4nster Pelle Filipsson, Kulturkammaren, Ulla-Britt Eriksson, Kulturskolan och Susanne Ewerl\u00f6f, projektledare f\u00f6r 100-\u00e5rsfirandet. by Kultursidan, on Flickr\"><img loading=\"lazy\" decoding=\"async\" src=\"http:\/\/farm8.staticflickr.com\/7297\/8902297100_c340e1cc11.jpg\" width=\"500\" height=\"343\" alt=\"Visst \u00e4r Norrk\u00f6pings v\u00e4rt en Kulturens dag med Kulturparad. Fr\u00e5n v\u00e4nster Pelle Filipsson, Kulturkammaren, Ulla-Britt Eriksson, Kulturskolan och Susanne Ewerl\u00f6f, projektledare f\u00f6r 100-\u00e5rsfirandet.\"><\/a><\/p>\n<p><em>Visst \u00e4r Norrk\u00f6pings kulturinstitutioners 100-\u00e5rsjubileum v\u00e4rt en Kulturens dag med Kulturparad. Fr\u00e5n v\u00e4nster Pelle Filipsson, Kulturkammaren, Ulla-Britt Eriksson, Kulturskolan och Susanne Ewerl\u00f6f, projektledare f\u00f6r 100-\u00e5rsfirandet.<\/em><\/p>\n<p>&nbsp;<\/p>\n<h1><span style=\"color: #ff0000;\">Lunchbeat, spel, film och mycket musik<\/span><\/h1>\n<p>&nbsp;<\/p>\n<p><strong>\u2013 Kulturnatten i all \u00e4ra men nu kan vi hinna med att tr\u00e4ffa kollegorna.<\/strong> Jubileumsgeneralen Susanne Ewerl\u00f6f \u00e4r f\u00f6rv\u00e4ntansfull inf\u00f6r starten av kulturinstitutionernas 100-\u00e5rsfirande.<\/p>\n<p>Konstmuseet och Stadsbiblioteket \u00e4r \u00e5rets stora jubilarer i Norrk\u00f6ping. Men n\u00e4r de firar har de f\u00e5tt med m\u00e5nga fler i festligheterna som ska r\u00e4cka \u00e5ret ut. Mest dock mellan 1 juni och 22 oktober.<\/p>\n<p><strong>L\u00f6rdag 1 juni firas <em>Kulturdagen<\/em> \u2013 och <em>Kulturskolans dag<\/em>.<\/strong> Som vanligt n\u00e4r Kulturskolan firar blir det konserter lite varstans i staden. P\u00e5 torgen mellan de stora varuhusen, p\u00e5 Stadsmuseet och p\u00e5 Kristinaskolans g\u00e5rd.<\/p>\n<p>En parad, med attacktrumslagare i t\u00e4ten, g\u00e5r fr\u00e5n Cnema klockan 12, mellanlandar p\u00e5 Stadsmuseet och g\u00e5r p\u00e5 lite slingrande v\u00e4gar mot Kristinaskolans g\u00e5rd d\u00e4r det blir Alls\u00e5ng och Allspel. P\u00e5 v\u00e4gen v\u00e4xer paraden n\u00e4r allt fler ansluter. En timme senare tar man steget \u00f6ver till Konstmuseet.<\/p>\n<p><strong>Dagen \u00e4r full av evenemang p\u00e5 olika h\u00e5ll.<\/strong> Lunchbeat och film p\u00e5 Cnema och tv-spel p\u00e5 Stadsbiblioteket. B\u00e5de Stadsmuseet och Konstmuseet har vernissage p\u00e5 nya utst\u00e4llningar. Musiken knyter samman alla.<\/p>\n<p><em>Text och foto: Ann-Charlotte Sandelin<\/em><\/p>\n<p>&nbsp;<\/p>\n<ul>\n<li>KULTURDAGEN Norrk\u00f6ping<\/li>\n<li><em>1 juni 2013<br \/>\n<\/em><\/li>\n<li><em>kl 11-12 <\/em><strong>Konserter<\/strong><em><br \/>\n<\/em>Stadsmuseet\u2028- Kn\u00e4ppingsborgs restaurangtorg\u2028- Mellan Domino och Linden &#8211; Mellan Linden och Spiralen &#8211; Kristinaskolans G\u00e5rd<\/li>\n<li><strong>Cnema<\/strong><em><br \/>\nkl 11-12 <\/em>Lunchbeat<em><br \/>\nkl 12 <strong>Kulturparaden<\/strong> <\/em>startar fr\u00e5n Cnema<br \/>\n<em>kl 16 <\/em>Film- och musikprogram<\/li>\n<li><strong>Stadsbiblioteket<\/strong><br \/>\n<em>kl 11-15<\/em> TV-spel och figurspel med Iuvo Gaming<\/li>\n<li><strong>Stadsmuseet<br \/>\n<\/strong><em>\u00d6ppet kl 11\u201316<br \/>\n<\/em>Musik och teater<em><br \/>\nkl 12<\/em> Vernissage \u2013 <strong><em>Kulturens hus \u2013 fr\u00e5n Carls \u00e5nger till Cnema<\/em><\/strong><em><br \/>\nKl 15 <\/em>First Band<\/li>\n<li><strong>Kristinaskolans g\u00e5rd<br \/>\n<\/strong><em>kl 13 <\/em>Alls\u00e5ng och Allspel<\/li>\n<li><strong>Konstmuseet<\/strong><br \/>\n<em>kl 14 <\/em>Vernissage \u2013 <strong><em>Gulligt! L\u00e4skigt! Roligt!<\/em><\/strong><em><br \/>\nkl 14.30 <\/em>Underh\u00e5llning i Harlekinen<em><br \/>\nkl 15 <\/em>Familjevisning av utst\u00e4llningen<em><br \/>\nkl 15 <\/em>Alosa pipare spelar medeltidsmusik<\/li>\n<\/ul>\n<p><strong><br \/>\n<\/strong><\/p>\n<p>L\u00c4NKAR<br \/>\nKulturdagens program <a title=\"pdf\" href=\"http:\/\/www.norrkoping.se\/kultur-fritid\/med-staden-som-scen\/aktiviteter\/kulturdag_program_1juni_A5.pdf\">pdf <\/a><\/p>\n","protected":false},"excerpt":{"rendered":"<p>1 JUN Kulturskolan och de 100-\u00e5rsjubilerande kulturinstitutionerna firar ihop. R\u00e4kna med en kulturt\u00e4t dag i stan. <a class=\"continue-reading-link\" href=\"https:\/\/www.kultursidan.nu\/?p=10317\">L\u00e4s mer <span class=\"meta-nav\">&rarr; <\/span><\/a><\/p>\n","protected":false},"author":1001006,"featured_media":0,"comment_status":"closed","ping_status":"open","sticky":false,"template":"","format":"standard","meta":{"_jetpack_memberships_contains_paid_content":false,"footnotes":""},"categories":[71],"tags":[54,35],"class_list":["post-10317","post","type-post","status-publish","format-standard","hentry","category-straxt","tag-evenemang","tag-jubileum"],"jetpack_featured_media_url":"","jetpack_sharing_enabled":true,"_links":{"self":[{"href":"https:\/\/www.kultursidan.nu\/index.php?rest_route=\/wp\/v2\/posts\/10317","targetHints":{"allow":["GET"]}}],"collection":[{"href":"https:\/\/www.kultursidan.nu\/index.php?rest_route=\/wp\/v2\/posts"}],"about":[{"href":"https:\/\/www.kultursidan.nu\/index.php?rest_route=\/wp\/v2\/types\/post"}],"author":[{"embeddable":true,"href":"https:\/\/www.kultursidan.nu\/index.php?rest_route=\/wp\/v2\/users\/1001006"}],"replies":[{"embeddable":true,"href":"https:\/\/www.kultursidan.nu\/index.php?rest_route=%2Fwp%2Fv2%2Fcomments&post=10317"}],"version-history":[{"count":0,"href":"https:\/\/www.kultursidan.nu\/index.php?rest_route=\/wp\/v2\/posts\/10317\/revisions"}],"wp:attachment":[{"href":"https:\/\/www.kultursidan.nu\/index.php?rest_route=%2Fwp%2Fv2%2Fmedia&parent=10317"}],"wp:term":[{"taxonomy":"category","embeddable":true,"href":"https:\/\/www.kultursidan.nu\/index.php?rest_route=%2Fwp%2Fv2%2Fcategories&post=10317"},{"taxonomy":"post_tag","embeddable":true,"href":"https:\/\/www.kultursidan.nu\/index.php?rest_route=%2Fwp%2Fv2%2Ftags&post=10317"}],"curies":[{"name":"wp","href":"https:\/\/api.w.org\/{rel}","templated":true}]}}