{"id":1035,"date":"2011-02-07T18:25:21","date_gmt":"2011-02-07T16:25:21","guid":{"rendered":"https:\/\/intelligent-friend-7861.standoutwp.com\/?p=1035"},"modified":"2021-03-14T17:28:39","modified_gmt":"2021-03-14T16:28:39","slug":"obandigt-svv-pa-galleri-kronan","status":"publish","type":"post","link":"https:\/\/www.kultursidan.nu\/?p=1035","title":{"rendered":"Ob\u00e4ndigt (sv\/v) p\u00e5 Galleri Kronan"},"content":{"rendered":"<p><img loading=\"lazy\" decoding=\"async\" class=\"alignnone\" src=\"https:\/\/live.staticflickr.com\/5051\/5425475028_1431da24b3.jpg\" alt=\"Galleri Kronan\" width=\"500\" height=\"333\" \/><br \/>\n<em>Konst med karakt\u00e4r. Gunnar Fr\u00f6ss\u00e9ns m\u00e5lningar omskapar Galleri Kronan.<\/em><\/p>\n<p>&nbsp;<\/p>\n<h1><span style=\"color: #ff0000;\">Utan titel (t\u00e4nk sj\u00e4lv!)<\/span><\/h1>\n<p>&nbsp;<\/p>\n<p><strong>Det \u00e4r kraft i Gunnar Fr\u00f6ss\u00e9ns m\u00e5lningar.<\/strong> P\u00e5 <a title=\"Galleri Kronan\" href=\"http:\/\/www.kifin.nu\/kronan\/\" target=\"_blank\" rel=\"noopener\">Galleri Kronan<\/a> m\u00f6ter \u00f6gat stora dukar i svart och vitt, m\u00e5lade med svepande r\u00f6relser. Som i ett enda nu. De blir det de blir. Och antingen blir de eller s\u00e5 blir de inte.<\/p>\n<p>\u2013 Jag kastar mycket, det \u00e4r billigt med bomullsduk. S\u00e4ger <a title=\"Gunnar Fr\u00f6ss\u00e9n, konstn\u00e4r\" href=\"http:\/\/www.omkonst.com\/09-frossen-gunnar.shtml\" target=\"_blank\" rel=\"noopener\">Gunnar Fr\u00f6ss\u00e9n<\/a> som k\u00f6per duken p\u00e5 rulle, breder ut den p\u00e5 atelj\u00e9golvet och m\u00e5lar p\u00e5 med elementborste.<\/p>\n<p>&nbsp;<\/p>\n<p><img loading=\"lazy\" decoding=\"async\" class=\"alignnone\" src=\"https:\/\/live.staticflickr.com\/5171\/5425470676_27bc4d67fe.jpg\" alt=\"Baksida\" width=\"500\" height=\"333\" \/><br \/>\n<em> Baksida. <\/em><\/p>\n<p>&nbsp;<\/p>\n<p><strong>F\u00e4rgen \u00e4r svart, j\u00e4rnoxidpigment i bokbindarlim<\/strong> har blivit hans signum efter tidiga f\u00f6rs\u00f6k med tj\u00e4ra och annan sv\u00e4rta, p\u00e5 den obehandlade duken. Om man nu inte r\u00e4knar den svarta m\u00e5lningen p\u00e5 baksidan som ett slags grundm\u00e5leri; det tr\u00e4nger igenom, tillf\u00f6r en gr\u00e5 nyans till motivet.<\/p>\n<p>Kraft och sk\u00f6nhet, det \u00e4r tillfyllest med svart, vitt och lite gr\u00e5tt. Ocks\u00e5 i de sm\u00e5 skulpturerna av tillknycklad st\u00e5ltr\u00e5d och i raggsockans r\u00e4nder p\u00e5 korngnistrande granitsten.<\/p>\n<p>&nbsp;<\/p>\n<p><img loading=\"lazy\" decoding=\"async\" class=\"alignnone\" src=\"https:\/\/live.staticflickr.com\/5100\/5424873555_12a82fbf2a_m.jpg\" alt=\"Von oben\" width=\"240\" height=\"160\" \/><a title=\"Raggsocka\" href=\"https:\/\/www.flickr.com\/photos\/kultursidan\/5425471920\/in\/album-72157625997158736\/\"> <img loading=\"lazy\" decoding=\"async\" class=\"alignnone\" src=\"https:\/\/live.staticflickr.com\/5215\/5425471920_f3cc556f4f_m.jpg\" alt=\"Raggsocka\" width=\"240\" height=\"160\" \/><\/a><br \/>\n<em>Von oben. Raggsocka. <\/em><\/p>\n<p>&nbsp;<\/p>\n<p><strong>Att pl\u00f6tsligt m\u00f6ta ett st\u00e4nk, ett streck av bl\u00e5tt<\/strong>, blir d\u00e5 \u00f6verraskande. Det \u00e4r p\u00e5 sm\u00e5 akrylm\u00e5lningar p\u00e5 papper. H\u00e4r \u00e4r tekniken annorlunda, med flera f\u00e4rgnyanser i m\u00e5nga lager som syns igenom skrapningarnas landskap.<\/p>\n<p>Utan titel heter de ofta, de stora m\u00e5lningarna och de sm\u00e5.<\/p>\n<p>\u2013 Jag skriver ibland n\u00e5got ord, n\u00e5got jag sj\u00e4lv t\u00e4nkt p\u00e5 n\u00e4r jag gjort m\u00e5lningen eller n\u00e4r jag ser den efter\u00e5t. Men det s\u00e4tter jag inom parentes. Jag vill att den som ser mina m\u00e5lningar t\u00e4nker sj\u00e4lv.<\/p>\n<p>&nbsp;<\/p>\n<p><img loading=\"lazy\" decoding=\"async\" class=\"alignnone\" src=\"https:\/\/live.staticflickr.com\/5019\/5425473096_2fb74588f4_w.jpg\" alt=\"P\u00e5 v\u00e4ggen \u2013 i boken\" width=\"400\" height=\"267\" \/><br \/>\n<em>Gunnar Fr\u00f6ss\u00e9n p\u00e5 v\u00e4ggen, i boken i handen.<\/em><\/p>\n<p>&nbsp;<\/p>\n<p><strong>I f\u00f6nstret ligger b\u00f6cker med v\u00e4lformulerade texter<\/strong>, en med Fr\u00f6ss\u00e9ns <a title=\"Svartvitt, bok\" href=\"http:\/\/www.mynewsdesk.com\/se\/pressroom\/carlssonbokforlag\/pressrelease\/view\/svartvitt-maalningar-av-gunnar-froessen-293464\" target=\"_blank\" rel=\"noopener\">stora m\u00e5lningar<\/a> (text av Olav Wistr\u00f6m), en med <a title=\"Streptomyces griseus, bok\" href=\"http:\/\/www.carlssonbokforlag.se\/boecker\/konst\/gunnar-froess\u00e9n-streptomyces-griseus.aspx\" target=\"_blank\" rel=\"noopener\">en svit akrylm\u00e5lningar<\/a> (text av <a title=\"Ragnar von Holten\" href=\"http:\/\/www.sydsvenskan.se\/familj\/minnesord\/article556779\/Ragnar-von-Holten-Stockholm.html\" target=\"_blank\" rel=\"noopener\">Ragnar von Holten<\/a>).<\/p>\n<p>\u2013 Jag tycker om b\u00f6cker, s\u00e4ger Gunnar Fr\u00f6ss\u00e9n. Men jag ska skaffa mig en hemsida n\u00e4r jag f\u00e5r tid.<\/p>\n<p><em>Text och foto: Ann-Charlotte Sandelin<\/em><\/p>\n<p>&nbsp;<\/p>\n<p><img loading=\"lazy\" decoding=\"async\" class=\"alignnone\" src=\"https:\/\/live.staticflickr.com\/5013\/5425473724_d79eaa4078_w.jpg\" alt=\"Konstn\u00e4r och Das Auto\" width=\"400\" height=\"267\" \/><br \/>\n<em>Stort format. Konstn\u00e4ren och Das Auto. <\/em><\/p>\n<p>&nbsp;<\/p>\n<ul>\n<li>\n<h3>GALLERI KRONAN Norrk\u00f6ping<\/h3>\n<\/li>\n<li><em>5 \u2013 20 februari 2011<\/em><\/li>\n<li><strong>Gunnar Fr\u00f6ss\u00e9n<\/strong><br \/>\nM\u00e5lningar<\/li>\n<\/ul>\n","protected":false},"excerpt":{"rendered":"<p>NORRK\u00d6PING Svart \u00e4r vackert. Gunnar Fr\u00f6ss\u00e9ns j\u00e4rnoxidsvarta dukar i stort format \u00e4r kraftfulla, fantasieggande och ibland eggande sk\u00f6na. P\u00e5 Galleri Kronan st\u00e4ller han ocks\u00e5 ut verk i mindre format, m\u00e5lningar s\u00e5v\u00e4l som skulpturer. <a class=\"continue-reading-link\" href=\"https:\/\/www.kultursidan.nu\/?p=1035\">L\u00e4s mer <span class=\"meta-nav\">&rarr; <\/span><\/a><\/p>\n","protected":false},"author":1001006,"featured_media":0,"comment_status":"closed","ping_status":"open","sticky":false,"template":"","format":"standard","meta":{"_jetpack_memberships_contains_paid_content":false,"footnotes":""},"categories":[7],"tags":[14],"class_list":["post-1035","post","type-post","status-publish","format-standard","hentry","category-norrkoping","tag-konst"],"jetpack_featured_media_url":"","jetpack_sharing_enabled":true,"_links":{"self":[{"href":"https:\/\/www.kultursidan.nu\/index.php?rest_route=\/wp\/v2\/posts\/1035","targetHints":{"allow":["GET"]}}],"collection":[{"href":"https:\/\/www.kultursidan.nu\/index.php?rest_route=\/wp\/v2\/posts"}],"about":[{"href":"https:\/\/www.kultursidan.nu\/index.php?rest_route=\/wp\/v2\/types\/post"}],"author":[{"embeddable":true,"href":"https:\/\/www.kultursidan.nu\/index.php?rest_route=\/wp\/v2\/users\/1001006"}],"replies":[{"embeddable":true,"href":"https:\/\/www.kultursidan.nu\/index.php?rest_route=%2Fwp%2Fv2%2Fcomments&post=1035"}],"version-history":[{"count":2,"href":"https:\/\/www.kultursidan.nu\/index.php?rest_route=\/wp\/v2\/posts\/1035\/revisions"}],"predecessor-version":[{"id":42713,"href":"https:\/\/www.kultursidan.nu\/index.php?rest_route=\/wp\/v2\/posts\/1035\/revisions\/42713"}],"wp:attachment":[{"href":"https:\/\/www.kultursidan.nu\/index.php?rest_route=%2Fwp%2Fv2%2Fmedia&parent=1035"}],"wp:term":[{"taxonomy":"category","embeddable":true,"href":"https:\/\/www.kultursidan.nu\/index.php?rest_route=%2Fwp%2Fv2%2Fcategories&post=1035"},{"taxonomy":"post_tag","embeddable":true,"href":"https:\/\/www.kultursidan.nu\/index.php?rest_route=%2Fwp%2Fv2%2Ftags&post=1035"}],"curies":[{"name":"wp","href":"https:\/\/api.w.org\/{rel}","templated":true}]}}