{"id":10370,"date":"2013-06-04T13:41:59","date_gmt":"2013-06-04T12:41:59","guid":{"rendered":"https:\/\/intelligent-friend-7861.standoutwp.com\/?p=10370"},"modified":"2013-08-16T19:22:56","modified_gmt":"2013-08-16T18:22:56","slug":"teatersommaren-2013-i-ostergotland","status":"publish","type":"post","link":"https:\/\/www.kultursidan.nu\/?p=10370","title":{"rendered":"Teatersommaren 2013 i \u00d6sterg\u00f6tland"},"content":{"rendered":"<p><a title=\"Premi\u00e4r f\u00f6r Teatersommaren 2013 i \u00d6sterg\u00f6tland. Fr\u00e5n v\u00e4nster \u00d6stsams teatersamordnare Maria Brusman, G\u00f6ran Sarring (Tjechov p\u00e5 L\u00f6fstad) samt Anna Maria Lilljebj\u00f6rn och Anita Kreutz Bergman (Aurore i H\u00e4llestad). by Kultursidan, on Flickr\" href=\"http:\/\/www.flickr.com\/photos\/kultursidan\/8945956779\/\"><img loading=\"lazy\" decoding=\"async\" alt=\"Premi\u00e4r f\u00f6r Teatersommaren 2013 i \u00d6sterg\u00f6tland. Fr\u00e5n v\u00e4nster \u00d6stsams teatersamordnare Maria Brusman, G\u00f6ran Sarring (Tjechov p\u00e5 L\u00f6fstad) samt Anna Maria Lilljebj\u00f6rn och Anita Kreutz Bergman (Aurore i H\u00e4llestad).\" src=\"http:\/\/farm3.staticflickr.com\/2805\/8945956779_bbb29c006a.jpg\" width=\"500\" height=\"333\" \/><\/a><\/p>\n<p><em>Premi\u00e4r! Bubblande \u00e4ppeldryck och sm\u00e4llande konfetti n\u00e4r \u00d6stsams Maria Brusman presenterade \u00e5rets sommarteater. N\u00e4rmast de egna premi\u00e4rna var d\u00e5 G\u00f6ran Sarring, med Tjechov p\u00e5 L\u00f6fstad, samt Anna Maria Lilljebj\u00f6rn och Anita Kreutz Bergman, fr\u00e5n Aurore i H\u00e4llestad, Finsp\u00e5ng.<\/em><\/p>\n<p>&nbsp;<\/p>\n<h1><span style=\"color: #ff0000;\">Finst\u00e4mt, fars och opera. Barnteater.<\/span><\/h1>\n<p>&nbsp;<\/p>\n<p><strong>Sommarens teater \u00e4r h\u00e4r!<\/strong> F\u00f6r stora och sm\u00e5. Med finst\u00e4mda f\u00f6rest\u00e4llningar, folklustspel och farser, dans, revy, opera och \u00e4nnu mer d\u00e4rtill.<\/p>\n<p>Under den g\u00e5ngna veckan bj\u00f6d \u00d6stsams teatersamordnare Maria Brusman in till egen premi\u00e4r \u2013 \u00e5rets sommarteaterfolder, d\u00e4r hon samlat ihop all teater i l\u00e4net. N\u00e4stan. F\u00f6r den hade inte mer \u00e4n g\u00e5tt till tryck f\u00f6rr\u00e4n \u00e4nnu fler upps\u00e4ttningar anm\u00e4ldes.<br \/>\n<strong><\/strong><\/p>\n<p><strong>Botanisera i listan, Norrk\u00f6ping st\u00e5r f\u00f6rst, d\u00e4refter kommunerna i bokstavsordning och efter premi\u00e4rdatum.<\/strong> Barn- och familjef\u00f6rest\u00e4llningar finns b\u00e5de i ordinarie listan och i en s\u00e4rskild lista. F\u00f6r n\u00e4rmare information kontakta arrang\u00f6rerna eller s\u00f6k i evenemangskalendern.<br \/>\n<em><\/em><\/p>\n<p><em>Text och foto: Ann-Charlotte Sandelin<\/em><\/p>\n<p>FLER BILDER FR\u00c5N PRESENTATIONEN \u2013 KLICKA<br \/>\n[flickr-gallery mode=&#8221;photoset&#8221; photoset=&#8221;72157633919556241&#8243;]<\/p>\n<blockquote>\n<ul>\n<li>\n<h3>TEATERSOMMAREN i \u00d6sterg\u00f6tland<\/h3>\n<\/li>\n<li><em>Sommaren 2013<\/em><\/li>\n<\/ul>\n<ul>\n<li>NORRK\u00d6PING<br \/>\n<em><\/em><\/p>\n<ul>\n<li><em>31 maj\u2013 20 juni <\/em>L\u00f6fstad slott<em><\/em><br \/>\n<em><\/em><em> <\/em><strong>Tjechov p\u00e5 L\u00f6fstad <\/strong><a title=\"Tjechov flyger h\u00f6gt och l\u00e4tt p\u00e5 L\u00f6fstad (recension)\" href=\"https:\/\/www.kultursidan.nu\/?p=10328\" target=\"_blank\"><em>recension<\/em><strong><br \/>\n<\/strong><\/a>Blandade texter + Ett frieri<br \/>\n<strong>Arr\/Prod<\/strong>: Sarring Kulturproduktion <a title=\"info\" href=\"http:\/\/www.sarring.se\" target=\"_blank\"><em>hemsida<\/em><\/a><em><\/em><\/li>\n<li><em>7 juni \u2013 31 augusti <\/em>p\u00e5 Str\u00f6msholmen<br \/>\n<strong>Str\u00f6mt va d\u00e4\u2019 h\u00e4r <\/strong><a title=\"J\u00e4mn revy utmanar med glimten i \u00f6gat (recension)\" href=\"https:\/\/www.kultursidan.nu\/?p=10424\" target=\"_blank\"><em>recension<\/em> <\/a><br \/>\nSommarrevy<br \/>\n<strong>Arr\/Prod<\/strong>: Chopp Event <a title=\"info\" href=\"http:\/\/www.choppevent.se\" target=\"_blank\"><em>hemsida <\/em><\/a><em><\/em><\/li>\n<li><em>28 juni \u2013 13 juli <\/em>i Cederdalen, Ingelsta<br \/>\n<strong>Folket i Skinnarviksbergen <\/strong><a title=\"Kyss\u00e4kta folklustspel roar i Cederdalen\" href=\"https:\/\/www.kultursidan.nu\/?p=11103\" target=\"_blank\"><em>recension<strong><br \/>\n<\/strong><\/em><\/a>Folklustspel av Gideon Wahlberg<br \/>\n<strong>Arr\/Prod<\/strong>: Cederdalen kultur &amp; teater <em>0768-14 10 77<\/em><br \/>\n<em><\/em><\/li>\n<li><em>2 \u2013 21 juli <\/em>i Kn\u00e4ppingsborg<br \/>\n<strong>Olivia Twist<\/strong> <a title=\"Olivia Twist gestaltar sociala skiktningar (recension)\" href=\"https:\/\/www.kultursidan.nu\/?p=11170\" target=\"_blank\"><em>recension<\/em><\/a><br \/>\n<strong> <\/strong>Familjeteater efter Charles Dickens<br \/>\n<strong>Arr\/Prod<\/strong>: Revolverteatern <a title=\"info\" href=\"https:\/\/www.facebook.com\/pages\/RevolverTeatern\/377718212294692?ref=ts&amp;fref=ts\" target=\"_blank\">Facebook<\/a><em><\/em><\/li>\n<li><em>9 \u2013 20 juli <\/em>p\u00e5 Kvarnberget, Ark\u00f6sund<br \/>\n<strong>Tystnad! Tagning! \u2013 Kameran g\u00e5r<\/strong> <a title=\"Ark\u00f6sunds friluftsteater spelar nyskrivet (recension)\" href=\"https:\/\/www.kultursidan.nu\/?p=11237\" target=\"_blank\"><em>recension<\/em><\/a><br \/>\n<strong> <\/strong>Fars av Carl Adam Tillberg<br \/>\n<strong>Arr\/Prod<\/strong>: Ark\u00f6sunds friluftsteater <a title=\"info\" href=\"http:\/\/www.arkosundsteatern.com\/\" target=\"_blank\"><em>hemsida<\/em><\/a><em><\/em><\/li>\n<li><em>27 juli \u2013 18 augusti<\/em> p\u00e5 Str\u00f6msholmen<br \/>\n<strong>Emil i L\u00f6nneberga <\/strong><a title=\"Nu g\u00f6r Emil sina hyss p\u00e5 Str\u00f6msholmen\" href=\"https:\/\/www.kultursidan.nu\/?p=11495\" target=\"_blank\"><em>recension<\/em><strong><br \/>\n<\/strong><\/a>Familjeteater av Astrid Lindgren<br \/>\n<strong>Arr\/Prod<\/strong>: Chopp Event <a title=\"info\" href=\"http:\/\/www.choppevent.se\" target=\"_blank\"><em>hemsida<\/em><\/a><em><\/em><\/li>\n<li><em>3 \u2013 10 augusti <\/em>\u00a0Hageby och Norrk\u00f6pings innerstad<br \/>\n<strong>Evriv\u00e4r<\/strong> <a title=\"Evr\u00edv\u00e4r p\u00e5 hembes\u00f6k b\u00e5de d\u00e4r och h\u00e4r (recension)\" href=\"https:\/\/www.kultursidan.nu\/?p=11724\" target=\"_blank\"><em>recension<\/em><\/a><br \/>\nGatuf\u00f6rest\u00e4llning med tre dansare<br \/>\n<strong>Arr\/Prod<\/strong>: Blauba <a title=\"info\" href=\"http:\/\/www.blauba.com\" target=\"_blank\"><em>hemsida<\/em> <\/a><em><\/em><\/li>\n<\/ul>\n<ul>\n<li><em>3 \u2013 16 augusti\u00a0 <\/em>Kn\u00e4ppingsborg<br \/>\n<strong>Tv\u00e5 tjuvar och ett par<\/strong> <a title=\"Tv\u00e5 tjuvar och ett par roar utan paus (recension)\" href=\"https:\/\/www.kultursidan.nu\/?p=11713\" target=\"_blank\"><em> recension<\/em><\/a><br \/>\nNyskriven fars<br \/>\n<strong>Arr\/Prod<\/strong>: Teater Rabalder <em><\/em><\/li>\n<\/ul>\n<ul>\n<li><em>15 augusti \u2013 21 september<\/em> p\u00e5 NP33, Norra Promenaden 33<br \/>\n<strong>En d\u00f6rr p\u00e5 gl\u00e4nt <\/strong><a title=\"En d\u00f6rr p\u00e5 gl\u00e4nt utmanar tanken (recension)\" href=\"https:\/\/www.kultursidan.nu\/?p=11835\" target=\"_blank\"><em>recension<\/em><strong><br \/>\n<\/strong><\/a>Dramatiserad novell av Walter Ljungquist<br \/>\n<strong>Arr\/Prod<\/strong>: Norrk\u00f6pings Teaterkompani <a title=\"info\" href=\"http:\/\/teaterkompaniet.blogspot.se\/\" target=\"_blank\">hemsida<strong><\/strong><\/a><\/li>\n<\/ul>\n<ul>\n<li><em>24 augusti \u2013 10 augusti\u00a0 <\/em>Arbis<br \/>\n<strong>Tivolisaga<\/strong><br \/>\nMusikal<br \/>\n<strong>Arr\/Prod<\/strong>:\u00a0J.C. Sch\u00fctz och\u00a0Johan Pettersson<em><br \/>\n<\/em> <a title=\"Tivolisaga\" href=\"http:\/\/tivolisaga.blogg.se\/\" target=\"_blank\"><em>hemsida<\/em> <em><\/em><\/a><\/li>\n<\/ul>\n<\/li>\n<li>BOXHOLM<br \/>\n<em><\/em><\/p>\n<ul>\n<li><em>20\u201322 september <\/em>i Folkets hus<em><\/em><br \/>\n<em><\/em><em> <\/em><strong>Huvet p\u00e5 Spiken<br \/>\n<\/strong>Komiskt kr\u00f6nikespel fr\u00e5n 1500-tal till nutid<br \/>\n<strong>Arr\/Prod<\/strong>: Boxholms bruksmuseum, Birgitta Wigforss Produktion <em><a title=\"info\" href=\"http:\/\/www.birgittawigforss.se\" target=\"_blank\">hemsida<\/a><\/em><\/li>\n<\/ul>\n<\/li>\n<li>FINSP\u00c5NG<br \/>\n<em><\/em><\/p>\n<ul>\n<li><em>2 \u2013 9 juni<\/em><br \/>\n<em><\/em><em> <\/em><strong>Aurore <\/strong><a title=\"Aurore fr\u00e5n H\u00e4llestad startade flickskola (recension)\" href=\"https:\/\/www.kultursidan.nu\/?p=10358\" target=\"_blank\"><em>recension<\/em><strong><br \/>\n<\/strong><\/a>Bygdespel om l\u00e4rarinnan Aurore Pihl<br \/>\n<strong>Arr\/Prod<\/strong>: Gruvspelsgruppen i H\u00e4llestad <a title=\"info\" href=\"http:\/\/www.gruvspelet.se\" target=\"_blank\"><em>hemsida <\/em><\/a><\/li>\n<\/ul>\n<\/li>\n<li>KINDA<br \/>\n<em><\/em><\/p>\n<ul>\n<li><em>19, 27 juli <\/em>Hargs g\u00e5rd, Kisa<em><\/em><br \/>\n<em><\/em><em> <\/em><strong>Kejsaren av Epplerum<br \/>\n<\/strong>Poetiskt om en bondes liv, efter dagb\u00f6cker<br \/>\n<strong>Arr\/Prod<\/strong>: Hargodlarna (Ing\u00e5r i Amerikaveckan)<\/li>\n<\/ul>\n<\/li>\n<li>LINK\u00d6PING<br \/>\n<em><\/em><\/p>\n<ul>\n<li><em>26 maj \u2013 18 augusti <\/em>Sj\u00f6bergska friluftsteatern i Gamla Link\u00f6ping<br \/>\n<strong>Madicken<br \/>\n<\/strong>Familjeteater av Astrid Lindgren<br \/>\n<strong>Arr\/Prod<\/strong>: NBV \u00d6sterg\u00f6tland <a title=\"info\" href=\"http:\/\/www.friluftsteatern.se\" target=\"_blank\"><em>hemsida<\/em> <\/a><em><\/em><\/li>\n<li><em>25 juni \u2013 13 juli <\/em>i p\u00e5 Sagateatern<br \/>\n<strong>Folk och r\u00f6vare i Kamomilla stad<br \/>\n<\/strong>Familjeteater av Torbj\u00f6rn Egner<br \/>\n<strong>Arr\/Prod<\/strong>: SommarSpektaklets v\u00e4nner, Birgitta Wigforss Produktion <em><a title=\"info\" href=\"http:\/\/www.birgittawigforss.se\" target=\"_blank\">hemsida<\/a><\/em><em><\/em><\/li>\n<li><em>5 \u2013 20 juli <\/em>i Landeryd hembygdspark<br \/>\n<strong>Jocke &amp; Micke \u2013 Sommaren med Becka<br \/>\n<\/strong>Sommarrevy<br \/>\n<strong>Arr\/Prod<\/strong>: Landeryds hembygdsf\u00f6rening och NBV <a title=\"info\" href=\"http:\/\/www.landerydhbf.se\" target=\"_blank\"><em>hemsida<\/em> <\/a><em><\/em><\/li>\n<li><em>8 \u2013 20 juli <\/em>p\u00e5 H\u00e5llg\u00e5rden, Gamla Link\u00f6ping<br \/>\n<strong>T\u00f6rnrosa<br \/>\n<\/strong>Barnteater<br \/>\n<strong>Arr\/Prod<\/strong>: Globengruppen och NBV <a title=\"info\" href=\"http:\/\/www.globengruppen.se\" target=\"_blank\"><em>hemsida<\/em> <\/a><em><\/em><\/li>\n<li><em>18 juli <\/em>p\u00e5 Runda gr\u00e4splanen, Tr\u00e4dg\u00e5rdsf\u00f6reningen (vid regn i Parkleken)<br \/>\n<strong>Kanel och Kanin<br \/>\n<\/strong>Sm\u00e5barnsteater efter Ulf Stark<br \/>\n<strong>Arr\/Prod<\/strong>: Kultur- och fritidsn\u00e4mnden och Teater Pelikanen 013- 20 65 90 (m\u00e5n-fre)<br \/>\n<em><\/em><\/li>\n<li><em>19 \u2013 24 juli <\/em>vid Mutebo-Aspn\u00e4s miniatyrj\u00e4rnv\u00e4g och Caf\u00e9, Skeda udde<br \/>\n<strong>I fruntimmersveckan<br \/>\n<\/strong>Sk\u00e4mt i en akt av Hedvig Indebetou<br \/>\n<strong>Arr\/Prod<\/strong>: Link\u00f6pings friteater <a title=\"info\" href=\"http:\/\/www.friteatern.dinstudio.se\" target=\"_blank\"><em>hemsida<\/em> <\/a><em><\/em><\/li>\n<li><em>24 juli \u2013 17 augusti <\/em>Dahlbergs caf\u00e9tr\u00e4dg\u00e5rd, Gamla Link\u00f6ping<br \/>\n<strong>Tage i toner<\/strong><br \/>\n\u00c5rets minnesrevy<br \/>\n<strong>Arr\/Prod<\/strong>: S\u00e4llskapet Tage Danielssons v\u00e4nner <a title=\"info\" href=\"http:\/\/www.tagesvanner.se\" target=\"_blank\">hemsida <\/a><em><\/em><\/li>\n<li><em>25 juli <\/em>p\u00e5 Runda gr\u00e4splanen, Tr\u00e4dg\u00e5rdsf\u00f6reningen (vid regn i Parkleken)<br \/>\n<strong>Hepp hepp med clownen Bill<br \/>\n<\/strong>Familjef\u00f6rest\u00e4llning fr\u00e5n 2 \u00e5r<br \/>\n<strong>Arr\/Prod<\/strong>: Kultur- och fritidsn\u00e4mnden och Clownen Bill 013- 20 65 90 (m\u00e5n-fre)<br \/>\n<em><\/em><\/li>\n<li><em>1 augusti <\/em>p\u00e5 Runda gr\u00e4splanen, Tr\u00e4dg\u00e5rdsf\u00f6reningen (vid regn i Parkleken)<br \/>\n<strong>Barns\u00e5nger med Ola och Stefan <\/strong><br \/>\n<strong><\/strong><strong> <\/strong>Familjef\u00f6rest\u00e4llning om vatten fr\u00e5n 3 \u00e5r<br \/>\n<strong>Arr\/Prod<\/strong>: Kultur- och fritidsn\u00e4mnden och Ola och Stefan 013- 20 65 90 (m\u00e5n-fre)<\/li>\n<\/ul>\n<\/li>\n<li>MJ\u00d6LBY<br \/>\n<em><\/em><\/p>\n<ul>\n<li><em>28 juni \u2013 14 juli <\/em>Oxhagens loge, Kolstad<br \/>\n<strong>Hj\u00e4lten fr\u00e5n Skogssj\u00f6n<br \/>\n<\/strong>Lustspel<br \/>\n<strong>Arr\/Prod<\/strong>: SommarSpektaklets v\u00e4nner, Birgitta Wigforss Produktion <em><a title=\"info\" href=\"http:\/\/www.birgittawigforss.se\" target=\"_blank\">hemsida\u00a0<\/a><\/em><\/li>\n<li><em><\/em><em>18 augusti <\/em>\u00c4nga, V\u00e4derstad<br \/>\n<strong>Pensionat Vita m\u00e4rren<\/strong><br \/>\nMed Sya teatergrupp<br \/>\n<strong>Arr\/Prod<\/strong>: \u00c4nga hembygdsf\u00f6rening <a title=\"info\" href=\"http:\/\/www.visitvaderstad.se\" target=\"_blank\">hemsida <\/a><\/li>\n<\/ul>\n<\/li>\n<li>MOTALA<br \/>\n<em><\/em><\/p>\n<ul>\n<li><em>25 juni \u2013 7 juli <\/em>p\u00e5 Kornettg\u00e5rden i Flistad<em><br \/>\n<\/em><strong>Kassabrist<br \/>\n<\/strong>Lustspel av Vilhelm Moberg<br \/>\n<strong>Arr\/Prod<\/strong>: Motala teaterverkstad <em><a title=\"info\" href=\"http:\/\/www.teaterverkstan.com\/\" target=\"_blank\">hemsida <\/a><\/em><br \/>\n<em><\/em><\/li>\n<li><em>4 juli \u2013 4 augusti <\/em>Medevi brunn<em><br \/>\n<\/em><strong>Den h\u00e4r dan gl\u00f6mmer jag aldrig<br \/>\n<\/strong>K\u00e4rlek, dr\u00f6mmar och 1960-talsmusik<br \/>\n<strong>Arr\/Prod<\/strong>: Uffe Holmertz och intressef\u00f6reningen Medevi Brunn <a title=\"info\" href=\"http:\/\/www.uffeholmertz.se\" target=\"_blank\"><em>hemsida<\/em> <\/a><\/li>\n<\/ul>\n<\/li>\n<li>S\u00d6DERK\u00d6PING<br \/>\n<em><\/em><\/p>\n<ul>\n<li><em>26 juni \u2013 13 juli <\/em>p\u00e5 Forsemanska g\u00e5rden<em><br \/>\n<\/em><em> <\/em><strong>Spanska flugan<\/strong> <a title=\"Spansk fluga med energifyllda insatser (recension)\" href=\"https:\/\/www.kultursidan.nu\/?p=11095\" target=\"_blank\"><em>recension<\/em><\/a><br \/>\n<strong> <\/strong>Fars av Arnold &amp; Bach<br \/>\n<strong>Arr\/Prod<\/strong>: Folklustspel i S\u00f6derk\u00f6ping 0121-18 160<br \/>\n<em><\/em><\/li>\n<li><em>26 juni \u2013<\/em> <em>13 juli<\/em> p\u00e5 Wallbergska g\u00e5rden<br \/>\n<strong>Pippi L\u00e5ngstrump <\/strong><a title=\"Pippi-teater f\u00e5ngar hela familjens hj\u00e4rtan (recension)\" href=\"https:\/\/www.kultursidan.nu\/?p=11037\" target=\"_blank\"><em>recension<\/em> <\/a><br \/>\nFamiljef\u00f6rest\u00e4llning av Astrid Lindgren<br \/>\n<strong>Arr\/Prod<\/strong>: Teater Sythercopie <a title=\"Info\" href=\"https:\/\/www.facebook.com\/pages\/Teater-Sythercopie\/118511924904082\" target=\"_blank\"><em>Facebook<\/em><\/a><br \/>\n<em><\/em><\/li>\n<li><em>31 augusti <\/em>Sankt Laurentii kyrka<br \/>\n<strong>Kung Birgers kr\u00f6ning<\/strong><br \/>\nKr\u00f6ningsspel<br \/>\n<strong>Arr\/Prod<\/strong>: S\u00f6derk\u00f6pings g\u00e4stabud<br \/>\n<em><\/em><\/li>\n<li><em>31 augusti \u2013 1 september<\/em> i Kalle me\u2019 pipas stuga<br \/>\n<strong>Medeltidsrapsodi nr 6<br \/>\n<\/strong>Av Ola L\u00f6nnqvist<br \/>\n<strong>Arr\/Prod<\/strong>: Sythercopie <a title=\"Info\" href=\"https:\/\/www.facebook.com\/pages\/Teater-Sythercopie\/118511924904082\" target=\"_blank\">Facebook<\/a><\/li>\n<\/ul>\n<\/li>\n<li>VADSTENA<br \/>\n<em><\/em><\/p>\n<ul>\n<li><em>6 \u2013 20 juni<\/em> Vadstena slott<br \/>\n<strong>Drottning Katarina Jagellonica \u2013 S\u00e5som stenen b\u00e4r liv<\/strong><br \/>\nMonolog om Johan III:s gem\u00e5l<br \/>\n<strong>Arr\/Prod<\/strong>: Bring to Life\/ Eva Mattsson och Polska institutet i Stockholm <a title=\"info\" href=\"http:\/\/www.bringtolife.se\" target=\"_blank\"><em>hemsida<\/em> <\/a><em><\/em><\/li>\n<li><em>4 juli \u2013 3 augusti <\/em>p\u00e5 Gr\u00e4sg\u00e5rden<em><br \/>\n<\/em><strong>Julius Caesar \u2013 den romerska v\u00e5ren<br \/>\n<\/strong><a title=\"Julius Caesar som den arabiska v\u00e5ren (recension)\" href=\"https:\/\/www.kultursidan.nu\/?p=11181\" target=\"_blank\"><em>recension<br \/>\n<\/em><\/a>Drama av William Shakespeare<br \/>\n<strong>Arr\/Prod<\/strong>: Shakespeare p\u00e5 Gr\u00e4sg\u00e5rden <a title=\"info\" href=\"http:\/\/www.shpg.se\" target=\"_blank\"><em>hemsida<\/em><\/a><em><\/em><\/li>\n<li><em>19 juli \u2013 7 augusti<\/em> p\u00e5 Vadstena slott<br \/>\n<strong>Jorun orm i \u00f6ga<\/strong><br \/>\nOpera av Marie Samuelsson (tons.) och Kerstin Ekman (libr.)<br \/>\n<strong>Arr\/Prod<\/strong>: Vadstena-Akademien <a title=\"info\" href=\"http:\/\/www.vadstena-akademien.org\" target=\"_blank\">hemsida <\/a><em><\/em><\/li>\n<li><em>27 juli \u2013 3 augusti <\/em>p\u00e5 Vadstena Gamla teater<br \/>\n<strong>Kurtisanen och K\u00e4rleken<br \/>\n<\/strong>Operaf\u00f6rest\u00e4llning inspirerad av Barbara Strozzi, manus Sigrid Herrault<br \/>\n<strong>Arr\/Prod<\/strong>: Vadstena-Akademien och Operabyr\u00e5n <a title=\"info\" href=\"http:\/\/www.vadstena-akademien.org\" target=\"_blank\"><em>hemsida<\/em> <\/a><\/li>\n<\/ul>\n<\/li>\n<li>VALDEMARSVIK<br \/>\n<em><\/em><\/p>\n<ul>\n<li><em>10 juli<\/em> Gr\u00e4nn\u00e4sparken<br \/>\n<strong>Lilla sp\u00f6ket Laban<\/strong><br \/>\nBarnteater efter Inger och Lasse Sandberg<br \/>\n<strong>Arr\/Prod<\/strong>: Valdemarsviks Folkets Park Valdemarsviks Teaterf\u00f6rening, Valdemarsviks Sparbank och Boulevardteatern<br \/>\n<em><\/em><\/li>\n<li><em>31 juli <\/em>Hembygdsg\u00e5rden, \u00d6stra Ed<br \/>\n<strong>\u00c0 la Taube<br \/>\n<\/strong>S\u00e5ng och musik med B-O Ottosson m fl<br \/>\n<strong>Arr\/Prod<\/strong>: Lilla teatern och \u00d6stra Eds hembygdsf\u00f6rening, 073-8083161, 0123-32035<\/li>\n<\/ul>\n<\/li>\n<li>\u00c5TVIDABERG<br \/>\n<em><\/em><\/p>\n<ul>\n<li><em>25 maj \u2013 9 juni <\/em>vid Bruks- och Facitmuseum<br \/>\n<strong>Triss i kaniner med FACIT i hand<br \/>\n<\/strong>Lustspel om 1960-talet<br \/>\n<strong>Arr\/Prod<\/strong>: Brukskultur \u00c5tvidaberg och Bruksteatern <a title=\"info\" href=\"http:\/\/brukskultur.atvidaberg.se\" target=\"_blank\"><em>hemsida<\/em><\/a><em><\/em><\/li>\n<li><em>4 augusti <\/em>Bygdeg\u00e5rden Bikupan, Falerum<br \/>\n<strong>Klintkalaset med clownf\u00f6rest\u00e4llning<br \/>\n<\/strong>Familjefest med clown o musik<br \/>\n<strong>Arr\/Prod<\/strong>: Ciboulette Th\u00e9\u00e2tre och Teatergruppen Laikos <em><a title=\"info\" href=\"http:\/\/www.laikos.se\" target=\"_blank\">hemsida<\/a>\u00a0<\/em><\/li>\n<\/ul>\n<\/li>\n<li>\u00d6DESH\u00d6G<br \/>\n<em><\/em><\/p>\n<ul>\n<li><em>19 \u2013 27 juli<\/em> vid Alvastra klosterruin<br \/>\n<strong>Makten och h\u00e4rligheten<br \/>\n<\/strong>En historisk skr\u00f6na n\u00e4r m\u00f6rkret faller<br \/>\n<strong>Arr\/Prod<\/strong>: F\u00f6reningen Alvastra kr\u00f6nikespel o ABF <a title=\"info\" href=\"http:\/\/www.alvastra.com\" target=\"_blank\"><em>hemsida<\/em> <\/a><\/li>\n<\/ul>\n<\/li>\n<li>\n<h3>BARN- OCH FAMILJEF\u00d6REST\u00c4LLNINGAR<\/h3>\n<\/li>\n<li>NORRK\u00d6PING<br \/>\n<em><\/em><\/p>\n<ul>\n<li><em>2 \u2013 21 juli <\/em>i Kn\u00e4ppingsborg<br \/>\n<strong>Olivia Twist\u00a0 <\/strong><a title=\"Olivia Twist gestaltar sociala skiktningar (recension)\" href=\"https:\/\/www.kultursidan.nu\/?p=11170\" target=\"_blank\"><em>recension<\/em><\/a><br \/>\nFamiljeteater efter Charles Dickens<br \/>\n<strong>Arr\/Prod<\/strong>: Revolverteatern<em> <a title=\"info\" href=\"https:\/\/www.facebook.com\/pages\/RevolverTeatern\/377718212294692?ref=ts&amp;fref=ts\" target=\"_blank\">Facebook<\/a><\/em><br \/>\n<em><\/em><\/li>\n<li><em>27 juli \u2013 18 augusti<\/em> p\u00e5 Str\u00f6msholmen<br \/>\n<strong>Emil i L\u00f6nneberga<\/strong> <a title=\"Nu g\u00f6r Emil sina hyss p\u00e5 Str\u00f6msholmen (recension)\" href=\"https:\/\/www.kultursidan.nu\/?p=11495\" target=\"_blank\"><em>recension<\/em><\/a><br \/>\n<strong> <\/strong>Familjeteater av Astrid Lindgren<br \/>\n<strong>Arr\/Prod<\/strong>: Chopp Event <em><a title=\"info\" href=\"http:\/\/www.choppevent.se\" target=\"_blank\">hemsida<br \/>\n<\/a><\/em><\/li>\n<\/ul>\n<\/li>\n<li>LINK\u00d6PING\n<ul>\n<li><em>26 maj \u2013 18 augusti <\/em>Sj\u00f6bergska friluftsteatern i Gamla Link\u00f6ping<br \/>\n<strong>Madicken<br \/>\n<\/strong>Familjeteater av Astrid Lindgren<br \/>\n<strong>Arr\/Prod<\/strong>: NBV \u00d6sterg\u00f6tland <a title=\"info\" href=\"http:\/\/www.friluftsteatern.se\" target=\"_blank\">hemsida<\/a><em><\/em><\/li>\n<li><em>25 juni \u2013 13 juli <\/em>p\u00e5 Sagateatern<br \/>\n<strong>Folk och r\u00f6vare i Kamomilla stad<br \/>\n<\/strong>Familjeteater av Torbj\u00f6rn Egner<br \/>\n<strong>Arr\/Prod<\/strong>: SommarSpektaklets v\u00e4nner, Birgitta Wigforss Produktion <em><a title=\"info\" href=\"http:\/\/www.birgittawigforss.se\" target=\"_blank\">hemsida <\/a><br \/>\n<\/em><em><\/em><\/li>\n<li><em>8 \u2013 20 juli <\/em>p\u00e5 H\u00e5llg\u00e5rden, Gamla Link\u00f6ping<br \/>\n<strong>T\u00f6rnrosa<\/strong><br \/>\n<strong><\/strong><strong> <\/strong>Barnteater<br \/>\n<strong>Arr\/Prod<\/strong>: Globengruppen och NBV <a title=\"info\" href=\"http:\/\/www.globengruppen.se\" target=\"_blank\">hemsida<\/a><em><\/em><\/li>\n<li><em>18 juli <\/em>p\u00e5 Runda gr\u00e4splanen, Tr\u00e4dg\u00e5rdsf\u00f6reningen (vid regn i Parkleken)<br \/>\n<strong>Kanel och Kanin<br \/>\n<\/strong>Sm\u00e5barnsteater efter Ulf Stark<br \/>\n<strong>Arr\/Prod<\/strong>: Kultur- och fritidsn\u00e4mnden och Teater Pelikanen 013- 20 65 90 (m\u00e5n-fre)<br \/>\n<em><\/em><\/li>\n<li><em>25 juli <\/em>p\u00e5 Runda gr\u00e4splanen, Tr\u00e4dg\u00e5rdsf\u00f6reningen (vid regn i Parkleken)<br \/>\n<strong>Hepp hepp med clownen Bill<br \/>\n<\/strong>Familjef\u00f6rest\u00e4llning fr\u00e5n 2 \u00e5r<br \/>\n<strong>Arr\/Prod<\/strong>: Kultur- och fritidsn\u00e4mnden och Clownen Bill 013- 20 65 90 (m\u00e5n-fre)<br \/>\n<em><\/em><\/li>\n<li><em>1 augusti <\/em>p\u00e5 Runda gr\u00e4splanen, Tr\u00e4dg\u00e5rdsf\u00f6reningen (vid regn i Parkleken)<br \/>\n<strong>Barns\u00e5nger med Ola och Stefan<\/strong><br \/>\n<strong> <\/strong>Familjef\u00f6rest\u00e4llning om vatten fr\u00e5n 3 \u00e5r<br \/>\n<strong>Arr\/Prod<\/strong>: Kultur- och fritidsn\u00e4mnden och Ola och Stefan 013- 20 65 90 (m\u00e5n-fre)<\/li>\n<\/ul>\n<\/li>\n<\/ul>\n<\/blockquote>\n<blockquote>\n<ul>\n<li>SK\u00c4NNINGE<br \/>\n<em><\/em><\/p>\n<ul>\n<li><em>18 juli<\/em> i Sj\u00f6ling\u00e5rden i gamla Sk\u00e4nninge<br \/>\n<strong>Sagan om den sista draken<br \/>\n<\/strong>Dockteater fr\u00e5n 3 \u00e5r<br \/>\n<strong>Arr\/Prod<\/strong>: S:ta Ingrids gille, Kultur och fritidsn\u00e4mnden samt Annahandas dockteater 0705 782 077<\/li>\n<\/ul>\n<\/li>\n<li>S\u00d6DERK\u00d6PING<br \/>\n<em><\/em><\/p>\n<ul>\n<li><em>26 juni \u2013<\/em> <em>13 juli<\/em> p\u00e5 Wallbergska g\u00e5rden<br \/>\n<strong>Pippi L\u00e5ngstrump <\/strong><a title=\"Pippi-teater f\u00e5ngar hela familjens hj\u00e4rtan (recension)\" href=\"https:\/\/www.kultursidan.nu\/?p=11037\" target=\"_blank\"><em>recension<\/em><\/a> Familjef\u00f6rest\u00e4llning av Astrid Lindgren<br \/>\n<strong>Arr\/Prod<\/strong>: Teater Sythercopie <a title=\"Info\" href=\"https:\/\/www.facebook.com\/pages\/Teater-Sythercopie\/118511924904082\" target=\"_blank\"><em>Facebook<\/em><\/a><\/li>\n<\/ul>\n<\/li>\n<li>VALDEMARSVIK<br \/>\n<em><\/em><\/p>\n<ul>\n<li><em>10 juli<\/em> Gr\u00e4nn\u00e4sparken<br \/>\n<strong>Lilla sp\u00f6ket Laban<\/strong><br \/>\nBarnteater efter Inger och Lasse Sandberg<br \/>\n<strong>Arr\/Prod<\/strong>: Valdemarsviks Folkets Park Valdemarsviks Teaterf\u00f6rening, Valdemarsviks Sparbank och Boulevardteatern<\/li>\n<\/ul>\n<\/li>\n<li>\u00c5TVIDABERG<br \/>\n<em><\/em><\/p>\n<ul>\n<li><em>4 augusti <\/em>Bygdeg\u00e5rden Bikupan, Falerum<br \/>\n<strong>Klintkalaset med clownf\u00f6rest\u00e4llning<\/strong><br \/>\n<strong><\/strong><strong> <\/strong>Familjefest med clown o musik<br \/>\n<strong>Arr\/Prod<\/strong>: Ciboulette Th\u00e9\u00e2tre och Teatergruppen Laikos <em><a title=\"info\" href=\"http:\/\/www.laikos.se\" target=\"_blank\">hemsida<\/a>\u00a0<\/em><\/li>\n<\/ul>\n<\/li>\n<\/ul>\n<\/blockquote>\n<p>L\u00c4NKAR<br \/>\n<a title=\"info\" href=\"http:\/\/www.pagang.info\/Default.aspx?action=search&amp;a=-1&amp;txt=teater&amp;p=3\" target=\"_blank\">Evenemangskalendern<\/a><\/p>\n","protected":false},"excerpt":{"rendered":"<p>\u00d6STERG\u00d6TLAND 27 olika f\u00f6rest\u00e4llningar, minst, spelas i \u00d6sterg\u00f6tland sommaren 2013. Mest av amat\u00f6rsk\u00e5despelare men ocks\u00e5 av professionella operas\u00e5ngare. H\u00e4r \u00e4r listan, kommun f\u00f6r kommun. <a class=\"continue-reading-link\" href=\"https:\/\/www.kultursidan.nu\/?p=10370\">L\u00e4s mer <span class=\"meta-nav\">&rarr; <\/span><\/a><\/p>\n","protected":false},"author":1001006,"featured_media":0,"comment_status":"closed","ping_status":"open","sticky":false,"template":"","format":"standard","meta":{"_jetpack_memberships_contains_paid_content":false,"footnotes":""},"categories":[81,1],"tags":[37,41,11,33,12],"class_list":["post-10370","post","type-post","status-publish","format-standard","hentry","category-snappat","category-okategoriserade","tag-barnkultur","tag-dans","tag-opera","tag-revy","tag-teater"],"jetpack_featured_media_url":"","jetpack_sharing_enabled":true,"_links":{"self":[{"href":"https:\/\/www.kultursidan.nu\/index.php?rest_route=\/wp\/v2\/posts\/10370","targetHints":{"allow":["GET"]}}],"collection":[{"href":"https:\/\/www.kultursidan.nu\/index.php?rest_route=\/wp\/v2\/posts"}],"about":[{"href":"https:\/\/www.kultursidan.nu\/index.php?rest_route=\/wp\/v2\/types\/post"}],"author":[{"embeddable":true,"href":"https:\/\/www.kultursidan.nu\/index.php?rest_route=\/wp\/v2\/users\/1001006"}],"replies":[{"embeddable":true,"href":"https:\/\/www.kultursidan.nu\/index.php?rest_route=%2Fwp%2Fv2%2Fcomments&post=10370"}],"version-history":[{"count":0,"href":"https:\/\/www.kultursidan.nu\/index.php?rest_route=\/wp\/v2\/posts\/10370\/revisions"}],"wp:attachment":[{"href":"https:\/\/www.kultursidan.nu\/index.php?rest_route=%2Fwp%2Fv2%2Fmedia&parent=10370"}],"wp:term":[{"taxonomy":"category","embeddable":true,"href":"https:\/\/www.kultursidan.nu\/index.php?rest_route=%2Fwp%2Fv2%2Fcategories&post=10370"},{"taxonomy":"post_tag","embeddable":true,"href":"https:\/\/www.kultursidan.nu\/index.php?rest_route=%2Fwp%2Fv2%2Ftags&post=10370"}],"curies":[{"name":"wp","href":"https:\/\/api.w.org\/{rel}","templated":true}]}}