{"id":10397,"date":"2013-06-05T11:20:00","date_gmt":"2013-06-05T10:20:00","guid":{"rendered":"https:\/\/intelligent-friend-7861.standoutwp.com\/?p=10397"},"modified":"2013-06-24T21:04:14","modified_gmt":"2013-06-24T20:04:14","slug":"ta-en-titt-i-emelie-pipers-fotoalbum-pa-lofstad-reportage","status":"publish","type":"post","link":"https:\/\/www.kultursidan.nu\/?p=10397","title":{"rendered":"Ta en titt i Emelie Pipers fotoalbum p\u00e5 L\u00f6fstad (reportage)"},"content":{"rendered":"<p><a href=\"http:\/\/www.flickr.com\/photos\/kultursidan\/8957649992\/\" title=\"Det ljusa utst\u00e4llningsrummet leker med storleksrelationerna. by Kultursidan, on Flickr\"><img loading=\"lazy\" decoding=\"async\" src=\"http:\/\/farm6.staticflickr.com\/5323\/8957649992_f6b452164e.jpg\" width=\"500\" height=\"333\" alt=\"Det ljusa utst\u00e4llningsrummet leker med storleksrelationerna.\"><\/a><\/p>\n<p><em>Ljusrum. Utst\u00e4llningen tar vara p\u00e5 h\u00f6jden i det luftiga rummet och leker med proportionerna. <\/em><\/p>\n<p>&nbsp;<\/p>\n<h1><span style=\"color: #ff0000;\">Foto \u2013 en hobby p\u00e5 modet<\/span><\/h1>\n<p>&nbsp;<\/p>\n<p><strong>I den r\u00f6da lampans sken i m\u00f6rkrummet kunde Emelie Piper se sina fotografier v\u00e4xa fram p\u00e5 papperet.<\/strong> M\u00e5nga av hennes bilder finns kvar liksom lampan, till och med de v\u00e4lanv\u00e4nda framkallningssk\u00e5larna med rester av kemiska v\u00e4tskor.<\/p>\n<p>\u2013 Jag tror att hon tog ganska mycket bilder, s\u00e4ger museiintendenten Marie Nordeman. Vi har l\u00e4nge talat om att vi vill visa mer av Emelies saker. Nu kom Foto\u00e5ret som \u00e4r gemensamt f\u00f6r museerna i \u00d6sterg\u00f6tland.<\/p>\n<p><strong>Sommarens utst\u00e4llning i flygeln vid L\u00f6fstad slott \u00e4gnas d\u00e4rf\u00f6r \u00e5t adelsfr\u00f6ken Emelies och samtidens stora fotointresse.<\/strong> Marie Nordeman har placerat Emelie Pipers hela fotoutrustning vid entr\u00e9n med den beh\u00e4ndiga kameran Al Vista, ink\u00f6pt vid 1800-talets slut, som huvudf\u00f6rem\u00e5l. En filmrulle finns kvar, i fullformat.<\/p>\n<p>Utst\u00e4llningen tar vara p\u00e5 det h\u00f6ga ljusa rummet och leker med proportionerna, p\u00e5 samma s\u00e4tt som en fotograf kan f\u00f6rstora sina bilder. Vid sitt skrivbord kunde L\u00f6fstads slotts sista \u00e4garinna sitta och klistra upp sina bilder i fotoalbum. Uppf\u00f6rstorade \u201dalbum\u201d st\u00e5r p\u00e5 golvet, en av bilderna visar den adliga fotografen i aktion, p\u00e5 en semesterresa. P\u00e5 v\u00e4ggen h\u00e4nger n\u00e5gra av hennes portr\u00e4tt i j\u00e4tteformat. Och Marie Nordeman visar p\u00e5 ett album i dockformat \u2013 modetrenderna letade sig raskt in i barnens v\u00e4rld.<\/p>\n<p><strong>Bilderna i albumen, \u00e4kta s\u00e5v\u00e4l som utst\u00e4llningsversionerna, har h\u00e4mtats fr\u00e5n flera olika h\u00e5ll.<\/strong> Maria Nordeman visar ett av Emelies album, fyllt med portr\u00e4tt av sl\u00e4ktingar och v\u00e4nner. De bilderna har tagits i atelj\u00e9er, inte av Emelie.<\/p>\n<p>\u2013 Det var vanligt att man gick till fotografen och l\u00e4t sig fotograferas. Portr\u00e4tten skickade man till sina v\u00e4nner.<\/p>\n<p>Ett h\u00f6rn i utst\u00e4llningen visar hur en fotografs atelj\u00e9 kunde se ut. Marie Nordeman demonstrerar: en vacker stol att sitta p\u00e5, en antik halvkolonn att luta armb\u00e5gen emot och en klassisk vy i fonden.<\/p>\n<p><strong>Ska man hitta Emelie Pipers egna fotografier ska man leta efter bilder som skildrar vardagslivet.<\/strong> N\u00e4r v\u00e4nner kommer p\u00e5 bes\u00f6k och sitter vid kaffebordet, n\u00e4r det \u00e4r dags f\u00f6r \u00e4pplesk\u00f6rd. N\u00e4r man \u00e4r p\u00e5 semester. Ungef\u00e4r samma bilder vi tar \u00e4n idag.<\/p>\n<p>Det \u00e4r inte helt enkelt att avg\u00f6ra vilka hon tagit eftersom professionella fotografer reste runt och erbj\u00f6d sina tj\u00e4nster. Det \u00e4r s\u00e5 en stor del av den svenska fotoskatten kommit till, en arbetsstyrka som st\u00e4ller upp sig f\u00f6r bild och delar p\u00e5 betalningen. \u00c4ven s\u00e5dana bilder finns <em>I Emelies album.<\/em><\/p>\n<p><em>Text och foto: Ann-Charlotte Sandelin <\/em><\/p>\n<p>&nbsp;<\/p>\n<ul>\n<li>\n<h3>L\u00d6FSTAD SLOTT Norrk\u00f6ping<\/h3>\n<\/li>\n<li><em>1 juni \u2013 8 september 2013<br \/>\n<\/em><strong>I Emelies album<br \/>\n<\/strong>Utst\u00e4llning om Emelie Pipers fotointresse<\/li>\n<\/ul>\n<p>L\u00c4NKAR<br \/>\nL\u00f6fstad slott <a title=\"L\u00f6fstad slott\" href=\"http:\/\/www.lofstad.nu\" target=\"_blank\">hemsida<\/a><\/p>\n<p>FLER BILDER FR\u00c5N UTST\u00c4LLNINGEN \u2013 KLICKA<\/p>\n<p>[flickr-gallery mode=&#8221;photoset&#8221; photoset=&#8221;72157633944058978&#8243;]<\/p>\n","protected":false},"excerpt":{"rendered":"<p>NORRK\u00d6PING Att fotografera blev p\u00e5 modet n\u00e4r kamerorna blev l\u00e4ttare att hantera. Emelie Piper som h\u00e4rskade p\u00e5 L\u00f6fstad slott skaffade en kamera och all utrustning som beh\u00f6vdes. Utst\u00e4llningen i slottsflygeln visar kameran, fotoalbum och en studiomilj\u00f6. <a class=\"continue-reading-link\" href=\"https:\/\/www.kultursidan.nu\/?p=10397\">L\u00e4s mer <span class=\"meta-nav\">&rarr; <\/span><\/a><\/p>\n","protected":false},"author":1001006,"featured_media":0,"comment_status":"closed","ping_status":"open","sticky":false,"template":"","format":"standard","meta":{"_jetpack_memberships_contains_paid_content":false,"footnotes":""},"categories":[7],"tags":[17,47],"class_list":["post-10397","post","type-post","status-publish","format-standard","hentry","category-norrkoping","tag-foto","tag-utstallning"],"jetpack_featured_media_url":"","jetpack_sharing_enabled":true,"_links":{"self":[{"href":"https:\/\/www.kultursidan.nu\/index.php?rest_route=\/wp\/v2\/posts\/10397","targetHints":{"allow":["GET"]}}],"collection":[{"href":"https:\/\/www.kultursidan.nu\/index.php?rest_route=\/wp\/v2\/posts"}],"about":[{"href":"https:\/\/www.kultursidan.nu\/index.php?rest_route=\/wp\/v2\/types\/post"}],"author":[{"embeddable":true,"href":"https:\/\/www.kultursidan.nu\/index.php?rest_route=\/wp\/v2\/users\/1001006"}],"replies":[{"embeddable":true,"href":"https:\/\/www.kultursidan.nu\/index.php?rest_route=%2Fwp%2Fv2%2Fcomments&post=10397"}],"version-history":[{"count":0,"href":"https:\/\/www.kultursidan.nu\/index.php?rest_route=\/wp\/v2\/posts\/10397\/revisions"}],"wp:attachment":[{"href":"https:\/\/www.kultursidan.nu\/index.php?rest_route=%2Fwp%2Fv2%2Fmedia&parent=10397"}],"wp:term":[{"taxonomy":"category","embeddable":true,"href":"https:\/\/www.kultursidan.nu\/index.php?rest_route=%2Fwp%2Fv2%2Fcategories&post=10397"},{"taxonomy":"post_tag","embeddable":true,"href":"https:\/\/www.kultursidan.nu\/index.php?rest_route=%2Fwp%2Fv2%2Ftags&post=10397"}],"curies":[{"name":"wp","href":"https:\/\/api.w.org\/{rel}","templated":true}]}}