{"id":10932,"date":"2013-06-19T20:53:34","date_gmt":"2013-06-19T19:53:34","guid":{"rendered":"https:\/\/intelligent-friend-7861.standoutwp.com\/?p=10932"},"modified":"2013-07-08T16:24:55","modified_gmt":"2013-07-08T15:24:55","slug":"cederdalen-baddar-in-arets-folklustspel","status":"publish","type":"post","link":"https:\/\/www.kultursidan.nu\/?p=10932","title":{"rendered":"Cederdalen b\u00e4ddar in \u00e5rets folklustspel"},"content":{"rendered":"<p><a href=\"http:\/\/www.flickr.com\/photos\/kultursidan\/9084313816\/\" title=\"S\u00e5ng\u00f6vning. Cecilia Norinder Fagrell spelar p\u00e5 tramporgel f\u00f6r Lisen Kromn\u00e9r och Fredrik Pettersson. by Kultursidan, on Flickr\"><img loading=\"lazy\" decoding=\"async\" src=\"http:\/\/farm6.staticflickr.com\/5443\/9084313816_d637bc5670.jpg\" width=\"500\" height=\"333\" alt=\"S\u00e5ng\u00f6vning. Cecilia Norinder Fagrell spelar p\u00e5 tramporgel f\u00f6r Lisen Kromn\u00e9r och Fredrik Pettersson.\"><\/a><\/p>\n<p><i>Tramporgel i paradiset. Cecilia Norinder Fagrell spelar b\u00e5de orgel och hemhj\u00e4lp i f\u00f6rest\u00e4llningen. H\u00e4r repeterar hon med Lisen Kromn\u00e9r och Fredrik Pettersson.<\/i><\/p>\n<p>&nbsp;<\/p>\n<h1><span style=\"color: #ff0000;\">&#8221;Och \u00e4r man blyg \u00e4r det bara att brista ut i s\u00e5ng&#8221;<\/span><\/h1>\n<p>&nbsp;<\/p>\n<p><b>Solen skiner och det \u00e4r full fart i gr\u00f6nskande Cederdalen.<\/b> Det gr\u00f6na lusthuset som \u00e4r kostym- och rekvisitaf\u00f6rr\u00e5d och loge r\u00e4cker inte till f\u00f6r alla som byter om och sminkar sig. N\u00e5gon s\u00e4tter sig i bilen som har spegel p\u00e5 solskyddets baksida. Idag ska det stora ensembleportr\u00e4ttet tas, som ska in i programmet. N\u00e4sta fredag \u00e4r det premi\u00e4r f\u00f6r <i>Folket i Skinnarviksbergen<\/i>, \u00e5rets utvalda folklustspel av Gideon Wahlberg.<\/p>\n<p>\u2013 Vi t\u00e4nker att platsen, ja bara folk kommer runt h\u00f6rnet och ser huset\u2026 platsen sl\u00e5r an tonen. Nu \u00e4r det 1930-tal, nu \u00e4r det Gideon Wahlberg. Det h\u00e4r \u00e4r en plats som folk m\u00e5r bra av.<\/p>\n<p>Andreas Sneckenberg som producerar f\u00f6rest\u00e4llningen och ocks\u00e5 spelar rollen Sten St\u00e5hler, en snofsig filmregiss\u00f6r, \u00e4lskar Cederdalen. Den gamla handelstr\u00e4dg\u00e5rden \u00e4gdes av hans sl\u00e4kt under m\u00e5nga \u00e5r i en tid som ocks\u00e5 var Gideon Wahlbergs tid. Nu \u00e4gs huset av \u201dden fantastiska familjen som bor h\u00e4r och \u00f6ppnar upp f\u00f6r oss under en m\u00e5nad\u201d.<\/p>\n<p><b>Fjorton personer ing\u00e5r i ensemblen, flera gamla \u201dr\u00e4var\u201d men ocks\u00e5 nya ansikten.<\/b> Nyast av alla \u00e4r Elias Dahlgren, 27 \u00e5r gammal, som helt nyligen tog tag i ungdomsdr\u00f6mmen om teater och gjorde scendebut p\u00e5 Kvartersteaterns festival i v\u00e5ras.<\/p>\n<p>\u2013 Jag kommer fr\u00e5n Sorsele och d\u00e4r \u00e4r det mest jakt och fiske och motorer, ber\u00e4ttar folklustspelets nye unge \u00e4lskare.<\/p>\n<p>Det \u00e4r en sv\u00e5r roll, i alla Gideon Wahlbergs pj\u00e4ser, som \u00e4r s\u00e5 fulla med komiska figurer, finns alltid det unga oskyldiga paret, den rara flickan och den prydliga unge mannen, h\u00e4r vid namn Sigurd Sonander. Men Elias har valt att se det som en utmaning.<\/p>\n<p><b>\u2013 Han \u00e4r ju duktig och han \u00e4r den ende som kan alltihop.<\/b> Bettan H\u00e4gg \u00e4r gener\u00f6s med ber\u00f6mmet till Elias.<\/p>\n<p>\u2013 Jag b\u00f6rjade repa i l\u00f6rdags. Det \u00e4r lite sp\u00e4nnande, det \u00e4r sju \u00e5r sedan jag gjorde n\u00e5got h\u00e4r senast \u2013 i Gubbens tr\u00e4dg\u00e5rd med Robban och Nettan och Kaj L\u00e4rka, s\u00e4ger \u00e5terv\u00e4ndaren Bettan H\u00e4gg som numera bor i Ume\u00e5.<\/p>\n<p>Hon ger sig in i minnen fr\u00e5n f\u00f6rr och det st\u00e5r allt klarare att hon \u00e4r en del av Norrk\u00f6pings revyadel fr\u00e5n tidigt 1990-tal, toppad med en tre \u00e5r l\u00e5ng krogshowsperiod p\u00e5 Palace tillsammans med m\u00e5nga fr\u00e5n Norrk\u00f6ping vars stj\u00e4rnor i dag lyser klart. Hon n\u00e4mner dem vid namn, var och en med v\u00e4rme. Och \u00e4r glad att semestern med barnbarnen kan sammanfalla med \u201dtre sm\u00e5 repliker\u201d.<\/p>\n<p>\u2013 S\u00e4g bara till mig vad jag ska g\u00f6ra s\u00e5 g\u00f6r jag det. Jag \u00e4r lycklig \u00f6ver att jag slipper sjunga, s\u00e4ger Bettan H\u00e4gg som f\u00e5tt mejeributiksexpediten Gretas roll p\u00e5 sin lott.<\/p>\n<p><b>\u2013 Jag har l\u00e4st p\u00e5 om den tiden, i grunden \u00e4r jag ju historiker, ber\u00e4ttar regiss\u00f6ren Mattias Sch\u00f6nbeck.<\/b> Han spelar ocks\u00e5 en mindre roll, som grosshandlare Gr\u00fcneus. Naturligtvis med hatt, en som man lyfter artigt p\u00e5.<\/p>\n<p><i>Folket i Skinnarviksbergen<\/i> hade premi\u00e4r 1936 och Mattias Sch\u00f6nbeck kan placera pj\u00e4sen i tiden, filmerna som hade premi\u00e4r och vilka politikerna var som fick sina sl\u00e4ngar. F\u00f6r Gideon Wahlberg placerade folklustspelen i sin egen tid och l\u00e4t den smyga in i replikerna, ja ungef\u00e4r som Shakespeare gjorde p\u00e5 sin tid.<\/p>\n<p><b>\u00c5ren som har g\u00e5tt har f\u00f6r\u00e4ndrat mycket.<\/b> Kostymerna fascinerar oss. Det spr\u00e5kbruk som var p\u00e5 modet 1936 l\u00e5ter lustigt i v\u00e5ra \u00f6ron. Den d\u00e5 givna samh\u00e4llsordningen ser annorlunda ut idag. Gideon Wahlbergs pj\u00e4ser har \u00e4nd\u00e5 samma grundproblematik som s\u00e5 m\u00e5nga av klassikerna med konflikter mellan klass och generationer, med maktkamp och k\u00e4rlekstrubbel. Men alltid p\u00e5 det vanliga folkets sida.<\/p>\n<p>\u2013 Det \u00e4r s\u00e5 bra med Wahlberg, alla f\u00e5r alla i slutet. Och \u00e4r man bara f\u00f6r blyg f\u00f6r att s\u00e4ga vad man tycker s\u00e5 bryter man bara ut i s\u00e5ng. Vi skulle beh\u00f6va mer folklustspel i landet, avslutar Andreas Sneckenberg.<\/p>\n<p><i>Text: Ann-Charlotte Sandelin<br \/>\nFoto: Robert Betts<\/i><\/p>\n<p>&nbsp;<\/p>\n<ul>\n<li>\n<blockquote>\n<h3 style=\"padding-left: 30px;\"><em>CEDERDALEN, Ingelsta, Norrk\u00f6ping<\/em><\/h3>\n<\/blockquote>\n<\/li>\n<\/ul>\n<ul>\n<ul>\n<ul>\n<li>\n<blockquote><p>28 juni \u2013 13 juli 2013<em><br \/>\n<b>Folket i Skinnarviksbergen<br \/>\n<\/b>av Gideon Wahlberg<br \/>\nRegi: Mattias Sch\u00f6nbeck<br \/>\nKapellm\u00e4stare &amp; koreograf: Cecilia Norinder Fagrell<br \/>\nProduktion: Cederdalen Kultur &amp; Teater<br \/>\nMEDVERKANDE<\/em><br \/>\n<em>Mattias Sch\u00f6nbeck, Per Sallerb\u00e4ck, Josefin Sch\u00f6nbeck, Lisen Kromn\u00e9r,<br \/>\nElias Dahlgren, Cecilia Norinder Fagrell, J-B Olofsson, Jakob Sj\u00f6berg,<br \/>\nWilhelm Sch\u00f6nbeck, Fredrik Pettersson, Andreas Sneckenberg, Anki Wastesson,<br \/>\nLotta M\u00e5nsson, Bettan H\u00e4gg.<\/em><\/p><\/blockquote>\n<\/li>\n<\/ul>\n<\/ul>\n<\/ul>\n<p>L\u00c4NKAR<br \/>\nFolket i Skinnarviksbergen <a title=\"Info\" href=\"http:\/\/www.pagang.info\/Event.aspx?s=142123&amp;e=1992805\" target=\"_blank\">info <\/a><\/p>\n<p>FLER BILDER FR\u00c5N CEDERDALEN \u2013 KLICKA<br \/>\n[flickr-gallery mode=&#8221;photoset&#8221; photoset=&#8221;72157634207055501&#8243;]<\/p>\n","protected":false},"excerpt":{"rendered":"<p>NORRK\u00d6PING Cederdalen Kultur &#038; Teater har flyttat ut i sommaren. Med mindre \u00e4n tv\u00e5 veckor kvar till premi\u00e4r trappar amat\u00f6rsk\u00e5despelarna upp tempot inf\u00f6r \u00e5rets folklustspel av Gideon Wahlberg. Bland gamla och nya r\u00e4var ses \u00e5terv\u00e4ndaren Bettan H\u00e4gg. <a class=\"continue-reading-link\" href=\"https:\/\/www.kultursidan.nu\/?p=10932\">L\u00e4s mer <span class=\"meta-nav\">&rarr; <\/span><\/a><\/p>\n","protected":false},"author":1001006,"featured_media":0,"comment_status":"closed","ping_status":"open","sticky":false,"template":"","format":"standard","meta":{"_jetpack_memberships_contains_paid_content":false,"footnotes":""},"categories":[7],"tags":[34,12],"class_list":["post-10932","post","type-post","status-publish","format-standard","hentry","category-norrkoping","tag-folklustspel","tag-teater"],"jetpack_featured_media_url":"","jetpack_sharing_enabled":true,"_links":{"self":[{"href":"https:\/\/www.kultursidan.nu\/index.php?rest_route=\/wp\/v2\/posts\/10932","targetHints":{"allow":["GET"]}}],"collection":[{"href":"https:\/\/www.kultursidan.nu\/index.php?rest_route=\/wp\/v2\/posts"}],"about":[{"href":"https:\/\/www.kultursidan.nu\/index.php?rest_route=\/wp\/v2\/types\/post"}],"author":[{"embeddable":true,"href":"https:\/\/www.kultursidan.nu\/index.php?rest_route=\/wp\/v2\/users\/1001006"}],"replies":[{"embeddable":true,"href":"https:\/\/www.kultursidan.nu\/index.php?rest_route=%2Fwp%2Fv2%2Fcomments&post=10932"}],"version-history":[{"count":0,"href":"https:\/\/www.kultursidan.nu\/index.php?rest_route=\/wp\/v2\/posts\/10932\/revisions"}],"wp:attachment":[{"href":"https:\/\/www.kultursidan.nu\/index.php?rest_route=%2Fwp%2Fv2%2Fmedia&parent=10932"}],"wp:term":[{"taxonomy":"category","embeddable":true,"href":"https:\/\/www.kultursidan.nu\/index.php?rest_route=%2Fwp%2Fv2%2Fcategories&post=10932"},{"taxonomy":"post_tag","embeddable":true,"href":"https:\/\/www.kultursidan.nu\/index.php?rest_route=%2Fwp%2Fv2%2Ftags&post=10932"}],"curies":[{"name":"wp","href":"https:\/\/api.w.org\/{rel}","templated":true}]}}