{"id":10993,"date":"2013-06-24T20:31:49","date_gmt":"2013-06-24T19:31:49","guid":{"rendered":"https:\/\/intelligent-friend-7861.standoutwp.com\/?p=10993"},"modified":"2013-07-08T16:29:23","modified_gmt":"2013-07-08T15:29:23","slug":"provpublik-sokes-till-2-korta-1-lang","status":"publish","type":"post","link":"https:\/\/www.kultursidan.nu\/?p=10993","title":{"rendered":"Provpublik s\u00f6kes till 2 korta 1 l\u00e5ng"},"content":{"rendered":"<p><a href=\"http:\/\/www.flickr.com\/photos\/kultursidan\/9128329828\/\" title=\"Roligt n\u00e4stan j\u00e4mt. by Kultursidan, on Flickr\"><img loading=\"lazy\" decoding=\"async\" src=\"http:\/\/farm4.staticflickr.com\/3741\/9128329828_fc92b9d6e5.jpg\" width=\"500\" height=\"332\" alt=\"Roligt n\u00e4stan j\u00e4mt.\"><\/a><\/p>\n<p><i>Glatt s\u00e4llskap. \u2013 Erik \u00e4r grymt rolig men sjunger som en gud, ber\u00f6mmer Carina Perenkranz och Pernilla Parszyk om tillskottet Erik Linder.<\/i><\/p>\n<p>&nbsp;<\/p>\n<h1><span style=\"color: #ff0000;\">\u201dVi var n\u00e4ra att komma med i Mello\u201d<\/span><\/h1>\n<p>&nbsp;<\/p>\n<p><b>\u2013 Det blir provf\u00f6rest\u00e4llning p\u00e5 onsdag, vi testar showen p\u00e5 en publik som inte betalar.<\/b> Vi beh\u00f6ver k\u00e4nna kurvan, om det g\u00e5r hem hos publiken.<\/p>\n<p>S\u00e5 bra d\u00e5 att Carina Perenkranz och \u00f6vriga Chopp Event-g\u00e4nget redan hunnit etablera Str\u00f6msholmen som plats f\u00f6r underh\u00e5llning n\u00e4r hon nu tar sig an n\u00e4sta sommarn\u00f6je efter att sommarrevyn <em>Str\u00f6mt va d\u00e4\u2019 h\u00e4r<\/em> tar juliuppeh\u00e5ll. Dags f\u00f6r showen <i>2 korta 1 l\u00e5ng<\/i> tillsammans med deltids-parh\u00e4sten Pernilla Parszyk. F\u00f6r vid sidan av film-reklamjobbet som Judit &amp; Judit har de blivit mycket efterfr\u00e5gade som de artister de \u00e4r, stand up varvas med f\u00f6retagsjobb.<\/p>\n<p>\u2013 Vi har blivit mer och mer Pernilla och Carina med publiken, inte bara Judit &amp; Judit, \u00e4ven om det \u00e4r grunden, s\u00e4ger Pernilla Parszyk. \u2013 Vi g\u00f6r ju ocks\u00e5 Strindberg tillsammans. Som sk\u00e5despelare beh\u00f6ver man omv\u00e4xling, Strindberg f\u00f6r sj\u00e4len och showen f\u00f6r pengarna.<\/p>\n<p>\u2013 Nej, det l\u00e5ter f\u00f6r krasst, f\u00f6r br\u00f6det p\u00e5 bordet, r\u00e4ttar Carina Perenkranz.<\/p>\n<p><b>Till sommarshowen ins\u00e5g de att de beh\u00f6vde komplettera, helst med en man.<\/b> Musikproducenten Pelle Parszyk, Pernillas bror, pekade med hela handen p\u00e5 singer\/songwritern Erik Linder. En bekantskap som faktisk inte \u00e4r helt ny.<\/p>\n<p>\u2013 Vi var n\u00e4ra att komma med i Mello med en l\u00e5t som Erik skrivit, avsl\u00f6jar Carina Perenkranz. Vi jobbade med texten tillsammans.<\/p>\n<p>\u2013 Det var n\u00e4ra men s\u00e5 fyllde Jean Banan sloten f\u00f6r roliga l\u00e5tar, s\u00e4ger Erik Linder och visar med h\u00e4nderna hur Melodifestivalen byggs upp av en genrebredd d\u00e4r antalet roliga l\u00e5tar \u00e4r begr\u00e4nsat, minst sagt.<\/p>\n<p><b>Erik Linder \u00e4r killen fr\u00e5n Talang som sj\u00f6ng i Melodifestivalen 2010.<\/b> Han skriver svensk akustisk pop och har vunnit en bred publik.<\/p>\n<p>\u2013 Jag tror att jag \u00e4r den artist som varit med i Bingo-Lotto flest g\u00e5nger. Jag \u00e4r en l\u00e4ttsam kille privat men musiken jag skriver \u00e4r mer lugn, jag tror du skulle gilla den.<\/p>\n<p>Och s\u00e5 \u00e4r han l\u00e5ng, \u00e5tminstone l\u00e4ngre \u00e4n Carina Perenkranz och Pernilla Parszyk, vilket givit showen dess namn. F\u00f6rutom att de faktiskt bjuder p\u00e5 den d\u00e4r Mello-s\u00e5ngen som aldrig kom med avsl\u00f6jar de inget om inneh\u00e5llet.<\/p>\n<p>\u2013 Vi \u00e4r roliga och Erik sjunger, s\u00e4ger Pernilla Parszyk.<br \/>\n\u2013 Erik \u00e4r grymt rolig ocks\u00e5 men du sjunger ju som en gud, justerar Carina Perenkranz.<\/p>\n<p>N\u00e5, det kommer fram att Erik f\u00e5r vara rolig i showen samtidigt som Pernilla och Carina ocks\u00e5 f\u00e5r sjunga. Texterna har de skrivit tillsammans och Erik Linder st\u00e5r f\u00f6r merparten av musiken.<\/p>\n<p><b>Nu repeterar de tillsammans med Johan Klarbrant, k\u00e4nd fr\u00e5n b\u00e5de \u00d6stg\u00f6tateatern och Chopp Event, som st\u00e5r f\u00f6r koreografi och \u00e4r det yttre \u00f6gat.<\/b> Det blir n\u00e5gra intensiva dagar p\u00e5 scenen p\u00e5 Str\u00f6msholmen innan det \u00e4r dags f\u00f6r onsdagens provf\u00f6rest\u00e4llning. Premi\u00e4r i Ystad p\u00e5 s\u00f6ndag.<\/p>\n<p>\u2013 Det blir en personlig humoristisk musikalisk show, 60 minuter underh\u00e5llning d\u00e4r vi bjuder p\u00e5 oss sj\u00e4lva, s\u00e4ger Carina Perenkranz.<\/p>\n<p>\u2013 Om vi lyckas med det vi vill s\u00e5 kommer publiken att sitta med g\u00e5shud ena stunden, skratta i n\u00e4sta och dansa mot slutet av showen, avslutar Erik Linder.<\/p>\n<p><i>Text: Ann-Charlotte Sandelin<br \/>\nFoto: Sven \u00c5ke Molund<\/p>\n<p><\/i><\/p>\n<p>&nbsp;<\/p>\n<blockquote>\n<h3><em>STR\u00d6MSHOLMEN Norrk\u00f6ping<\/em><\/h3>\n<p>26 juni 2013 kl 19<em><br \/>\n<b>2 korta 1 l\u00e5ng<br \/>\n<\/b>Show av och med<\/em><br \/>\n<em> Carina Perenkranz, Pernilla Parszyk och Erik Linder<\/em><br \/>\n<em>Koreografi &amp; regi\u00f6ga: Johan Klarbrant<br \/>\nFri entr\u00e9.<br \/>\n<\/em><\/p><\/blockquote>\n<p>&nbsp;<\/p>\n<p>L\u00c4NKAR<br \/>\nErik Linder <a title=\"Erik Linder\" href=\"http:\/\/eriklinder.net\" target=\"_blank\">hemsida <\/a><br \/>\nCarina &#038; Pernilla <a href=\"http:\/\/blogg.improveme.se\/carinapernilla\/\" title=\"blogg\" target=\"_blank\">blogg<\/a><br \/>\nChopp Event <a title=\"Chopp Event\" href=\"http:\/\/www.choppevent.se\/\" target=\"_blank\">hemsida<\/a><\/p>\n<p>FLER BILDER FR\u00c5N STR\u00d6MSHOLMEN \u2013 KLICKA<\/p>\n<p>[flickr-gallery mode=&#8221;photoset&#8221; photoset=&#8221;72157634302308661&#8243;]<\/p>\n","protected":false},"excerpt":{"rendered":"<p>NORRK\u00d6PING Bes\u00f6k Str\u00f6msholmen p\u00e5 onsdag n\u00e4r Carina Perenkranz bjuder p\u00e5 show tillsammans med Pernilla Parszyk och Erik Linder. Det \u00e4r en gratis provf\u00f6rest\u00e4llning inf\u00f6r helgens premi\u00e4r i Ystad. Roligheter blandas med lugna l\u00e5tar. <a class=\"continue-reading-link\" href=\"https:\/\/www.kultursidan.nu\/?p=10993\">L\u00e4s mer <span class=\"meta-nav\">&rarr; <\/span><\/a><\/p>\n","protected":false},"author":1001006,"featured_media":0,"comment_status":"closed","ping_status":"open","sticky":false,"template":"","format":"standard","meta":{"_jetpack_memberships_contains_paid_content":false,"footnotes":""},"categories":[7],"tags":[42],"class_list":["post-10993","post","type-post","status-publish","format-standard","hentry","category-norrkoping","tag-show"],"jetpack_featured_media_url":"","jetpack_sharing_enabled":true,"_links":{"self":[{"href":"https:\/\/www.kultursidan.nu\/index.php?rest_route=\/wp\/v2\/posts\/10993","targetHints":{"allow":["GET"]}}],"collection":[{"href":"https:\/\/www.kultursidan.nu\/index.php?rest_route=\/wp\/v2\/posts"}],"about":[{"href":"https:\/\/www.kultursidan.nu\/index.php?rest_route=\/wp\/v2\/types\/post"}],"author":[{"embeddable":true,"href":"https:\/\/www.kultursidan.nu\/index.php?rest_route=\/wp\/v2\/users\/1001006"}],"replies":[{"embeddable":true,"href":"https:\/\/www.kultursidan.nu\/index.php?rest_route=%2Fwp%2Fv2%2Fcomments&post=10993"}],"version-history":[{"count":0,"href":"https:\/\/www.kultursidan.nu\/index.php?rest_route=\/wp\/v2\/posts\/10993\/revisions"}],"wp:attachment":[{"href":"https:\/\/www.kultursidan.nu\/index.php?rest_route=%2Fwp%2Fv2%2Fmedia&parent=10993"}],"wp:term":[{"taxonomy":"category","embeddable":true,"href":"https:\/\/www.kultursidan.nu\/index.php?rest_route=%2Fwp%2Fv2%2Fcategories&post=10993"},{"taxonomy":"post_tag","embeddable":true,"href":"https:\/\/www.kultursidan.nu\/index.php?rest_route=%2Fwp%2Fv2%2Ftags&post=10993"}],"curies":[{"name":"wp","href":"https:\/\/api.w.org\/{rel}","templated":true}]}}