{"id":11080,"date":"2013-06-28T22:24:57","date_gmt":"2013-06-28T21:24:57","guid":{"rendered":"https:\/\/intelligent-friend-7861.standoutwp.com\/?p=11080"},"modified":"2013-07-09T13:12:36","modified_gmt":"2013-07-09T12:12:36","slug":"bravallafestivalen-som-ett-gigantiskt-ufo","status":"publish","type":"post","link":"https:\/\/www.kultursidan.nu\/?p=11080","title":{"rendered":"Br\u00e5vallafestivalen som ett gigantiskt ufo"},"content":{"rendered":"<p><a href=\"http:\/\/www.flickr.com\/photos\/kultursidan\/9160270267\/\" title=\"Att resa med festivalen \u00e4r som att resa med ett rymdskepp. Turen med pariserhjulet kanske inte n\u00e5r lika l\u00e5ngt. by Kultursidan, on Flickr\"><img loading=\"lazy\" decoding=\"async\" src=\"http:\/\/farm4.staticflickr.com\/3732\/9160270267_011998ce19.jpg\" width=\"500\" height=\"332\" alt=\"Att resa med festivalen \u00e4r som att resa med ett rymdskepp. Turen med pariserhjulet kanske inte n\u00e5r lika l\u00e5ngt.\"><\/a><\/p>\n<p><i>Festivalen \u00e4r som att resa med ett rymdskepp i natten. Turen med pariserhjulet kanske inte n\u00e5r lika l\u00e5ngt.<\/i><\/p>\n<p>&nbsp;<\/p>\n<h1><span style=\"color: #ff0000;\">\u201dTexter som ber\u00f6r och en r\u00f6st som f\u00f6rtrollar\u201d<\/span><\/h1>\n<p>&nbsp;<\/p>\n<p><b>Br\u00e5vallafestivalen med sitt myllrande \u00f6verfl\u00f6d av m\u00e4nniskor, musikstilar och aktiviteter p\u00e5minner p\u00e5 ett s\u00e4tt om ett gigantiskt ufo<\/b> som landat i den \u00f6stg\u00f6tska myllan p\u00e5 det gamla flygf\u00e4ltet. Den nyf\u00f6dda festivalen strax utanf\u00f6r den gamla arbetarstaden Norrk\u00f6ping bjuder p\u00e5 m\u00e5nga vis p\u00e5 motsatser. Under min f\u00f6rsta kv\u00e4ll p\u00e5 Br\u00e5valla kastas jag mellan dessa fler \u00e4n en g\u00e5ng.<br \/>\nDen svala brisen \u00f6ver Br\u00e5valla representerar Eva Dahlgren. Jag lyckas alltid bli v\u00e4ldigt ber\u00f6rd av Eva Dahlgrens vackra r\u00f6st och m\u00e5lande texter. Under konserten str\u00f6mmar folk f\u00f6rbi, de som stannar l\u00e4nge \u00e4r lite \u00e4ldre. Kanske v\u00e4xte de upp med hennes musik. Hon sjunger en helt ny l\u00e5t; <i>S\u00e4g mitt namn<\/i> som hon aldrig tidigare framf\u00f6rt live. Jag \u00f6nskar jag kunde f\u00e5tt h\u00f6rt den ytterligare en g\u00e5ng. Eva har texter som ber\u00f6r och en r\u00f6st som f\u00f6rtrollar och l\u00e4mnar en andaktsfull st\u00e4mning i publiken.<br \/>\n<a title=\"Ghost by Kultursidan, on Flickr\" href=\"http:\/\/www.flickr.com\/photos\/kultursidan\/9158366527\/\"><img loading=\"lazy\" decoding=\"async\" alt=\"Ghost\" src=\"http:\/\/farm6.staticflickr.com\/5512\/9158366527_45d6e4d21c.jpg\" width=\"500\" height=\"332\" \/><\/a><br \/>\n<i>Sakralt och bombastiskt p\u00e5 samma g\u00e5ng. Ghost fr\u00e5n Link\u00f6ping.<\/i><br \/>\n<b>P\u00e5 motsatsernas festival \u00e4r steget kort mellan andakt och midnattsm\u00e4ssa.<\/b> Jag ser Ghost, ett svenskt melodiskt heavy metal-band fr\u00e5n Link\u00f6ping. Deras musik \u00e4r bombastisk med sakrala influenser. Bandet, som upptr\u00e4der i masker, \u00e4r mycket skickliga och konserten g\u00f6r mig nyfiken p\u00e5 att h\u00f6ra mer av detta band.<\/p>\n<p>En helt annan typ av intensitet m\u00f6ter mig i det amerikanska rockbandet Paramore med s\u00e5ngerskan Hayley Williams som ocks\u00e5 blir de b\u00e4sta jag f\u00e5r med mig av kv\u00e4llen. Bandets smittande energi bara v\u00e4ller \u00f6ver scenkanten och publiken dansar och ler.<br \/>\nWilliams uttrycker sin tacksamhet f\u00f6r att vi kommit endast f\u00f6r att se just dem n\u00e4r vi egentligen kunde valt n\u00e5got av de andra banden p\u00e5 festivalen.<br \/>\n<a title=\"8 Paramore by Kultursidan, on Flickr\" href=\"http:\/\/www.flickr.com\/photos\/kultursidan\/9162438644\/\"><img loading=\"lazy\" decoding=\"async\" alt=\"8 Paramore\" src=\"http:\/\/farm3.staticflickr.com\/2833\/9162438644_d03997a652.jpg\" width=\"500\" height=\"332\" \/><\/a><br \/>\n<em>Poprock fr\u00e5n Tennessee p\u00e5 Green stage.\u00a0<\/em> <i>Paramores energi v\u00e4llde \u00f6ver scenkanten.<\/i><\/p>\n<p>&nbsp;<\/p>\n<p><b>Pg.lost best\u00e5r av fyra Norrk\u00f6pingskillar som spelar postrock.<\/b> Bandet k\u00e4nns extremt samspelt och proffsigt och \u00e5terigen har jag kastats mellan ytterligheter, fr\u00e5n Paramors publikfrieri till lite mer avancerad, instrumental musik av ett band som redan n\u00e5tt utanf\u00f6r landets gr\u00e4nser.<br \/>\n<a title=\"14 PG Lost by Kultursidan, on Flickr\" href=\"http:\/\/www.flickr.com\/photos\/kultursidan\/9162456364\/\"><img loading=\"lazy\" decoding=\"async\" alt=\"14 PG Lost\" src=\"http:\/\/farm8.staticflickr.com\/7455\/9162456364_011348bd32.jpg\" width=\"332\" height=\"500\" \/><\/a><br \/>\n<i>Postrock. Norrk\u00f6pingsbandet pg.lost \u00e4r samspelt och proffsigt.<\/i><\/p>\n<p>&nbsp;<\/p>\n<p><b>N\u00e4r jag l\u00e4mnar Br\u00e5valla har jag varit med om en resa med det rymdskepp festivalen \u00e4r.<\/b> \u00c4n n\u00e5gra dagar finns den kvar i min stad, festivalen som f\u00f6rm\u00e5r vara s\u00e5v\u00e4l en stilla skogstj\u00e4rn, ett storartat fyrverkeri och ett hj\u00e4rta som sl\u00e5r och sl\u00e5r.<\/p>\n<p><i>Text: Nina Torbacke<br \/>\nFoto: Samuel Sandelin<\/i><\/p>\n<p>&nbsp;<\/p>\n<blockquote>\n<h3><em>BR\u00c5VALLA Norrk\u00f6ping<\/em><\/h3>\n<p><em>27 \u2013 29 juni 2013 <\/em><b><em><br \/>\n<\/em>Br\u00e5vallafestivalen<br \/>\n<\/b><\/p><\/blockquote>\n<p>L\u00c4NKAR<br \/>\nBr\u00e5vallafestivalen <a title=\"Br\u00e5vallafestivalen\" href=\"http:\/\/www.bravallafestival.se\" target=\"_blank\">hemsida<\/a><br \/>\nGogol Bordello satte fart p\u00e5 festen <a title=\"Gogol Bordello satte fart p\u00e5 festen\" href=\"https:\/\/www.kultursidan.nu\/?p=11075\" target=\"_blank\">reportage<\/a> Kultursidan.nu 28\/6 2013<br \/>\nBr\u00e5valla kl\u00e4mtar \u00f6ver hela Norrk\u00f6ping\u00a0<a title=\"Br\u00e5valla kl\u00e4mtar \u00f6ver hela Norrk\u00f6ping\" href=\"https:\/\/www.kultursidan.nu\/?p=11067\" target=\"_blank\">reportage<\/a> Kultursidan.nu 28\/6 2013<\/p>\n<p>&nbsp;<\/p>\n<p>FLER BILDER FR\u00c5N BR\u00c5VALLA \u2013 KLICKA<br \/>\nGHOST Black metal fr\u00e5n Link\u00f6ping \u2013 Blue stage 27\/6 kl 18.15<br \/>\n[flickr-gallery mode=&#8221;photoset&#8221; photoset=&#8221;72157634376416077&#8243;]<\/p>\n<p>PG.LOST Postrock fr\u00e5n Norrk\u00f6ping \u2013 Hangar 86 27\/6 kl 21<br \/>\n[flickr-gallery mode=&#8221;photoset&#8221; photoset=&#8221;72157634381633302&#8243;]<\/p>\n","protected":false},"excerpt":{"rendered":"<p>NORRK\u00d6PING Den nyf\u00f6dda festivalen bjuder p\u00e5 motsatser. Eva Dahlgrens vackra r\u00f6st och m\u00e5lande texter ber\u00f6r. Ghost \u00e4r bombastisk medan Paramores energi v\u00e4ller \u00f6ver scenkanten. Norrk\u00f6pingsbandet pg.lost \u00e4r samspelt och proffsigt. <a class=\"continue-reading-link\" href=\"https:\/\/www.kultursidan.nu\/?p=11080\">L\u00e4s mer <span class=\"meta-nav\">&rarr; <\/span><\/a><\/p>\n","protected":false},"author":1001006,"featured_media":0,"comment_status":"closed","ping_status":"open","sticky":false,"template":"","format":"standard","meta":{"_jetpack_memberships_contains_paid_content":false,"footnotes":""},"categories":[7],"tags":[29,13],"class_list":["post-11080","post","type-post","status-publish","format-standard","hentry","category-norrkoping","tag-festival","tag-musik"],"jetpack_featured_media_url":"","jetpack_sharing_enabled":true,"_links":{"self":[{"href":"https:\/\/www.kultursidan.nu\/index.php?rest_route=\/wp\/v2\/posts\/11080","targetHints":{"allow":["GET"]}}],"collection":[{"href":"https:\/\/www.kultursidan.nu\/index.php?rest_route=\/wp\/v2\/posts"}],"about":[{"href":"https:\/\/www.kultursidan.nu\/index.php?rest_route=\/wp\/v2\/types\/post"}],"author":[{"embeddable":true,"href":"https:\/\/www.kultursidan.nu\/index.php?rest_route=\/wp\/v2\/users\/1001006"}],"replies":[{"embeddable":true,"href":"https:\/\/www.kultursidan.nu\/index.php?rest_route=%2Fwp%2Fv2%2Fcomments&post=11080"}],"version-history":[{"count":0,"href":"https:\/\/www.kultursidan.nu\/index.php?rest_route=\/wp\/v2\/posts\/11080\/revisions"}],"wp:attachment":[{"href":"https:\/\/www.kultursidan.nu\/index.php?rest_route=%2Fwp%2Fv2%2Fmedia&parent=11080"}],"wp:term":[{"taxonomy":"category","embeddable":true,"href":"https:\/\/www.kultursidan.nu\/index.php?rest_route=%2Fwp%2Fv2%2Fcategories&post=11080"},{"taxonomy":"post_tag","embeddable":true,"href":"https:\/\/www.kultursidan.nu\/index.php?rest_route=%2Fwp%2Fv2%2Ftags&post=11080"}],"curies":[{"name":"wp","href":"https:\/\/api.w.org\/{rel}","templated":true}]}}