{"id":11113,"date":"2013-07-01T14:02:44","date_gmt":"2013-07-01T13:02:44","guid":{"rendered":"https:\/\/intelligent-friend-7861.standoutwp.com\/?p=11113"},"modified":"2014-08-12T15:49:04","modified_gmt":"2014-08-12T14:49:04","slug":"dromska-tonarvet-pa-vag-upp-pa-bravalla-recension","status":"publish","type":"post","link":"https:\/\/www.kultursidan.nu\/?p=11113","title":{"rendered":"Dr\u00f6mska Tonarvet p\u00e5 v\u00e4g upp p\u00e5 Br\u00e5valla (recension)"},"content":{"rendered":"<p><iframe loading=\"lazy\" src=\"https:\/\/www.flickr.com\/photos\/kultursidan\/9181866465\/in\/set-72157634421898785\/player\/\" width=\"500\" height=\"333\" frameborder=\"0\" allowfullscreen=\"allowfullscreen\"><\/iframe><\/p>\n<p><i>Originalitet. Tonarvet st\u00e5r f\u00f6r ett fr\u00e4scht musikalternativ i Norrk\u00f6ping och m\u00f6tte gensvar hos publiken i Hangar 86.<\/i><\/p>\n<p>&nbsp;<\/p>\n<h1><span style=\"color: #ff0000;\">\u201dMusiken f\u00e5r mig att t\u00e4nka p\u00e5 konstverk\u201d<\/span><\/h1>\n<p>&nbsp;<\/p>\n<p><b>Det st\u00e5r tv\u00e5 flickor och vaggar l\u00e4tt till toner som l\u00e5ter dr\u00f6mska. <\/b>Det finns en air av mystik i luften. Melodierna, som ledsagas av ett komp best\u00e5ende av keyboard, elgitarr och elektrisk cello \u00e4r lite hypnotiska, med textrader som upprepas om igen.<\/p>\n<p>Gruppen heter <b>Tonarvet<\/b> och har sina r\u00f6tter i Norrk\u00f6ping. Tre tjejer som g\u00e4rna fyller p\u00e5 sin trio och l\u00e5ter den bli kvartett, eller kanske kvintett n\u00e4r s\u00e5 finns lust eller behov. De tre ordinarie medlemmarna \u00e4r Kerstin Grentzelius (cello), Ebba Salomonsson (gitarr, s\u00e5ng) och Cerefie Byrge (gitarr, s\u00e5ng).<\/p>\n<p>Idag, p\u00e5 Br\u00e5vallafestivalen, har man ut\u00f6kat med klaviatur som f\u00e5r st\u00e5 f\u00f6r b\u00e5de rytmiska effekter och ackordmattor som binder ihop det hela. Cellons l\u00e5nga och l\u00e5ga svepande toner g\u00f6r att jag inte k\u00e4nner n\u00e5got direkt behov av en bas. Cellon har ju f\u00f6rdelen att kunna komma ner p\u00e5 ett l\u00e5gt C och d\u00e4r, och en bit upp\u00e5t i skalan, tar den l\u00e4tt hand om basens jobb.<\/p>\n<p><b>Den h\u00e4r gruppen \u00e4r en av n\u00e5gra som \u00e4r p\u00e5 v\u00e4g upp.<\/b> N\u00e4r jag ser gruppen p\u00e5 den lilla scenen t\u00e4nker jag ordet \u201destetiskt\u201d. Musiken f\u00e5r mig ocks\u00e5 att t\u00e4nka p\u00e5 ett konstverk. Hela scenen \u00e4r ett s\u00e5dant. Jag \u00e4r inte helt s\u00e4ker p\u00e5 varf\u00f6r. Det \u00e4r n\u00e5got i det visuella som f\u00f6r tankarna dit. Det ger mig ocks\u00e5 ett intryck av att den h\u00e4r gruppen menar allvar med det de g\u00f6r. Jag hade lite sv\u00e5rt att uppfatta texternas inneh\u00e5ll. Kanske f\u00f6r att man g\u00e4rna sjunger p\u00e5 engelska. Personligen tror jag att svenska texter skulle vara ett bra val men visst \u00e4r engelska praktiskt n\u00e4r man vill n\u00e5 en st\u00f6rre publik.<\/p>\n<p>Jag \u00e4r s\u00e4ker p\u00e5 att den h\u00e4r gruppen kommer att l\u00e5ta tala om sig i framtiden. Dels f\u00f6r att det verkar finnas gott om speltillf\u00e4llen f\u00f6r just den h\u00e4r typen av musik. Den \u00e4r mjuk och l\u00e5gm\u00e4ld, f\u00f6r det mesta, och passar d\u00e4rf\u00f6r in i milj\u00f6er som inte kan ta emot \u201dvanliga\u201d band. Man kan v\u00e4xla mellan \u201dunplugged\u201d, helt akustiskt, till att egentligen spela sina l\u00e5tar hur starkt som helst. Ett av sk\u00e4len \u00e4r ju f\u00f6rst\u00e5s att man inte anv\u00e4nder vanliga trummor.<\/p>\n<p><b>Jag blev nyfiken p\u00e5 Tonarvet n\u00e4r jag l\u00e4ste beskrivningen inf\u00f6r Br\u00e5vallafestivalen och blev inte besviken.<\/b> Publiken var minst sagt blandad och jag tyckte mig kunna se att det fanns de som redan k\u00e4nde till l\u00e5tarna och sj\u00f6ng med. Det ska bli sp\u00e4nnande att f\u00f6lja gruppen p\u00e5 resan fram\u00e5t och upp\u00e5t. Tjejerna bjuder p\u00e5 ett fr\u00e4scht alternativ till den h\u00e5rdrock som tycks vara det som man spelar mest i Norrk\u00f6ping. Tack f\u00f6r en trevlig konsert i Hangar 86.<\/p>\n<p><i>Text: Bj\u00f6rn Eriksson<br \/>\nFoto: Robert Betts<\/i><\/p>\n<p>&nbsp;<\/p>\n<blockquote>\n<h3><em>BR\u00c5VALLA Norrk\u00f6ping<\/em><\/h3>\n<p>27 \u2013 29 juni 2013 <b><br \/>\n<em>Br\u00e5vallafestivalen<\/em><br \/>\n<\/b><\/p><\/blockquote>\n<p>L\u00c4NKAR<br \/>\nBr\u00e5vallafestivalen <a title=\"Br\u00e5vallafestivalen\" href=\"http:\/\/www.bravallafestival.se\" target=\"_blank\">hemsida<\/a><br \/>\nBr\u00e5vallafestivalen som ett gigantiskt ufo <a title=\"Gogol Bordello satte fart p\u00e5 festen\" href=\"https:\/\/www.kultursidan.nu\/?p=11075\" target=\"_blank\">reportage<\/a> Kultursidan.nu 28\/6 2013<br \/>\nGogol Bordello satte fart p\u00e5 festen <a title=\"Gogol Bordello satte fart p\u00e5 festen\" href=\"https:\/\/www.kultursidan.nu\/?p=11075\" target=\"_blank\">reportage<\/a> Kultursidan.nu 28\/6 2013<\/p>\n<p>TONARVET Dr\u00f6mskt och poppigt Norrk\u00f6pingsband \u2013 Hangar 86 fredag 28 juni kl 17.30<\/p>\n<p>BILDSPEL (FLASH) \u2013 KLICKA P\u00c5 BILDEN <em>ALT\/MOBIL: SE BILDSPELET <a title=\"Bildspel\" href=\"https:\/\/www.flickr.com\/photos\/kultursidan\/sets\/72157634421898785\/show\/\" target=\"_blank\">H\u00c4R<\/a><\/em><br \/>\n<object width=\"400\" height=\"300\"><param name=\"flashvars\" value=\"offsite=true&#038;lang=en-us&#038;page_show_url=%2Fphotos%2Fkultursidan%2Fsets%2F72157634421898785%2Fshow%2F&#038;page_show_back_url=%2Fphotos%2Fkultursidan%2Fsets%2F72157634421898785%2F&#038;set_id=72157634421898785&#038;jump_to=\"><\/param><param name=\"movie\" value=\"https:\/\/www.flickr.com\/apps\/slideshow\/show.swf?v=143270\"><\/param><param name=\"allowFullScreen\" value=\"true\"><\/param><\/object><\/p>\n","protected":false},"excerpt":{"rendered":"<p>NORRK\u00d6PING Det l\u00e5g en air av mystik i luften n\u00e4r Norrk\u00f6pingsbandet Tonarvet spelade p\u00e5 Br\u00e5vallafestivalen. Under konserten f\u00f6rst\u00e4rktes originals\u00e4ttningen, gitarr, s\u00e5ng och cellons l\u00e5nga svepande toner, av klaviaturens rytminska ackordmattor. <a class=\"continue-reading-link\" href=\"https:\/\/www.kultursidan.nu\/?p=11113\">L\u00e4s mer <span class=\"meta-nav\">&rarr; <\/span><\/a><\/p>\n","protected":false},"author":1001006,"featured_media":0,"comment_status":"closed","ping_status":"open","sticky":false,"template":"","format":"standard","meta":{"_jetpack_memberships_contains_paid_content":false,"footnotes":""},"categories":[7],"tags":[29,13],"class_list":["post-11113","post","type-post","status-publish","format-standard","hentry","category-norrkoping","tag-festival","tag-musik"],"jetpack_featured_media_url":"","jetpack_sharing_enabled":true,"_links":{"self":[{"href":"https:\/\/www.kultursidan.nu\/index.php?rest_route=\/wp\/v2\/posts\/11113","targetHints":{"allow":["GET"]}}],"collection":[{"href":"https:\/\/www.kultursidan.nu\/index.php?rest_route=\/wp\/v2\/posts"}],"about":[{"href":"https:\/\/www.kultursidan.nu\/index.php?rest_route=\/wp\/v2\/types\/post"}],"author":[{"embeddable":true,"href":"https:\/\/www.kultursidan.nu\/index.php?rest_route=\/wp\/v2\/users\/1001006"}],"replies":[{"embeddable":true,"href":"https:\/\/www.kultursidan.nu\/index.php?rest_route=%2Fwp%2Fv2%2Fcomments&post=11113"}],"version-history":[{"count":0,"href":"https:\/\/www.kultursidan.nu\/index.php?rest_route=\/wp\/v2\/posts\/11113\/revisions"}],"wp:attachment":[{"href":"https:\/\/www.kultursidan.nu\/index.php?rest_route=%2Fwp%2Fv2%2Fmedia&parent=11113"}],"wp:term":[{"taxonomy":"category","embeddable":true,"href":"https:\/\/www.kultursidan.nu\/index.php?rest_route=%2Fwp%2Fv2%2Fcategories&post=11113"},{"taxonomy":"post_tag","embeddable":true,"href":"https:\/\/www.kultursidan.nu\/index.php?rest_route=%2Fwp%2Fv2%2Ftags&post=11113"}],"curies":[{"name":"wp","href":"https:\/\/api.w.org\/{rel}","templated":true}]}}