{"id":1120,"date":"2011-03-01T22:56:09","date_gmt":"2011-03-01T20:56:09","guid":{"rendered":"https:\/\/intelligent-friend-7861.standoutwp.com\/?p=1120"},"modified":"2021-04-22T14:37:53","modified_gmt":"2021-04-22T13:37:53","slug":"britta-kjellgren-jager-pa-konstforum","status":"publish","type":"post","link":"https:\/\/www.kultursidan.nu\/?p=1120","title":{"rendered":"Britta Kjellgren J\u00e4ger p\u00e5 Konstforum"},"content":{"rendered":"<p><img loading=\"lazy\" decoding=\"async\" class=\"alignnone\" src=\"https:\/\/live.staticflickr.com\/5256\/5489984180_089fedb84d.jpg\" alt=\"Britta o Lorre\" width=\"500\" height=\"333\" \/><br \/>\n<em>Blickar. Britta Kjellgren J\u00e4ger framf\u00f6r en akvarell \/ gouache med Peter Lorre ur filmen M.<br \/>\n<\/em><\/p>\n<p>&nbsp;<\/p>\n<h1><span style=\"color: #ff0000;\">F\u00e5ngad av film<\/span><\/h1>\n<p>&nbsp;<\/p>\n<p><strong>F\u00f6rstorat eller f\u00f6rminskat ska det vara,<\/strong> naturlig storlek \u00e4r inte lika intressant f\u00f6r konstn\u00e4ren <a title=\"Britta Kjellgren J\u00e4ger, konstn\u00e4r\" href=\"http:\/\/www.bkj.se\" target=\"_blank\" rel=\"noopener\">Britta Kjellgren J\u00e4ger<\/a>.<\/p>\n<p>D\u00e4rf\u00f6r m\u00f6ter sk\u00e5despelaren <a title=\"Peter Lorre, sk\u00e5despelare\" href=\"http:\/\/www.doctormacro.com\/Movie%20Star%20Pages\/Lorre,%20Peter-Annex.htm\" target=\"_blank\" rel=\"noopener\">Peter Lorres<\/a> v\u00e4ldiga blick bes\u00f6karen redan i trappan upp till <a title=\"Konstforum\" href=\"http:\/\/www.konstforumnorrkoping.se\/\" target=\"_blank\" rel=\"noopener\">Konstforums<\/a> v\u00e5ning. Eller blickar, f\u00f6r m\u00e5lningen rymmer hans ansikte tre g\u00e5nger om. Att dubblering eller trefaldigt \u00e5tergivande av motivet \u00e4r vanligt i Britta Kjellgren J\u00e4gers arbete blir man snart varse. Motivet f\u00f6rst\u00e4rks samtidigt som bilderna kan f\u00e5 ett ovanligt och sp\u00e4nnande format.<\/p>\n<p>&nbsp;<\/p>\n<p><img loading=\"lazy\" decoding=\"async\" class=\"alignnone\" src=\"https:\/\/live.staticflickr.com\/5177\/5489982696_ae1f1bfebd.jpg\" alt=\"Vandring fr\u00e5n gruvan\" width=\"500\" height=\"333\" \/><br \/>\n<img loading=\"lazy\" decoding=\"async\" class=\"alignnone\" src=\"https:\/\/live.staticflickr.com\/5012\/5489389297_8978494e32_m.jpg\" alt=\"F\u00e5ngarna\" width=\"240\" height=\"160\" \/> <a title=\"Boogie man\" href=\"https:\/\/www.flickr.com\/photos\/kultursidan\/5489387893\/in\/album-72157626050922515\/\"><img loading=\"lazy\" decoding=\"async\" class=\"alignnone\" src=\"https:\/\/live.staticflickr.com\/5019\/5489387893_4edf0db703_m.jpg\" alt=\"Boogie man\" width=\"240\" height=\"160\" \/><\/a><br \/>\n<em>Vandring fr\u00e5n gruvan. F\u00e5ngarna. Boogie man.<\/em><\/p>\n<p>&nbsp;<\/p>\n<p><strong>Konstforum \u00e4r ett stort galleri.<\/strong> H\u00e4r visar konstn\u00e4ren s\u00e5v\u00e4l stora temperam\u00e5lningar p\u00e5 stadig bj\u00f6rkfan\u00e9r som sm\u00e5 akvareller och gouacher p\u00e5 papper\/sm\u00f6rpapper. \u00c4nnu en kontrast.<\/p>\n<p>Impulserna till motiven kommer fr\u00e4mst fr\u00e5n filmens v\u00e4rld, br\u00f6derna Coens <a title=\"Oh Brother, Where Art Thou, film\" href=\"http:\/\/www.dvdklippet.nu\/dvd_filmrecension.asp?ID=236\" target=\"_blank\" rel=\"noopener\">Oh Brother, Where Art Thou<\/a> har levererat m\u00e4n i f\u00e4ngelserandiga kl\u00e4der som h\u00e4nger eller st\u00e5r uppst\u00e4llda utmed det stora galleriets v\u00e4ggar. Medan Peter Lorre speglas och vrids, om och om igen, i bilder h\u00e4mtade fr\u00e5n genombrottsrollen som m\u00f6rdaren i Fritz Langs 1930-talsklassiker M.<\/p>\n<p>&nbsp;<\/p>\n<p><img loading=\"lazy\" decoding=\"async\" class=\"alignnone\" src=\"https:\/\/live.staticflickr.com\/5096\/5489986494_3e9989c5a1.jpg\" alt=\"Annika och den osynliga hunden\" width=\"500\" height=\"271\" \/><br \/>\n<img loading=\"lazy\" decoding=\"async\" class=\"alignnone\" src=\"https:\/\/live.staticflickr.com\/5016\/5489386619_7f11f6a0fb_w.jpg\" alt=\"Freud\" width=\"400\" height=\"257\" \/><br \/>\n<a title=\"Akvarell med Freuds divan\" href=\"https:\/\/www.flickr.com\/photos\/kultursidan\/5489388273\/in\/album-72157626050922515\/\"><img loading=\"lazy\" decoding=\"async\" class=\"alignnone\" src=\"https:\/\/live.staticflickr.com\/5255\/5489388273_0de347fd70.jpg\" alt=\"Akvarell med Freuds divan\" width=\"500\" height=\"333\" \/> <\/a><br \/>\n<em>Annika och den osynliga hunden. Freud. Akvarell med Freuds divan.<\/em><\/p>\n<p>&nbsp;<\/p>\n<p><strong>Ett annat bekant ansikte \u00e4r <a title=\"Sigmund Freud\" href=\"http:\/\/www.freud.org.uk\" target=\"_blank\" rel=\"noopener\">Sigmund Freuds.<\/a> <\/strong>I bakgrunden till trippeln med honom anas motivet som h\u00e4nger invid, en flicka som kisar mot solen med upplyfta armar. Som om det flyttat in.<\/p>\n<p>Intresset f\u00f6r Freud och psykoanalysen visar sig mest i sm\u00e5 akvareller p\u00e5 sm\u00f6rpapper, divanen i det jugendpr\u00e4glade rummet \u00e5terkommer g\u00e5ng efter annan i sm\u00e5 detaljrika bilder, som g\u00e4rna mixar motiv fr\u00e5n skilda h\u00e5ll p\u00e5 samma m\u00e5lning. Men h\u00e4r \u00e4r ansiktena oftast borta.<\/p>\n<p><strong>\u2013 Jag tycker det \u00e4r h\u00e4rligt att sitta vid skrivbordet och m\u00e5la p\u00e5 sm\u00f6rpapper.<\/strong> Det \u00e4r kanske dit jag \u00e4r p\u00e5 v\u00e4g, s\u00e4ger Britta Kjellgren J\u00e4ger.<\/p>\n<p><em>Text och foto: Ann-Charlotte Sandelin<\/em><\/p>\n<ul>\n<li>\n<h3>KONSTFORUM Norrk\u00f6ping<\/h3>\n<\/li>\n<li><em>26 februari\u201313 mars 2011<\/em><strong><br \/>\nM\u00e5leri<\/strong><br \/>\nBritta Kjellgren J\u00e4ger<\/li>\n<\/ul>\n","protected":false},"excerpt":{"rendered":"<p>NORRK\u00d6PING F\u00f6rstorade portr\u00e4tt \u2013 f\u00f6rminskade interi\u00f6rer. Bj\u00f6rkfan\u00e9r och sm\u00f6rpapper. Konstn\u00e4ren Britta Kjellgren J\u00e4ger dubblerar g\u00e4rna sina motiv, eller tredubblar dem.  <a class=\"continue-reading-link\" href=\"https:\/\/www.kultursidan.nu\/?p=1120\">L\u00e4s mer <span class=\"meta-nav\">&rarr; <\/span><\/a><\/p>\n","protected":false},"author":1001006,"featured_media":0,"comment_status":"closed","ping_status":"open","sticky":false,"template":"","format":"standard","meta":{"_jetpack_memberships_contains_paid_content":false,"footnotes":""},"categories":[7],"tags":[14],"class_list":["post-1120","post","type-post","status-publish","format-standard","hentry","category-norrkoping","tag-konst"],"jetpack_featured_media_url":"","jetpack_sharing_enabled":true,"_links":{"self":[{"href":"https:\/\/www.kultursidan.nu\/index.php?rest_route=\/wp\/v2\/posts\/1120","targetHints":{"allow":["GET"]}}],"collection":[{"href":"https:\/\/www.kultursidan.nu\/index.php?rest_route=\/wp\/v2\/posts"}],"about":[{"href":"https:\/\/www.kultursidan.nu\/index.php?rest_route=\/wp\/v2\/types\/post"}],"author":[{"embeddable":true,"href":"https:\/\/www.kultursidan.nu\/index.php?rest_route=\/wp\/v2\/users\/1001006"}],"replies":[{"embeddable":true,"href":"https:\/\/www.kultursidan.nu\/index.php?rest_route=%2Fwp%2Fv2%2Fcomments&post=1120"}],"version-history":[{"count":3,"href":"https:\/\/www.kultursidan.nu\/index.php?rest_route=\/wp\/v2\/posts\/1120\/revisions"}],"predecessor-version":[{"id":42758,"href":"https:\/\/www.kultursidan.nu\/index.php?rest_route=\/wp\/v2\/posts\/1120\/revisions\/42758"}],"wp:attachment":[{"href":"https:\/\/www.kultursidan.nu\/index.php?rest_route=%2Fwp%2Fv2%2Fmedia&parent=1120"}],"wp:term":[{"taxonomy":"category","embeddable":true,"href":"https:\/\/www.kultursidan.nu\/index.php?rest_route=%2Fwp%2Fv2%2Fcategories&post=1120"},{"taxonomy":"post_tag","embeddable":true,"href":"https:\/\/www.kultursidan.nu\/index.php?rest_route=%2Fwp%2Fv2%2Ftags&post=1120"}],"curies":[{"name":"wp","href":"https:\/\/api.w.org\/{rel}","templated":true}]}}