{"id":1123,"date":"2011-03-02T11:17:54","date_gmt":"2011-03-02T09:17:54","guid":{"rendered":"https:\/\/intelligent-friend-7861.standoutwp.com\/?p=1123"},"modified":"2021-04-22T15:02:20","modified_gmt":"2021-04-22T14:02:20","slug":"linda-andersson-i-konstforums-studio","status":"publish","type":"post","link":"https:\/\/www.kultursidan.nu\/?p=1123","title":{"rendered":"Linda Andersson i Konstforums Studio"},"content":{"rendered":"<p><img loading=\"lazy\" decoding=\"async\" class=\"alignnone\" src=\"https:\/\/live.staticflickr.com\/5212\/5491414974_03b351e89c.jpg\" alt=\"Skogen I-III\" width=\"500\" height=\"333\" \/><br \/>\n<em>Tjuvtitt vid strandkanten. Verken heter Skogen I-III.<\/em><\/p>\n<p>&nbsp;<\/p>\n<h1><span style=\"color: #ff0000;\">Lekfull bes\u00f6kare<\/span><\/h1>\n<p>&nbsp;<\/p>\n<p><strong>Hon st\u00e4ller in kameran p\u00e5 fj\u00e4rrutl\u00f6sning<\/strong> och st\u00e4ller sig i position. Klick. Klick. Klick. Troligen blir klicken m\u00e5nga fler under jakten p\u00e5 den perfekta bilden \u2013 eller de perfekta bilderna. F\u00f6r <a title=\"Linda Andersson, fotograf\" href=\"http:\/\/www.liinda.com\" target=\"_blank\" rel=\"noopener\">Linda Anderssons<\/a> konstfoton i Studion p\u00e5 <a title=\"Konstforum\" href=\"http:\/\/www.konstforumnorrkoping.se\/\" target=\"_blank\" rel=\"noopener\">Konstforum<\/a> verkar inte l\u00e4mna n\u00e5got \u00e5t slumpen.<\/p>\n<p>&nbsp;<\/p>\n<p><img loading=\"lazy\" decoding=\"async\" class=\"alignnone\" src=\"https:\/\/live.staticflickr.com\/5300\/5491414524_4bc61c07cc.jpg\" alt=\"Korridoren, Rummet i Studion\" width=\"500\" height=\"318\" \/><br \/>\n<img loading=\"lazy\" decoding=\"async\" class=\"alignnone\" src=\"https:\/\/live.staticflickr.com\/5055\/5491415120_0971e9d508_n.jpg\" alt=\"Rummet, detalj\" width=\"320\" height=\"221\" \/><br \/>\n<em>Korridoren, Rummet i Studion. Rummet, detalj.<\/em><\/p>\n<p>&nbsp;<\/p>\n<p><strong>Teaterlek, har hon sagt i en intervju, om sin egen medverkan i bilder d\u00e4r omgivningen blir till scenografi.<\/strong> Tv\u00e5 av verken st\u00e5r f\u00f6r sig sj\u00e4lva, st\u00e4mningsfyllda med en dr\u00f6jande hand som stryker mot v\u00e4ggen, ett ansikte bakom gardinen. I ett st\u00f6rre format som lyfter fram ljusspelet i det fotograferade rummet.<\/p>\n<p>Resterande sex bilder f\u00f6rdelas p\u00e5 tv\u00e5 triptyker, lekfulla, inte utan dramatik. K\u00e4nslan av r\u00f6relse, film, \u00e4r stark, alternativt att jag vill mixa bilderna till en, hon som tjuvkikar p\u00e5 sig sj\u00e4lv.<\/p>\n<p><strong>Ett portvalv, ett sovrum, vid en sj\u00f6.<\/strong> St\u00e4mningen skapas i den n\u00e4rvarande gestaltens samspel med milj\u00f6n. Lekfullt, filmiskt, magiskt. T\u00e4nk bort henne och bilderna blir n\u00e5got helt annat; de skulle t\u00f6mmas p\u00e5 nostalgi, lekfullhet och dr\u00f6mmar.<\/p>\n<p>Det perfekta understryks av fotoutskriften p\u00e5 h\u00f6gblankt laminat, monterad p\u00e5 aluminium. Helskarpt.<\/p>\n<p><em>Text och foto: Ann-Charlotte Sandelin<\/em><\/p>\n<ul>\n<li>\n<h3>STUDION Konstforum, Norrk\u00f6ping<\/h3>\n<\/li>\n<li><em>27 februari\u201313 mars 2011<\/em><strong><br \/>\nVisituation<\/strong>, foto<br \/>\nLinda Andersson<\/li>\n<\/ul>\n","protected":false},"excerpt":{"rendered":"<p>Hon l\u00e4mnar inte n\u00e5got \u00e5t slumpen. Iscens\u00e4ttningarna skapar st\u00e4mningar mellan nostalgi och lekfulla uppt\u00e5g. Fotot \u00e4r perfekt. <a class=\"continue-reading-link\" href=\"https:\/\/www.kultursidan.nu\/?p=1123\">L\u00e4s mer <span class=\"meta-nav\">&rarr; <\/span><\/a><\/p>\n","protected":false},"author":1001006,"featured_media":0,"comment_status":"closed","ping_status":"closed","sticky":false,"template":"","format":"standard","meta":{"_jetpack_memberships_contains_paid_content":false,"footnotes":""},"categories":[7],"tags":[17],"class_list":["post-1123","post","type-post","status-publish","format-standard","hentry","category-norrkoping","tag-foto"],"jetpack_featured_media_url":"","jetpack_sharing_enabled":true,"_links":{"self":[{"href":"https:\/\/www.kultursidan.nu\/index.php?rest_route=\/wp\/v2\/posts\/1123","targetHints":{"allow":["GET"]}}],"collection":[{"href":"https:\/\/www.kultursidan.nu\/index.php?rest_route=\/wp\/v2\/posts"}],"about":[{"href":"https:\/\/www.kultursidan.nu\/index.php?rest_route=\/wp\/v2\/types\/post"}],"author":[{"embeddable":true,"href":"https:\/\/www.kultursidan.nu\/index.php?rest_route=\/wp\/v2\/users\/1001006"}],"replies":[{"embeddable":true,"href":"https:\/\/www.kultursidan.nu\/index.php?rest_route=%2Fwp%2Fv2%2Fcomments&post=1123"}],"version-history":[{"count":2,"href":"https:\/\/www.kultursidan.nu\/index.php?rest_route=\/wp\/v2\/posts\/1123\/revisions"}],"predecessor-version":[{"id":42760,"href":"https:\/\/www.kultursidan.nu\/index.php?rest_route=\/wp\/v2\/posts\/1123\/revisions\/42760"}],"wp:attachment":[{"href":"https:\/\/www.kultursidan.nu\/index.php?rest_route=%2Fwp%2Fv2%2Fmedia&parent=1123"}],"wp:term":[{"taxonomy":"category","embeddable":true,"href":"https:\/\/www.kultursidan.nu\/index.php?rest_route=%2Fwp%2Fv2%2Fcategories&post=1123"},{"taxonomy":"post_tag","embeddable":true,"href":"https:\/\/www.kultursidan.nu\/index.php?rest_route=%2Fwp%2Fv2%2Ftags&post=1123"}],"curies":[{"name":"wp","href":"https:\/\/api.w.org\/{rel}","templated":true}]}}