{"id":11247,"date":"2013-07-12T10:49:48","date_gmt":"2013-07-12T09:49:48","guid":{"rendered":"https:\/\/intelligent-friend-7861.standoutwp.com\/?p=11247"},"modified":"2013-07-29T13:18:18","modified_gmt":"2013-07-29T12:18:18","slug":"i-dina-ogon-mot-samhallets-syn-pa-adhd-reportage","status":"publish","type":"post","link":"https:\/\/www.kultursidan.nu\/?p=11247","title":{"rendered":"I dina \u00f6gon mot samh\u00e4llets syn p\u00e5 ADHD"},"content":{"rendered":"<p><a href=\"http:\/\/www.flickr.com\/photos\/kultursidan\/9268848042\/\" title=\"Thomas Nybom bem\u00f6ter omv\u00e4rldens reaktioner p\u00e5 dotterns ADHD i sin bok I dina \u00f6gon. by Kultursidan, on Flickr\"><img loading=\"lazy\" decoding=\"async\" src=\"http:\/\/farm3.staticflickr.com\/2852\/9268848042_e03f65244b.jpg\" width=\"500\" height=\"333\" alt=\"Thomas Nybom bem\u00f6ter omv\u00e4rldens reaktioner p\u00e5 dotterns ADHD i sin bok I dina \u00f6gon.\"><\/a><\/p>\n<p><em>Rapport fr\u00e5n livet. Jag ville att n\u00e5gonting skulle bli vunnet av allt det el\u00e4ndiga, Shara \u00e4r v\u00e4rd det, s\u00e4ger Thomas Nybom om sin bok I dina \u00f6gon. <\/em><\/p>\n<p>&nbsp;<\/p>\n<h1><span style=\"color: #ff0000;\">\u201dJag trodde att de som beh\u00f6ver f\u00e5r hj\u00e4lp\u201d<\/span><\/h1>\n<p><b>\u00a0<\/b><\/p>\n<p><b>Hennes \u00f6gon \u00e4r speciella.<\/b> Det ena \u00e4r lite brunt och annorlunda, och det andra \u00e4r vanligt bl\u00e5tt. Shara Nyboms pappa, Thomas Nybom, har skrivit boken <i>I dina \u00f6gon<\/i> d\u00e4r han b\u00e5de f\u00f6rklarar sin k\u00e4rlek f\u00f6r dottern och ur ett anh\u00f6rigperspektiv ber\u00e4ttar om sv\u00e5righeterna med att leva i ett samh\u00e4lle som inte f\u00f6rst\u00e5r sig p\u00e5 ADHD och andra neuropsykiatriska funktionsneds\u00e4ttningar.<\/p>\n<p>Trots att familjen hade s\u00f6kt hj\u00e4lp m\u00e5nga \u00e5r tidigare n\u00e4r hon bara var en liten flicka, fick Shara sin diagnos f\u00f6rst n\u00e4r hon var femton \u00e5r gammal. Utredningen visade att Shara har ADHD och drag av Aspergers syndrom.<\/p>\n<p>\u2013 Sedan Shara var liten har jag kunnat se i hennes \u00f6gon hur hon har m\u00e5tt, \u00f6gonen \u00e4r ju sj\u00e4lens spegel, s\u00e4ger Thomas Nybom, och det riktigt syns p\u00e5 honom hur mycket han \u00e4lskar sin Shara.<\/p>\n<p><b>Han bor utanf\u00f6r Norrk\u00f6ping och b\u00f6rjade skriva f\u00f6r ungef\u00e4r sju \u00e5r sedan.<\/b> D\u00e5 var det mest brev till olika myndigheter. Thomas Nybom har f\u00e5tt k\u00e4mpa f\u00f6r att hans dotter ska f\u00e5 r\u00e4tt hj\u00e4lp. Han har m\u00f6tt misstro och tillsammans med Sharas mamma f\u00e5tt skulden f\u00f6r dotterns problem.<\/p>\n<p>\u2013 De har inte f\u00f6rst\u00e5tt de bakomliggande orsakerna till Sharas koncentrationssv\u00e5righeter och impulsivitet, och f\u00f6rst\u00e5r man inte anledningen sk\u00e4rper man blicken p\u00e5 fel sak, s\u00e4ger han.<\/p>\n<p><b>Thomas Nybom \u00f6nskar att samh\u00e4llet kunde f\u00f6rst\u00e5 att ADHD \u00e4r n\u00e5got som man f\u00f6ds med<\/b> och inte n\u00e5got som kommer av en skilsm\u00e4ssa eller en d\u00e5lig uppfostran. Han framh\u00e5ller att sj\u00e4lvklart kan problem f\u00f6rv\u00e4rras i en instabil milj\u00f6, men i grunden \u00e4r ADHD biologiskt och n\u00e5got som f\u00f6r\u00e4ldrar inte borde f\u00e5 skulden f\u00f6r.<\/p>\n<p>\u2013 Det \u00e4r inte kul att be om hj\u00e4lp, s\u00e5 g\u00f6r man det borde man f\u00e5 hj\u00e4lp ocks\u00e5. Jag v\u00e4xte upp i tron om att samh\u00e4llet gav hj\u00e4lp till de som beh\u00f6vde det, och den tron f\u00f6ll pladask n\u00e4r jag m\u00e4rkte att det inte var s\u00e5, s\u00e4ger han, och forts\u00e4tter:<\/p>\n<p>\u2013 N\u00e4r tv\u00e5 f\u00f6r\u00e4ldrar som inte bor ihop s\u00f6ker hj\u00e4lp f\u00f6r deras barn och inte f\u00e5r den hj\u00e4lpen inneb\u00e4r ocks\u00e5 det ytterligare p\u00e5frestningar f\u00f6r den relationen.<br \/>\n<a title=\"I dina \u00f6gon  \u2013 av Thomas Nybom by Kultursidan, on Flickr\" href=\"http:\/\/www.flickr.com\/photos\/kultursidan\/9268847820\/\"><img loading=\"lazy\" decoding=\"async\" alt=\"I dina \u00f6gon  \u2013 av Thomas Nybom\" src=\"http:\/\/farm4.staticflickr.com\/3678\/9268847820_6b1bbddf53_n.jpg\" width=\"229\" height=\"320\" \/><\/a><br \/>\n<b>Boken inleds med historien om hur han tr\u00e4ffar Sharas mamma.<\/b> Det finns ocks\u00e5 med en f\u00f6rlossningsber\u00e4ttelse som beskriver dagen d\u00e5 Shara f\u00f6ddes.<\/p>\n<p>\u2013 Det var dramatiskt, hon var alldeles bl\u00e5 och de tog tag i hennes f\u00f6tter och bar iv\u00e4g henne. Jag ber\u00e4ttar om k\u00e4nslorna som sveper f\u00f6rbi d\u00e5, f\u00f6rskr\u00e4ckelsen n\u00e4r jag tror att hon \u00e4r d\u00f6d och lyckan n\u00e4r jag f\u00f6rst\u00e5r att hon inte \u00e4r det. Att livet v\u00e4nder \u00e4r n\u00e5got som jag ofta \u00e5terkommer till.<\/p>\n<p><b>Flera namn p\u00e5 b\u00e5de behandlingshem och personer har blivit fingerade. <\/b>Thomas Nybom vill inte h\u00e4nga ut n\u00e5gon men \u00e4nd\u00e5 uttrycka sin besvikelse \u00f6ver att ha blivit kr\u00e4nkt av olika instanser som brustit i kompetens och bem\u00f6tande. Samtidigt lyfter han i boken konkreta exempel p\u00e5 situationer och metoder som har fungerat bra och personer som har varit ett stort st\u00f6d. De vill han hylla, utan censur. Bokskrivandet tog fart f\u00f6r ungef\u00e4r ett och ett halvt \u00e5r sedan, femtio sidor myndighetsbrev kunde inte f\u00e5 vara allt som blev kvar.<\/p>\n<p>\u2013 Jag k\u00e4nde att det var n\u00e5gonting jobbigt som jag hade varit med om, att jag inte klarat av att ta hand om mitt eget barn. Jag ville att n\u00e5gonting skulle bli vunnet av allt det el\u00e4ndiga, Shara \u00e4r v\u00e4rd det. Hon har varit med p\u00e5 att ge ut boken redan fr\u00e5n b\u00f6rjan. Hon sk\u00e4ms inte f\u00f6r sin historia utan \u00e4r stolt f\u00f6r den hon \u00e4r.<\/p>\n<p><b>Och stolt, det \u00e4r Thomas Nybom ocks\u00e5.<\/b> Det \u00e4r n\u00e5got som m\u00e4rks. Utan dottern Shara Nybom hade han aldrig skrivit boken, och utan henne tror han inte heller att han hade haft lika god f\u00f6rst\u00e5else f\u00f6r andra m\u00e4nniskor som har det sv\u00e5rt.<\/p>\n<p>I tjugo \u00e5r har han sj\u00e4lv arbetat med m\u00e4nniskor som har neuropsykiatriska funktionsneds\u00e4ttningar, och p\u00e5 ett s\u00e4tt har Shara varit en \u201cdjup fallbeskrivning\u201d.<\/p>\n<p>\u2013 N\u00e4r jag tr\u00e4ffar andra m\u00e4nniskor med problem t\u00e4nker jag att det h\u00e4r lika g\u00e4rna hade kunnat vara mitt eget barn, s\u00e5 jag vill verkligen g\u00f6ra allt jag kan f\u00f6r att hj\u00e4lpa, s\u00e4ger han med en uppriktig blick.<\/p>\n<p><b>Thomas Nybom ser inte sin historia som unik.<\/b> Han tror att han har satt ord p\u00e5 k\u00e4nslor och tankar som m\u00e5nga andra k\u00e4nner igen, f\u00f6r redan nu har 180 exemplar av boken blivit reserverade runt om i Sverige.<\/p>\n<p>\u2013 Responsen har varit att det \u00e4r en n\u00f6dv\u00e4ndig bok. Innan jag hade skrivit den gnagde det p\u00e5 samvetet, men nu kan jag b\u00f6rja se fram\u00e5t fullt ut.<\/p>\n<p><b>Shara Nybom ser ocks\u00e5 fram\u00e5t, boken slutar lyckligt avsl\u00f6jar hennes pappa. <\/b>Och bokomslaget som hans bror st\u00e5r f\u00f6r visar de speciella \u00f6gon vars historia f\u00f6rhoppningsvis kommer att b\u00e5de ber\u00f6ra k\u00e4nslom\u00e4ssigt och p\u00e5verka politiskt.<\/p>\n<p><i>Text och foto: Melinda Reyes Hiltunen<\/i><\/p>\n<p>&nbsp;<\/p>\n<blockquote>\n<h3><em>DOKUMENT\u00c4R<\/em><\/h3>\n<p><em><strong>I dina \u00f6gon<\/strong><br \/>\nThomas Nybom<br \/>\nVulkan f\u00f6rlag<\/em><\/p>\n<p style=\"padding-left: 30px;\"><em>BOKRELEASE<\/em><\/p>\n<p style=\"padding-left: 30px;\">22\/7 kl 17\u201321<em><br \/>\nGrenstigen 15, Sn\u00f6veltorp<\/em><\/p>\n<p style=\"padding-left: 30px;\">15\/8 kl. 18\u201320 samt 19\/8 kl. 18\u201320<em><br \/>\nNVB,\u2028 Repslagaregatan 11, Norrk\u00f6ping<\/em><\/p><\/blockquote>\n<p>&nbsp;<\/p>\n<p>L\u00c4NKAR<br \/>\nI dina \u00f6gon <a title=\"Info\" href=\"www.idinaogon.se\" target=\"_blank\">hemsida<br \/>\n<\/a>Vulkan f\u00f6rlag <a title=\"Vulkan\" href=\"http:\/\/www.vulkanmedia.se\" target=\"_blank\">hemsida<br \/>\n<\/a>NP Vision <a title=\"NP Vision\" href=\"http:\/\/www.npvision.se\/\" target=\"_blank\">hemsida<\/a><\/p>\n<p>FLER BILDER \u2013 KLICKA<br \/>\n[flickr-gallery mode=&#8221;photoset&#8221; photoset=&#8221;72157634600849647&#8243;]<\/p>\n","protected":false},"excerpt":{"rendered":"<p>NORRK\u00d6PING Thomas Nybom har jobbat med personer med neuropsykiatriska funktionsneds\u00e4ttningar i tjugo \u00e5r. Han har ocks\u00e5 under m\u00e5nga \u00e5r k\u00e4mpat f\u00f6r sin egen dotter som har ADHD. Nu blir den kampen till en bok. I dina \u00f6gon handlar om uppr\u00e4ttelse; att bli fri fr\u00e5n skuld och i st\u00e4llet fylld av kunskap och hopp. <a class=\"continue-reading-link\" href=\"https:\/\/www.kultursidan.nu\/?p=11247\">L\u00e4s mer <span class=\"meta-nav\">&rarr; <\/span><\/a><\/p>\n","protected":false},"author":1001006,"featured_media":0,"comment_status":"closed","ping_status":"open","sticky":false,"template":"","format":"standard","meta":{"_jetpack_memberships_contains_paid_content":false,"footnotes":""},"categories":[64,7],"tags":[16],"class_list":["post-11247","post","type-post","status-publish","format-standard","hentry","category-litteratur-2","category-norrkoping","tag-litteratur"],"jetpack_featured_media_url":"","jetpack_sharing_enabled":true,"_links":{"self":[{"href":"https:\/\/www.kultursidan.nu\/index.php?rest_route=\/wp\/v2\/posts\/11247","targetHints":{"allow":["GET"]}}],"collection":[{"href":"https:\/\/www.kultursidan.nu\/index.php?rest_route=\/wp\/v2\/posts"}],"about":[{"href":"https:\/\/www.kultursidan.nu\/index.php?rest_route=\/wp\/v2\/types\/post"}],"author":[{"embeddable":true,"href":"https:\/\/www.kultursidan.nu\/index.php?rest_route=\/wp\/v2\/users\/1001006"}],"replies":[{"embeddable":true,"href":"https:\/\/www.kultursidan.nu\/index.php?rest_route=%2Fwp%2Fv2%2Fcomments&post=11247"}],"version-history":[{"count":0,"href":"https:\/\/www.kultursidan.nu\/index.php?rest_route=\/wp\/v2\/posts\/11247\/revisions"}],"wp:attachment":[{"href":"https:\/\/www.kultursidan.nu\/index.php?rest_route=%2Fwp%2Fv2%2Fmedia&parent=11247"}],"wp:term":[{"taxonomy":"category","embeddable":true,"href":"https:\/\/www.kultursidan.nu\/index.php?rest_route=%2Fwp%2Fv2%2Fcategories&post=11247"},{"taxonomy":"post_tag","embeddable":true,"href":"https:\/\/www.kultursidan.nu\/index.php?rest_route=%2Fwp%2Fv2%2Ftags&post=11247"}],"curies":[{"name":"wp","href":"https:\/\/api.w.org\/{rel}","templated":true}]}}