{"id":11260,"date":"2013-07-13T14:56:42","date_gmt":"2013-07-13T13:56:42","guid":{"rendered":"https:\/\/intelligent-friend-7861.standoutwp.com\/?p=11260"},"modified":"2015-07-03T18:47:08","modified_gmt":"2015-07-03T17:47:08","slug":"birger-ljungquist-i-retrospektiv-pa-np33","status":"publish","type":"post","link":"https:\/\/www.kultursidan.nu\/?p=11260","title":{"rendered":"Birger Ljungquist i retrospektiv p\u00e5 NP33"},"content":{"rendered":"<p><a title=\"Birger Ljungquist \u2013 Illustration till Elin i Hagen. by Kultursidan, on Flickr\" href=\"http:\/\/www.flickr.com\/photos\/kultursidan\/9274156739\/\"><img loading=\"lazy\" decoding=\"async\" src=\"http:\/\/farm6.staticflickr.com\/5500\/9274156739_185190d556.jpg\" alt=\"Birger Ljungquist \u2013 Illustration till Elin i Hagen.\" width=\"500\" height=\"333\" \/><\/a><\/p>\n<p><em>Folkvisan om Elin i Hagen illustrerad av Birger Ljungquist.\u00a0<\/em><\/p>\n<p>&nbsp;<\/p>\n<h1><span style=\"color: #ff0000;\">Gav bild \u00e5t svenska folkvisor och Fr\u00f6ding<\/span><\/h1>\n<p>&nbsp;<\/p>\n<p><b>P\u00e5 Galleri NP33 visas just nu en retrospektiv utst\u00e4llning i det mindre formatet med m\u00e5lningar, skisser och illustrationer av \u00f6stg\u00f6takonstn\u00e4ren Birger Ljungquist.<\/b> Senare i sommar ger Norrk\u00f6pings Teaterkompani pj\u00e4sen <em>En d\u00f6rr p\u00e5 gl\u00e4nt<\/em> baserad p\u00e5 en novell av brodern Walter Ljungquist.<\/p>\n<p>Det \u00e4r regiss\u00f6r Olov Rasch som aktualiserar de b\u00e5da konstn\u00e4rliga br\u00f6derna fr\u00e5n Kisa. Pj\u00e4sid\u00e9n kom f\u00f6rst. Men i arbetet med att dramatisera Walter Ljungquists novell kom Olov \u00e4ven i kontakt med brodern Birgers konstn\u00e4rskap. Han ber\u00e4ttar att br\u00f6derna umgicks hela livet och var konstn\u00e4rligt besl\u00e4ktade. De intresserade sig b\u00e5da f\u00f6r minnen, dr\u00f6mmar och m\u00e4nniskans f\u00f6rh\u00e5llande till naturen. Den ene uttryckte det i ord och den andre i bilder.<\/p>\n<p><strong>Tanken v\u00e4cktes att producera en liten utst\u00e4llning om Birger Ljungquists konstn\u00e4rskap i anslutning till teaterf\u00f6rest\u00e4llningen.<\/strong> Verken \u00e4r inl\u00e5nade fr\u00e5n Norrk\u00f6pings konstmuseum samt olika privatpersoner, d\u00e4ribland f\u00f6rfattaren Gerda Antti som var gift med Walter och sv\u00e4gerska till Birger. Gerda Antti ber\u00e4ttar vid vernissagen om br\u00f6dernas uppv\u00e4xt.<\/p>\n<p>\u2013 Att Birger blev konstn\u00e4r och Walter blev f\u00f6rfattare \u00e4r inte konstigt.<\/p>\n<p>De v\u00e4xte upp i ett hem d\u00e4r musik, h\u00f6gl\u00e4sning och m\u00e5lande var sj\u00e4lvklara ingredienser i vardagslivet. Fadern drev manufakturhandel och senare ett tryckeri i Kisa. B\u00e5de han och modern var kulturellt intresserade.<\/p>\n<p><b>Birger studerade m\u00e5leri vid Althins m\u00e5larskola, p\u00e5 Konstakademien och senare \u00e4ven i Paris.<\/b> Han fick sitt genombrott n\u00e4r han medverkade p\u00e5 De Ungas salong 1941.<\/p>\n<p>Birger intresserade sig f\u00f6r den svenska folkvisetraditionen och inspirerades mycket av klassikern <i>Svenska Folkvisor<\/i> av Geijer\/Afzelius. H\u00e4r hittade han ber\u00e4ttelser som satte ig\u00e5ng fantasin och fick bilder att fl\u00f6da fram.<\/p>\n<p>\u2013 Unga flickgestalter ur medeltida ballader \u00e4r ett \u00e5terkommande motiv i Birgers konst, ber\u00e4ttar Bo Sylvan, f.d. chef f\u00f6r Norrk\u00f6pings konstmuseum som skrivit en mindre skrift om Birger Ljungquists konstn\u00e4rskap i samband med en retrospektiv utst\u00e4llning p\u00e5 Konstmuseet 1965. Utst\u00e4llningen kom \u00e4ven att bli Birgers sista eftersom han dog under utst\u00e4llningsperioden.<\/p>\n<p>&nbsp;<\/p>\n<p><a title=\"Birger Ljungquist, retrospektiv utst\u00e4llning p\u00e5 NP33 by Kultursidan, on Flickr\" href=\"http:\/\/www.flickr.com\/photos\/kultursidan\/9274158753\/\"><img loading=\"lazy\" decoding=\"async\" src=\"http:\/\/farm4.staticflickr.com\/3784\/9274158753_9441a773e1_n.jpg\" alt=\"Birger Ljungquist, retrospektiv utst\u00e4llning p\u00e5 NP33\" width=\"320\" height=\"213\" \/><\/a><\/p>\n<p><em>Utst\u00e4llningen ger utvalda exempel p\u00e5 Birger Ljungquists konstn\u00e4rskap.<\/em><\/p>\n<p>&nbsp;<\/p>\n<p><b>Utst\u00e4llningen p\u00e5 NP33 \u00e4r inte stor.<\/b> Den ryms i tv\u00e5 sm\u00e5 rum p\u00e5 entr\u00e9plan. Men den ger en glimt av Birger Ljungquists konstn\u00e4rskap med landskapsm\u00e5leri, kvinnoportr\u00e4tt och det han kanske \u00e4r mest k\u00e4nd f\u00f6r \u2013 den illustrerade utg\u00e5van av Gustaf Fr\u00f6dings <i>Dikter<\/i>.<\/p>\n<p>Han arbetade i flera olika tekniker som blyerts, tusch, akvarell och olja. Skisser till n\u00e5gra av broderns bokomslag finns i en monter. Birger gjorde omslagen till alla Walters b\u00f6cker.<\/p>\n<p>Olov Rasch har plockat citat ur Walters romaner och anv\u00e4nder dem som kommentarer till de utst\u00e4llda bilderna. De tv\u00e5 br\u00f6dernas konstn\u00e4rskap knyts samman p\u00e5 ett s\u00e4tt som de inte valt sj\u00e4lva, men f\u00f6r en bes\u00f6kare kan det vara intressant att f\u00e5 en inblick i b\u00e5das v\u00e4rldar samtidigt.<\/p>\n<p><strong>Den som vill kan kombinera ett bes\u00f6k i utst\u00e4llningen med ett teaterbes\u00f6k<\/strong> n\u00e4r f\u00f6rest\u00e4llningen <i>En d\u00f6rr p\u00e5 gl\u00e4nt<\/i> spelas p\u00e5 NP33 under augusti och september.<\/p>\n<p><i>Text: Felicia Eriksson<br \/>\nFoto: Ann-Charlotte Sandelin<\/i><\/p>\n<p>BILDSPEL (FLASH) \u2013 KLICKA P\u00c5 BILDEN <em><br \/>\nALT\/MOBIL: SE BILDSPELET <a title=\"Bildspel\" href=\"https:\/\/www.flickr.com\/photos\/kultursidan\/sets\/72157634622541388\/show\/\" target=\"_blank\">H\u00c4R<\/a><\/em><br \/>\n<object width=\"400\" height=\"300\"><param name=\"flashvars\" value=\"offsite=true&#038;lang=en-us&#038;page_show_url=%2Fphotos%2Fkultursidan%2Fsets%2F72157634622541388%2Fshow%2F&#038;page_show_back_url=%2Fphotos%2Fkultursidan%2Fsets%2F72157634622541388%2F&#038;set_id=72157634622541388&#038;jump_to=\"><\/param><param name=\"movie\" value=\"https:\/\/www.flickr.com\/apps\/slideshow\/show.swf?v=1811922554\"><\/param><param name=\"allowFullScreen\" value=\"true\"><\/param><\/object><\/p>\n<blockquote>\n<h3><em>NP33\/GALLERI SANDER Norrk\u00f6ping<\/em><\/h3>\n<p>11 juli \u2013 21 september 2013<br \/>\n<em><b>Birger Ljungquist<br \/>\nEn liten retrospektiv<\/b><br \/>\nUtst\u00e4llning<\/em><\/p><\/blockquote>\n","protected":false},"excerpt":{"rendered":"<p>NORRK\u00d6PING P\u00e5 Galleri NP33 visas just nu en retrospektiv utst\u00e4llning i det mindre formatet med verk av \u00f6stg\u00f6takonstn\u00e4ren Birger Ljungquist. M\u00e5lningar och bokillustrationer kompletteras med utkast till verken. <a class=\"continue-reading-link\" href=\"https:\/\/www.kultursidan.nu\/?p=11260\">L\u00e4s mer <span class=\"meta-nav\">&rarr; <\/span><\/a><\/p>\n","protected":false},"author":1001006,"featured_media":0,"comment_status":"closed","ping_status":"open","sticky":false,"template":"","format":"standard","meta":{"_jetpack_memberships_contains_paid_content":false,"footnotes":""},"categories":[7],"tags":[14],"class_list":["post-11260","post","type-post","status-publish","format-standard","hentry","category-norrkoping","tag-konst"],"jetpack_featured_media_url":"","jetpack_sharing_enabled":true,"_links":{"self":[{"href":"https:\/\/www.kultursidan.nu\/index.php?rest_route=\/wp\/v2\/posts\/11260","targetHints":{"allow":["GET"]}}],"collection":[{"href":"https:\/\/www.kultursidan.nu\/index.php?rest_route=\/wp\/v2\/posts"}],"about":[{"href":"https:\/\/www.kultursidan.nu\/index.php?rest_route=\/wp\/v2\/types\/post"}],"author":[{"embeddable":true,"href":"https:\/\/www.kultursidan.nu\/index.php?rest_route=\/wp\/v2\/users\/1001006"}],"replies":[{"embeddable":true,"href":"https:\/\/www.kultursidan.nu\/index.php?rest_route=%2Fwp%2Fv2%2Fcomments&post=11260"}],"version-history":[{"count":0,"href":"https:\/\/www.kultursidan.nu\/index.php?rest_route=\/wp\/v2\/posts\/11260\/revisions"}],"wp:attachment":[{"href":"https:\/\/www.kultursidan.nu\/index.php?rest_route=%2Fwp%2Fv2%2Fmedia&parent=11260"}],"wp:term":[{"taxonomy":"category","embeddable":true,"href":"https:\/\/www.kultursidan.nu\/index.php?rest_route=%2Fwp%2Fv2%2Fcategories&post=11260"},{"taxonomy":"post_tag","embeddable":true,"href":"https:\/\/www.kultursidan.nu\/index.php?rest_route=%2Fwp%2Fv2%2Ftags&post=11260"}],"curies":[{"name":"wp","href":"https:\/\/api.w.org\/{rel}","templated":true}]}}