{"id":1128,"date":"2011-03-02T13:07:23","date_gmt":"2011-03-02T11:07:23","guid":{"rendered":"https:\/\/intelligent-friend-7861.standoutwp.com\/?p=1128"},"modified":"2021-04-22T15:23:42","modified_gmt":"2021-04-22T14:23:42","slug":"stefan-johansson-pa-kronan","status":"publish","type":"post","link":"https:\/\/www.kultursidan.nu\/?p=1128","title":{"rendered":"Stefan Johansson p\u00e5 Kronan"},"content":{"rendered":"<p><img loading=\"lazy\" decoding=\"async\" class=\"alignnone\" src=\"https:\/\/live.staticflickr.com\/5139\/5490962759_d4b01762f4.jpg\" alt=\"Stefan J och Malin C\" width=\"500\" height=\"291\" \/><br \/>\n<em>Vernissage. Konstvetaren Malin Carlsson f\u00f6rde ett samtal med konstn\u00e4ren Stefan Johansson.<br \/>\n<\/em><\/p>\n<p>&nbsp;<\/p>\n<h1><span style=\"color: #ff0000;\">Avskrapat<\/span><\/h1>\n<p>&nbsp;<\/p>\n<p><strong>Rutor och r\u00e4nder.<\/strong> Men mest \u00e4r det avskrap som h\u00e4nger p\u00e5 <a title=\"Galleri Kronan\" href=\"http:\/\/www.kifin.nu\/kronan\/\" target=\"_blank\" rel=\"noopener\">Galleri Kronans<\/a> v\u00e4ggar. Konstn\u00e4ren <a title=\"Stefan Johansson, konstn\u00e4r\" href=\"http:\/\/www.stefanjohansson.se\/index.html\" target=\"_blank\" rel=\"noopener\">Stefan Johansson<\/a> tar bort.<\/p>\n<p>F\u00f6r att ta bort m\u00e5ste man f\u00f6rst l\u00e4gga till. Grunden ger ett h\u00f6gblankt intryck \u2013 aluminiumpl\u00e5t? Nej. Duken grundas om och om igen, kanske tio g\u00e5nger med blankaste akryl.<\/p>\n<p>\u2013 F\u00f6r varje m\u00e5lning t\u00e4nker jag ut en strategi, f\u00f6rklarar Stefan Johansson. Id\u00e9erna tar aldrig slut.<\/p>\n<p>&nbsp;<\/p>\n<p><img loading=\"lazy\" decoding=\"async\" class=\"alignnone\" src=\"https:\/\/live.staticflickr.com\/5057\/5490963635_71829c431d.jpg\" alt=\"Detalj, r\u00e4nder med vallar emellan\" width=\"500\" height=\"333\" \/><br \/>\n<em>Detalj, r\u00e4nder med vallar emellan.<\/em><\/p>\n<p>&nbsp;<\/p>\n<p><strong>Strategin handlar om f\u00e4rgval, rutstorlek, penselns r\u00f6relsem\u00f6nster \u00f6ver duken.<\/strong> Rena f\u00e4rger l\u00e4ggs p\u00e5 den liggande duken. Rutorna \u00e4r ofta stora, ibland hela r\u00e4nder. Och penseln f\u00f6rs i raska raka tag, ibland med kr\u00f6kar p\u00e5 v\u00e4gen fr\u00e5n upp till ned. som tar med sig det mesta av f\u00e4rgen. En ny pensel p\u00e5 n\u00e4sta rutf\u00e4rg och ett nytt penseldrag.<\/p>\n<p>Kvar blir pastellsvaga str\u00e5k som kan ha blandat sig med en annan f\u00e4rg i r\u00f6relsen. Och vallar av tjock gl\u00e4nsande f\u00e4rg d\u00e4remellan. Som om den breda penselns drag inte r\u00e4cker tar han ibland till f\u00f6nsterskrapan. Resultatet blir stora vita rutor med markerad kontur. De geometriska m\u00f6nstren varieras i varje nytt verk.<\/p>\n<p>&nbsp;<\/p>\n<p><img loading=\"lazy\" decoding=\"async\" class=\"alignnone\" src=\"https:\/\/live.staticflickr.com\/5015\/5491557102_31b1f39639.jpg\" alt=\"Lilla rummet\" width=\"500\" height=\"295\" \/><br \/>\n<img loading=\"lazy\" decoding=\"async\" class=\"alignnone\" src=\"https:\/\/live.staticflickr.com\/5214\/5491556958_96853092e5_m.jpg\" alt=\"Escalator\" width=\"240\" height=\"162\" \/> <a title=\"Vernissagepublik\" href=\"https:\/\/www.flickr.com\/photos\/kultursidan\/5491557862\/in\/album-72157626180076176\/\"><img loading=\"lazy\" decoding=\"async\" src=\"https:\/\/live.staticflickr.com\/5298\/5491557862_ffcf7378e6_m.jpg\" alt=\"Vernissagepublik\" width=\"240\" height=\"147\" \/><\/a><br \/>\n<em>Escalator heter den stora m\u00e5lningen. M\u00e5nga KIFiN-konstn\u00e4rer i vernissagepubliken.<\/em><\/p>\n<p>&nbsp;<\/p>\n<p><strong>Intrycket av de stora m\u00e5lningarna v\u00e4xlar. <\/strong> N\u00e5gra \u00e4r dekorativa. Andra g\u00f6r kraftigare motst\u00e5nd tack vare konstn\u00e4rens osentimentala f\u00f6rh\u00e5llande till sitt material. N\u00e5gra har djupverkan. Jag ser ett sl\u00e4ktskap med textil konst, fr\u00e4mst mattor med abstrakta m\u00f6nster. Det visar sig att Stefan Johansson b\u00f6rjat intressera sig f\u00f6r den svenska matt-ikonen <a title=\"M\u00e4rta M\u00e5\u00e5s-Fjetterstr\u00f6m, mattikon\" href=\"http:\/\/www.mmf.se\/\" target=\"_blank\" rel=\"noopener\">M\u00e4rta M\u00e5\u00e5s-Fjetterstr\u00f6ms<\/a> verk. Allt \u00e4r inte <a title=\"Olle Baertling, konstn\u00e4r\" href=\"http:\/\/www.baertling.com\/\" target=\"_blank\" rel=\"noopener\">Olle Baertlings<\/a> f\u00f6rtj\u00e4nst.<\/p>\n<p><em>Text och foto: Ann-Charlotte Sandelin<\/em><\/p>\n<ul>\n<li>\n<h3>GALLERI KRONAN Norrk\u00f6ping<\/h3>\n<\/li>\n<li><em>26 februari\u00a0 \u2013 13 mars 2011<\/em><strong><br \/>\nStefan Johansson<\/strong><\/li>\n<\/ul>\n","protected":false},"excerpt":{"rendered":"<p>NORRK\u00d6PING Han slarvar inte med grunden. S\u00e5 m\u00e5nga lager vit akryl l\u00e4ggs p\u00e5 duken att ytan blir som emaljblank pl\u00e5t. Men f\u00e4rgerna som l\u00e4ggs p\u00e5 tas sedan bort, kvar blir geometriska m\u00f6nster i st\u00e4ndigt nya varianter. <a class=\"continue-reading-link\" href=\"https:\/\/www.kultursidan.nu\/?p=1128\">L\u00e4s mer <span class=\"meta-nav\">&rarr; <\/span><\/a><\/p>\n","protected":false},"author":1001006,"featured_media":0,"comment_status":"closed","ping_status":"closed","sticky":false,"template":"","format":"standard","meta":{"_jetpack_memberships_contains_paid_content":false,"footnotes":""},"categories":[7],"tags":[14],"class_list":["post-1128","post","type-post","status-publish","format-standard","hentry","category-norrkoping","tag-konst"],"jetpack_featured_media_url":"","jetpack_sharing_enabled":true,"_links":{"self":[{"href":"https:\/\/www.kultursidan.nu\/index.php?rest_route=\/wp\/v2\/posts\/1128","targetHints":{"allow":["GET"]}}],"collection":[{"href":"https:\/\/www.kultursidan.nu\/index.php?rest_route=\/wp\/v2\/posts"}],"about":[{"href":"https:\/\/www.kultursidan.nu\/index.php?rest_route=\/wp\/v2\/types\/post"}],"author":[{"embeddable":true,"href":"https:\/\/www.kultursidan.nu\/index.php?rest_route=\/wp\/v2\/users\/1001006"}],"replies":[{"embeddable":true,"href":"https:\/\/www.kultursidan.nu\/index.php?rest_route=%2Fwp%2Fv2%2Fcomments&post=1128"}],"version-history":[{"count":2,"href":"https:\/\/www.kultursidan.nu\/index.php?rest_route=\/wp\/v2\/posts\/1128\/revisions"}],"predecessor-version":[{"id":42762,"href":"https:\/\/www.kultursidan.nu\/index.php?rest_route=\/wp\/v2\/posts\/1128\/revisions\/42762"}],"wp:attachment":[{"href":"https:\/\/www.kultursidan.nu\/index.php?rest_route=%2Fwp%2Fv2%2Fmedia&parent=1128"}],"wp:term":[{"taxonomy":"category","embeddable":true,"href":"https:\/\/www.kultursidan.nu\/index.php?rest_route=%2Fwp%2Fv2%2Fcategories&post=1128"},{"taxonomy":"post_tag","embeddable":true,"href":"https:\/\/www.kultursidan.nu\/index.php?rest_route=%2Fwp%2Fv2%2Ftags&post=1128"}],"curies":[{"name":"wp","href":"https:\/\/api.w.org\/{rel}","templated":true}]}}