{"id":1136,"date":"2011-03-03T17:43:00","date_gmt":"2011-03-03T15:43:00","guid":{"rendered":"https:\/\/intelligent-friend-7861.standoutwp.com\/?p=1136"},"modified":"2021-04-23T09:50:17","modified_gmt":"2021-04-23T08:50:17","slug":"harald-nyman-pa-galleri-sander","status":"publish","type":"post","link":"https:\/\/www.kultursidan.nu\/?p=1136","title":{"rendered":"Harald Nyman p\u00e5 Galleri Sander"},"content":{"rendered":"<p><img loading=\"lazy\" decoding=\"async\" class=\"alignnone\" src=\"https:\/\/live.staticflickr.com\/5251\/5494581292_8ec3d73abe.jpg\" alt=\"Koltrastkv\u00e4llar II + HN\" width=\"500\" height=\"313\" \/><br \/>\n<em>Insyn och utblick. M\u00e5lningen heter Koltrastkv\u00e4llar II, konstn\u00e4ren \u00e4r Harald Nyman.<\/em><\/p>\n<p><iframe loading=\"lazy\" title=\"YouTube video player\" src=\"https:\/\/www.youtube.com\/embed\/nvBra89AnlU\" width=\"560\" height=\"315\" frameborder=\"0\" allowfullscreen=\"allowfullscreen\"><\/iframe><br \/>\n<em>Harald Nyman p\u00e5 Galleri Sander. Film 1:48 min.<\/em><\/p>\n<p>&nbsp;<\/p>\n<h1><span style=\"color: #ff0000;\">Mixade motiv<\/span><\/h1>\n<p>&nbsp;<\/p>\n<p><strong>Atelj\u00e9interi\u00f6rerna ser inspirerande ut<\/strong>, med m\u00e5lningar p\u00e5 stafflier och kanske en klassisk vas. Inget skr\u00e4p. Men s\u00e5 olika, fr\u00e5n en bild till en annan.<\/p>\n<p>Troligen ser <a title=\"Harald Nyman, konstn\u00e4r\" href=\"http:\/\/www.haraldnyman.se\/\" target=\"_blank\" rel=\"noopener\">Harald Nymans <\/a>atelj\u00e9 helt annorlunda ut i verkligheten, och fullproppad med r\u00e5material: tavlor som aldrig s\u00e5lts, gamla tidningar, omslagswell och papp. F\u00f6r ibland g\u00e5r det fort, fort n\u00e4r konstn\u00e4ren skapar sina verk. Han tar vad han hittar, limmar fast och m\u00e5lar \u00f6ver.<\/p>\n<p>\u2013 Hellre n\u00e5t man hittar i soporna \u00e4n n\u00e5t man g\u00e5r ut och k\u00f6per, f\u00f6rklarar Harald Nyman. N\u00e4r man \u00e4r inspirerad och jobbar s\u00e5 tar man f\u00f6rsta b\u00e4sta grej. Det kan g\u00e5 v\u00e4ldigt snabbt ibland. Fast det kan h\u00e4nda att jag sitter och filar p\u00e5 detaljer l\u00e4nge, i dagar, veckor.<\/p>\n<p>&nbsp;<\/p>\n<p><img loading=\"lazy\" decoding=\"async\" class=\"alignnone\" src=\"https:\/\/live.staticflickr.com\/5140\/5493987421_50f0e0e1e7.jpg\" alt=\"I atelj\u00e9n II\" width=\"500\" height=\"333\" \/><br \/>\n<img loading=\"lazy\" decoding=\"async\" class=\"alignnone\" src=\"https:\/\/live.staticflickr.com\/5094\/5493987649_438c6331bd_m.jpg\" alt=\"I en m\u00e5lares rum + F\u00f6rmiddag, B\u00f6da\" width=\"240\" height=\"162\" \/> <img loading=\"lazy\" decoding=\"async\" class=\"alignnone\" src=\"https:\/\/live.staticflickr.com\/5013\/5494581058_50e86e5aef_m.jpg\" alt=\"B\u00f6da, detalj\" width=\"240\" height=\"160\" \/><br \/>\n<img loading=\"lazy\" decoding=\"async\" class=\"alignnone\" src=\"https:\/\/live.staticflickr.com\/5217\/5493987949_0328c08daf.jpg\" alt=\"Siesta II\" width=\"500\" height=\"370\" \/><br \/>\n<em>I atelj\u00e9n II. I en m\u00e5lares rum + F\u00f6rmiddag, B\u00f6da. B\u00f6da, detalj. Siesta II.<\/em><\/p>\n<p>&nbsp;<\/p>\n<p><strong>Just nu visar han dussinet verk i blandteknik p\u00e5 <a title=\"Galleri Sander\" href=\"http:\/\/www.gallerisander.se\/nkpg\/index.html\" target=\"_blank\" rel=\"noopener\">Galleri Sander<\/a><\/strong>. M\u00e5lningarna \u00e4r fulla av detaljer, som kan ta l\u00e5ng tid att utforska. Det \u00e4r inte ovanligt att han startar i en m\u00e5lning av \u00e4ldre datum som s\u00e4tts in i ett nytt sammanhang. Ett landskap fr\u00e5n en tidigare, naturalistisk period, ramas in av ett f\u00f6nster och ses som ett \u201dute\u201d inifr\u00e5n rummet i det nygamla verket.<\/p>\n<p>Den som tror sig k\u00e4nna igen rummet, platsen, staden, far dock vilse, Harald Nyman \u00e4r inte intresserad av rena avbildningar. D\u00e4remot menar konstn\u00e4ren att motiven \u00e4r en f\u00f6rev\u00e4ndning f\u00f6r att arbeta med komponerandet, som han talar om i musikaliska termer, bildrytm och f\u00e4rgklang.<\/p>\n<p>&nbsp;<\/p>\n<p style=\"text-align: center;\"><img loading=\"lazy\" decoding=\"async\" class=\"aligncenter\" src=\"https:\/\/live.staticflickr.com\/5174\/5493988919_0773484154_w.jpg\" alt=\"Kvar i stan I\" width=\"158\" height=\"400\" \/><br \/>\n<em>Kvar i stan I.<\/em><\/p>\n<p>&nbsp;<\/p>\n<p><strong>Flera av hans senare verk \u00e4r smalh\u00f6ga,<\/strong> med bilder travade \u00f6ver varandra. Inspirationen kommer fr\u00e5n japansk-kinesisk konst, utan centralperspektiv.<\/p>\n<p><em>Text, film och foto: Ann-Charlotte Sandelin<\/em><\/p>\n<ul>\n<li>\n<h3>GALLERI SANDER, Norrk\u00f6ping<\/h3>\n<\/li>\n<li><em>26 februari \u2013 12 mars 2011<br \/>\n<\/em><strong>M\u00e5lningar<\/strong><br \/>\nHarald Nyman<\/li>\n<\/ul>\n","protected":false},"excerpt":{"rendered":"<p>NORRK\u00d6PING Interi\u00f6rer med utblick mot tidigare konst. En snabb bildkomposit\u00f6r som klipper till med rytm och klang. Och som b\u00f6rjat kika p\u00e5 smalh\u00f6ga tavlor fr\u00e5n fj\u00e4rran \u00f6stern. <a class=\"continue-reading-link\" href=\"https:\/\/www.kultursidan.nu\/?p=1136\">L\u00e4s mer <span class=\"meta-nav\">&rarr; <\/span><\/a><\/p>\n","protected":false},"author":1001006,"featured_media":0,"comment_status":"closed","ping_status":"open","sticky":false,"template":"","format":"standard","meta":{"_jetpack_memberships_contains_paid_content":false,"footnotes":""},"categories":[7],"tags":[14],"class_list":["post-1136","post","type-post","status-publish","format-standard","hentry","category-norrkoping","tag-konst"],"jetpack_featured_media_url":"","jetpack_sharing_enabled":true,"_links":{"self":[{"href":"https:\/\/www.kultursidan.nu\/index.php?rest_route=\/wp\/v2\/posts\/1136","targetHints":{"allow":["GET"]}}],"collection":[{"href":"https:\/\/www.kultursidan.nu\/index.php?rest_route=\/wp\/v2\/posts"}],"about":[{"href":"https:\/\/www.kultursidan.nu\/index.php?rest_route=\/wp\/v2\/types\/post"}],"author":[{"embeddable":true,"href":"https:\/\/www.kultursidan.nu\/index.php?rest_route=\/wp\/v2\/users\/1001006"}],"replies":[{"embeddable":true,"href":"https:\/\/www.kultursidan.nu\/index.php?rest_route=%2Fwp%2Fv2%2Fcomments&post=1136"}],"version-history":[{"count":2,"href":"https:\/\/www.kultursidan.nu\/index.php?rest_route=\/wp\/v2\/posts\/1136\/revisions"}],"predecessor-version":[{"id":42764,"href":"https:\/\/www.kultursidan.nu\/index.php?rest_route=\/wp\/v2\/posts\/1136\/revisions\/42764"}],"wp:attachment":[{"href":"https:\/\/www.kultursidan.nu\/index.php?rest_route=%2Fwp%2Fv2%2Fmedia&parent=1136"}],"wp:term":[{"taxonomy":"category","embeddable":true,"href":"https:\/\/www.kultursidan.nu\/index.php?rest_route=%2Fwp%2Fv2%2Fcategories&post=1136"},{"taxonomy":"post_tag","embeddable":true,"href":"https:\/\/www.kultursidan.nu\/index.php?rest_route=%2Fwp%2Fv2%2Ftags&post=1136"}],"curies":[{"name":"wp","href":"https:\/\/api.w.org\/{rel}","templated":true}]}}