{"id":11369,"date":"2013-07-19T12:09:42","date_gmt":"2013-07-19T11:09:42","guid":{"rendered":"https:\/\/intelligent-friend-7861.standoutwp.com\/?p=11369"},"modified":"2013-07-19T15:06:04","modified_gmt":"2013-07-19T14:06:04","slug":"spektakulara-vyer-pa-hog-niva-i-vhmcg","status":"publish","type":"post","link":"https:\/\/www.kultursidan.nu\/?p=11369","title":{"rendered":"Spektakul\u00e4ra vyer p\u00e5 h\u00f6g niv\u00e5 i VHMCG"},"content":{"rendered":"<p><a href=\"https:\/\/www.kultursidan.nu\/wp-content\/uploads\/2013\/07\/Konst-3.jpg\"><img loading=\"lazy\" decoding=\"async\" class=\"alignnone size-medium wp-image-11370\" alt=\"Magnus Klackenbergs bilder handlar om mer \u00e4n bara skor.\" src=\"https:\/\/www.kultursidan.nu\/wp-content\/uploads\/2013\/07\/Konst-3-567x376.jpg\" width=\"567\" height=\"376\" \/><\/a><\/p>\n<p><i>Mer \u00e4n bara skor. Magnus Klackenbergs modefotografi vill ocks\u00e5 f\u00f6rmedla en k\u00e4nsla.<br \/>\n<\/i><\/p>\n<p>&nbsp;<\/p>\n<h1><span style=\"color: #ff0000;\">PR f\u00f6r glass och arkitektur 25 meter upp<\/span><\/h1>\n<p>&nbsp;<\/p>\n<p><b>Spektakul\u00e4rt i tredubbel bem\u00e4rkelse kan man s\u00e4ga om VHMCG \u2013 v\u00e4rldens h\u00f6gsta minsta caf\u00e9 galleri.<\/b> Vid Gamla Torget i Norrk\u00f6ping har de senaste dagarna vuxit upp ett 25 meter h\u00f6gt torn. Ett kombinerat caf\u00e9, galleri och utsiktstorn som bjuder p\u00e5 spektakul\u00e4ra vyer, centrala Norrk\u00f6ping lite grann fr\u00e5n ovan.<\/p>\n<p>Sj\u00e4lva tornet \u00e4r kanske inte det allra vackraste, en fyrkantig men rej\u00e4l byggnadsst\u00e4llning. Innanf\u00f6r tygfasaden, prydd med glassstrut och ett ansikte h\u00f6gst upp, som skyddar mot vinden finns trappor som man f\u00f6r en mindre entr\u00e9avgift kan vandra upp i.<\/p>\n<p>&nbsp;<\/p>\n<p>&nbsp;<\/p>\n<p><a title=\"H\u00f6grest rum f\u00f6r spektakul\u00e4ra inre och yttre vyer. by Kultursidan, on Flickr\" href=\"http:\/\/www.flickr.com\/photos\/kultursidan\/9317901457\/\"><img loading=\"lazy\" decoding=\"async\" alt=\"H\u00f6grest rum f\u00f6r spektakul\u00e4ra inre och yttre vyer.\" src=\"http:\/\/farm6.staticflickr.com\/5489\/9317901457_aa8d3275d3_n.jpg\" width=\"208\" height=\"320\" \/><\/a><\/p>\n<p><em>Sommarens uppstickare p\u00e5 Gamla torget.<\/em><\/p>\n<p>&nbsp;<\/p>\n<p><b>Sagt och gjort. Efter lite mer \u00e4n 100 trappsteg m\u00f6ter utsikten.<\/b> Och p\u00e5 avsatserna visas fotografen Magnus Klackenstams utst\u00e4llning med modefotografier som tidigare publicerats i exklusiva modemagasinet Vogue. H\u00f6jdarbilder \u2013 p\u00e5 mer \u00e4n ett s\u00e4tt \u2013 modefoto handlar om kreativitet, att v\u00e4cka uppm\u00e4rksamhet f\u00f6r produkterna. I det h\u00e4r fallet \u00e4r det skor, som vi ju vanligen f\u00f6rknippar med l\u00e5ga niv\u00e5er.<\/p>\n<p>Efter nedstigningen kan man bel\u00f6na sig med glass i caf\u00e9t som befinner sig p\u00e5 trygg markniv\u00e5 tillsammans med solstolar i l\u00e4ckert lila. Det \u00e4r n\u00e4mligen Jolla caf\u00e9, i vanliga fall ett stenkast bort p\u00e5 Pr\u00e4stgatan, som satsat p\u00e5 det spektakul\u00e4ra sommarannexet.<\/p>\n<p><b>Ursprungsid\u00e9n kommer fr\u00e5n arkitekten Michael\u00a0Mat\u00e8rn p\u00e5 arkitektfirman \u00c5WL<\/b> som f\u00f6reslog Jolla caf\u00e9 att de skulle g\u00f6ra n\u00e5got tillsammans, n\u00e5got som sticker ut. Det ber\u00e4ttar Gebro Togan i en intervju i Folkbladet.<\/p>\n<p>Och sticker ut g\u00f6r det, eller snarare sticker upp. Allts\u00e5 25 meter h\u00f6g PR f\u00f6r glass, chokladpraliner och arkitektur. Av caf\u00e9personalen, Jolla och Gebro Togans s\u00f6ner, f\u00e5r vi veta att tornet skall vara p\u00e5 plats fram till september samt att utst\u00e4llarna kommer att skifta.<\/p>\n<p><b>\u00d6verskottet av bes\u00f6ket, skall g\u00e5 till utsatta barn.<br \/>\n\u2013 <\/b>All eventuell vinst kommer att g\u00e5 till R\u00e4dda Barnen och Unicef, upplyser Michael Mat\u00e8rn.<\/p>\n<p><i>Text: Sven \u00c5ke Molund och Ann-Charlotte Sandelin<br \/>\nFoto: Sven \u00c5ke Molund<\/i><\/p>\n<p>&nbsp;<\/p>\n<blockquote>\n<h3><em>VHMCG Norrk\u00f6ping<\/em><\/h3>\n<p>Sommaren 2013<em><br \/>\n<b>Fotografi<br \/>\n<\/b>Magnus Klackenstam<br \/>\n<\/em>Fler utst\u00e4llningar kommer<\/p><\/blockquote>\n<p>&nbsp;<\/p>\n<p>L\u00c4NKAR<br \/>\nMagnus Klackenstam <a title=\"Magnus Klackenstam\" href=\"http:\/\/www.klackenstam.se\" target=\"_blank\">hemsida <\/a><br \/>\nJolla cafe <a title=\"Facebook\" href=\"https:\/\/www.facebook.com\/JollaChoklad\" target=\"_blank\">Facebook <\/a><br \/>\nVHMCG <a title=\"Facebook\" href=\"https:\/\/www.facebook.com\/vvhhmmccgg\" target=\"_blank\">Facebook <\/a><br \/>\n\u00c5WL <a title=\"\u00c5WL \" href=\"http:\/\/awlark.se\" target=\"_blank\">hemsida <\/a><\/p>\n<p>FLER BILDER FR\u00c5N VHMCG \u2013 KLICKA<\/p>\n<p>[flickr-gallery mode=&#8221;photoset&#8221; photoset=&#8221;72157634698512261&#8243;]<\/p>\n","protected":false},"excerpt":{"rendered":"<p>NORRK\u00d6PING Utsikt och utst\u00e4llning i ett bjuder VHMCG, uttytt v\u00e4rldens h\u00f6gsta minsta caf\u00e9 galleri, p\u00e5 Gamla torget i sommar. 25 meter upp i det smala tornet m\u00f6ter \u00f6gat Norrk\u00f6ping \u2013 lite grann fr\u00e5n ovan \u2013 och Magnus Klackenbergs modebilder fr\u00e5n Vogue. <a class=\"continue-reading-link\" href=\"https:\/\/www.kultursidan.nu\/?p=11369\">L\u00e4s mer <span class=\"meta-nav\">&rarr; <\/span><\/a><\/p>\n","protected":false},"author":1001006,"featured_media":0,"comment_status":"closed","ping_status":"open","sticky":false,"template":"","format":"standard","meta":{"_jetpack_memberships_contains_paid_content":false,"footnotes":""},"categories":[7],"tags":[17],"class_list":["post-11369","post","type-post","status-publish","format-standard","hentry","category-norrkoping","tag-foto"],"jetpack_featured_media_url":"","jetpack_sharing_enabled":true,"_links":{"self":[{"href":"https:\/\/www.kultursidan.nu\/index.php?rest_route=\/wp\/v2\/posts\/11369","targetHints":{"allow":["GET"]}}],"collection":[{"href":"https:\/\/www.kultursidan.nu\/index.php?rest_route=\/wp\/v2\/posts"}],"about":[{"href":"https:\/\/www.kultursidan.nu\/index.php?rest_route=\/wp\/v2\/types\/post"}],"author":[{"embeddable":true,"href":"https:\/\/www.kultursidan.nu\/index.php?rest_route=\/wp\/v2\/users\/1001006"}],"replies":[{"embeddable":true,"href":"https:\/\/www.kultursidan.nu\/index.php?rest_route=%2Fwp%2Fv2%2Fcomments&post=11369"}],"version-history":[{"count":0,"href":"https:\/\/www.kultursidan.nu\/index.php?rest_route=\/wp\/v2\/posts\/11369\/revisions"}],"wp:attachment":[{"href":"https:\/\/www.kultursidan.nu\/index.php?rest_route=%2Fwp%2Fv2%2Fmedia&parent=11369"}],"wp:term":[{"taxonomy":"category","embeddable":true,"href":"https:\/\/www.kultursidan.nu\/index.php?rest_route=%2Fwp%2Fv2%2Fcategories&post=11369"},{"taxonomy":"post_tag","embeddable":true,"href":"https:\/\/www.kultursidan.nu\/index.php?rest_route=%2Fwp%2Fv2%2Ftags&post=11369"}],"curies":[{"name":"wp","href":"https:\/\/api.w.org\/{rel}","templated":true}]}}