{"id":1155,"date":"2011-03-05T13:55:20","date_gmt":"2011-03-05T11:55:20","guid":{"rendered":"https:\/\/intelligent-friend-7861.standoutwp.com\/?p=1155"},"modified":"2021-04-23T11:11:05","modified_gmt":"2021-04-23T10:11:05","slug":"medelalder-229-pa-galleri-dag-andersson","status":"publish","type":"post","link":"https:\/\/www.kultursidan.nu\/?p=1155","title":{"rendered":"Medel\u00e5lder 22,9 p\u00e5 Galleri Dag Andersson"},"content":{"rendered":"<p><img loading=\"lazy\" decoding=\"async\" class=\"alignnone\" src=\"https:\/\/live.staticflickr.com\/5092\/5498691945_5a91649abd.jpg\" alt=\"Bl\u00e5tt moln och teckningar\" width=\"500\" height=\"333\" \/><br \/>\n<em>I pyramidens rymd ligger ett bl\u00e5tt moln av st\u00e5ltr\u00e5d. <\/em><\/p>\n<p><iframe loading=\"lazy\" title=\"YouTube video player\" src=\"https:\/\/www.youtube.com\/embed\/qYTICupcAvs\" width=\"560\" height=\"315\" frameborder=\"0\" allowfullscreen=\"allowfullscreen\"><\/iframe><br \/>\n<em>Ung inspiration. Karin Andersson l\u00e4t konstn\u00e4rer bygga vidare p\u00e5 barns teckningar. Film 2:19 min.<\/em><\/p>\n<p>&nbsp;<\/p>\n<h1><span style=\"color: #ff0000;\">Fruktbart m\u00f6te kring gl\u00e4dje<\/span><\/h1>\n<p>&nbsp;<\/p>\n<p><strong>Med k\u00e4rlek till konsten och till barn<\/strong> var det l\u00e4tt f\u00f6r De Geergymnasisten Karin Andersson att best\u00e4mma sig f\u00f6r sitt projektarbete: en utst\u00e4llning med barns teckningar. Men hon t\u00e4nkte ett varv till.<\/p>\n<p>\u2013 F\u00f6rst hade jag t\u00e4nkt att dra upp barnens teckningar s\u00e5 att de blev stora men de \u00e4r ju b\u00e4st som de \u00e4r, p\u00e5 A4-papper.<\/p>\n<p>&nbsp;<\/p>\n<p><img loading=\"lazy\" decoding=\"async\" class=\"alignnone\" src=\"https:\/\/live.staticflickr.com\/5052\/5498693525_4e73fc3886.jpg\" alt=\"I galleriet 2\" width=\"500\" height=\"332\" \/><br \/>\n<img loading=\"lazy\" decoding=\"async\" class=\"alignnone\" src=\"https:\/\/live.staticflickr.com\/5017\/5498692897_8fb0069d55_m.jpg\" alt=\"Bygga med klossar\" width=\"240\" height=\"160\" \/> <img loading=\"lazy\" decoding=\"async\" class=\"alignnone\" src=\"https:\/\/live.staticflickr.com\/4696\/25722805247_4b595620c0_m.jpg\" alt=\"Christer Paleologos och Lina S\" width=\"240\" height=\"160\" \/><br \/>\n<em>I galleriet. Bygga med klossar. Christer Paleologos bygger hus med Lina S teckning.<\/em><\/p>\n<p>&nbsp;<\/p>\n<p><strong>P\u00e5 <a title=\"Galleri Dag Andersson\" href=\"http:\/\/www.galleridagandersson.se\/start.html\" target=\"_blank\" rel=\"noopener\">Galleri Dag Andersson<\/a> h\u00e4nger d\u00e4rf\u00f6r vuxna konstn\u00e4rers verk sida vid sida med inspirationsk\u00e4llorna,<\/strong> teckningar gjorda av barn i f\u00f6rskoleklass och andra klass p\u00e5 Jurslaskolan och De Geerskolan.<\/p>\n<p>\u2013 De fick g\u00f6ra teckningar p\u00e5 temat gl\u00e4dje. Vad de blir glada av, var andra blir glada av, var gl\u00e4djen sitter i kroppen, ber\u00e4ttar Karin Andersson.<\/p>\n<p>Resultatet h\u00e4nger i l\u00e5ngan rad p\u00e5 sn\u00f6ren p\u00e5 en v\u00e4gg i galleriet. F\u00e4rgglatt och fyllt av hj\u00e4rtan, blommor och glada ansikten. En fotboll, sol och f\u00e5glar.<\/p>\n<p>&nbsp;<\/p>\n<p><img loading=\"lazy\" decoding=\"async\" class=\"alignnone\" src=\"https:\/\/live.staticflickr.com\/5297\/5498693217_efa765798d.jpg\" alt=\"Serieteckning\" width=\"500\" height=\"333\" \/><br \/>\n<img loading=\"lazy\" decoding=\"async\" class=\"alignnone\" src=\"https:\/\/live.staticflickr.com\/5135\/5499286602_0d1d25bfbf_m.jpg\" alt=\"Familjeutflykt 1\" width=\"240\" height=\"160\" \/> <img loading=\"lazy\" decoding=\"async\" class=\"alignnone\" src=\"https:\/\/live.staticflickr.com\/5300\/5498692661_8d0a569eae_m.jpg\" alt=\"Familjeutflykt 2\" width=\"240\" height=\"157\" \/><br \/>\n<em>Serieteckning.\u00a0Familjeutflykt 1. Familjeutflykt 2.<\/em><\/p>\n<p>&nbsp;<\/p>\n<p><strong>Femton konstn\u00e4rer,<\/strong> i spannet mellan personliga v\u00e4nner och amat\u00f6rer till etablerade konstn\u00e4rer som tidigare st\u00e4llt ut p\u00e5 Galleri Dag Andersson, har tagit avstamp i varsin utvald barnteckning. Ett synbarligen fruktbart m\u00f6te, som alla medverkande tagit p\u00e5 st\u00f6rsta allvar.<\/p>\n<p>H\u00e4r svarar ett litet bl\u00e5tt st\u00e5ltr\u00e5dsmoln i en vitm\u00e5lad pyramid p\u00e5 ett intensivt utrop av bl\u00e5a streck som t\u00e4cker hela papperet. En liten familj i det gr\u00f6na har av en annan konstn\u00e4r byggts ut till en egen utst\u00e4llning i utst\u00e4llningen. Det \u00e4r m\u00e5lningar, akvareller, rum, skulpturer och mycket mer. Allt med gl\u00e4dje och inte utan dramatik.<\/p>\n<p><strong>En av konstn\u00e4rerna \u00e4r Colette Atalla<\/strong> som bidragit med en oljem\u00e5lning, med vintermotiv med hus och sn\u00f6gubbe.<\/p>\n<p>\u2013 Det viktiga f\u00f6r mig var att tolka barnets bild. Det \u00e4r jul. D\u00e4r \u00e4r hus, det lyser i husen och det \u00e4r lycka.<\/p>\n<p>En inspirerad v\u00e5rsalong som kan ses hela veckan. Rekommenderas varmt!<\/p>\n<p><em>Text, film och foto: Ann-Charlotte Sandelin<\/em><\/p>\n<ul>\n<li>\n<h3>GALLERI DAG ANDERSSON Norrk\u00f6ping<\/h3>\n<\/li>\n<li><em>5 \u2013 12 mars 2011<\/em><br \/>\n<strong>Medel\u00e5lder 22,9 \u2013 Ett gl\u00e4djem\u00f6te<\/strong><\/li>\n<li><em>Curator<\/em> Karin Andersson<\/li>\n<li><em>Medverkande<\/em><br \/>\nBarn fr\u00e5n Jurslaskolan och De Geerskolan<em><br \/>\nsamt konstn\u00e4rerna<\/em><br \/>\n<a title=\"Anette Abrahamsson, konstn\u00e4r\" href=\"http:\/\/www.anetteabrahamsson.dk\/\" target=\"_blank\" rel=\"noopener\">Anette Abrahamsson<\/a><br \/>\nColette Atalla<br \/>\nElina Ennab<br \/>\nBirgitta Eriksson<br \/>\nJohn Johansson<br \/>\nFelix Johnsson<br \/>\nNadezda Karlsson<br \/>\n<a title=\"Elisabet Lind\u00e9n, ungnt-artikel\" href=\"http:\/\/www.nt.se\/ungnt\/artikel.aspx?articleid=5602525\" target=\"_blank\" rel=\"noopener\">Elisabet Lind\u00e9n<\/a><br \/>\nTone Linghult<br \/>\n<a title=\"Krister Paleologos, konstn\u00e4r\" href=\"http:\/\/www.krister.se\/\" target=\"_blank\" rel=\"noopener\">Krister Paleologos<\/a><br \/>\n<a title=\"Sara Petersson, artikel i ungnt\" href=\"http:\/\/www.nt.se\/ungnt\/artikel.aspx?articleid=4188110\" target=\"_blank\" rel=\"noopener\">Sara Pettersson<\/a><br \/>\n<a title=\"Vivianne Rosqvist, konstn\u00e4r\" href=\"http:\/\/www.vivia.se\/\" target=\"_blank\" rel=\"noopener\">Vivianne Rosqvist<\/a><br \/>\nMaria Sandstedt<br \/>\nMats-Ole Svensson<br \/>\nKarin Sv\u00e4rdmalm<br \/>\n<a title=\"Liss Annika S\u00f6derstr\u00f6m, konstn\u00e4r\" href=\"http:\/\/www.skulptorforbundet.se\/uppdrag.php?mid=0207\" target=\"_blank\" rel=\"noopener\">Liss Annika S\u00f6derstr\u00f6m<\/a><\/li>\n<\/ul>\n","protected":false},"excerpt":{"rendered":"<p>NORRK\u00d6PING Var sitter gl\u00e4djen i kroppen? Se ett fruktbart m\u00f6te mellan barns teckningar och vuxnas konst. Gymnasisten Karin Anderssons projektarbete blev en hel utst\u00e4llning. <a class=\"continue-reading-link\" href=\"https:\/\/www.kultursidan.nu\/?p=1155\">L\u00e4s mer <span class=\"meta-nav\">&rarr; <\/span><\/a><\/p>\n","protected":false},"author":1001006,"featured_media":0,"comment_status":"open","ping_status":"open","sticky":false,"template":"","format":"standard","meta":{"_jetpack_memberships_contains_paid_content":false,"footnotes":""},"categories":[7],"tags":[37,14],"class_list":["post-1155","post","type-post","status-publish","format-standard","hentry","category-norrkoping","tag-barnkultur","tag-konst"],"jetpack_featured_media_url":"","jetpack_sharing_enabled":true,"_links":{"self":[{"href":"https:\/\/www.kultursidan.nu\/index.php?rest_route=\/wp\/v2\/posts\/1155","targetHints":{"allow":["GET"]}}],"collection":[{"href":"https:\/\/www.kultursidan.nu\/index.php?rest_route=\/wp\/v2\/posts"}],"about":[{"href":"https:\/\/www.kultursidan.nu\/index.php?rest_route=\/wp\/v2\/types\/post"}],"author":[{"embeddable":true,"href":"https:\/\/www.kultursidan.nu\/index.php?rest_route=\/wp\/v2\/users\/1001006"}],"replies":[{"embeddable":true,"href":"https:\/\/www.kultursidan.nu\/index.php?rest_route=%2Fwp%2Fv2%2Fcomments&post=1155"}],"version-history":[{"count":4,"href":"https:\/\/www.kultursidan.nu\/index.php?rest_route=\/wp\/v2\/posts\/1155\/revisions"}],"predecessor-version":[{"id":42769,"href":"https:\/\/www.kultursidan.nu\/index.php?rest_route=\/wp\/v2\/posts\/1155\/revisions\/42769"}],"wp:attachment":[{"href":"https:\/\/www.kultursidan.nu\/index.php?rest_route=%2Fwp%2Fv2%2Fmedia&parent=1155"}],"wp:term":[{"taxonomy":"category","embeddable":true,"href":"https:\/\/www.kultursidan.nu\/index.php?rest_route=%2Fwp%2Fv2%2Fcategories&post=1155"},{"taxonomy":"post_tag","embeddable":true,"href":"https:\/\/www.kultursidan.nu\/index.php?rest_route=%2Fwp%2Fv2%2Ftags&post=1155"}],"curies":[{"name":"wp","href":"https:\/\/api.w.org\/{rel}","templated":true}]}}