{"id":1165,"date":"2011-03-08T23:15:05","date_gmt":"2011-03-08T21:15:05","guid":{"rendered":"https:\/\/intelligent-friend-7861.standoutwp.com\/?p=1165"},"modified":"2021-04-23T13:18:08","modified_gmt":"2021-04-23T12:18:08","slug":"kvinnliga-tecknare-pa-arbetets-museum","status":"publish","type":"post","link":"https:\/\/www.kultursidan.nu\/?p=1165","title":{"rendered":"Kvinnliga tecknare p\u00e5 Arbetets Museum"},"content":{"rendered":"<p><img loading=\"lazy\" decoding=\"async\" class=\"alignnone\" src=\"https:\/\/live.staticflickr.com\/5258\/5509769465_67df73712a.jpg\" alt=\"Bild3\" width=\"500\" height=\"381\" \/><br \/>\n<em>Omv\u00e4nd p\u00e5st\u00f6tning. <\/em><\/p>\n<p>&nbsp;<\/p>\n<h1><span style=\"color: #ff0000;\">Vassare profil p\u00e5 feminina figurer<\/span><\/h1>\n<p>&nbsp;<\/p>\n<p><strong><em>Changing the woman image \u2013 women in comics.<\/em><\/strong> S\u00e5 heter utst\u00e4llningen d\u00e4r 20 kvinnliga serietecknare fr\u00e5n Finland, Norge och Sverige visar upp ett 40-tal teckningar. Med vernissage p\u00e5 den Internationella kvinnodagen den 8 mars \u00f6ppnade vandringsutst\u00e4llningen p\u00e5 <a title=\"Arbetets museum\" href=\"http:\/\/www.arbetetsmuseum.se\" target=\"_blank\" rel=\"noopener\">Arbetets museum<\/a> i Norrk\u00f6ping.<\/p>\n<p>Det \u00e4r den f\u00f6rsta av tre planerade utst\u00e4llningar i Nordiskt n\u00e4tverk f\u00f6r politisk illustrationskonsts regi. Ett n\u00e4tverk som EWK-museet p\u00e5 Arbetets museum har tagit initiativ till och driver.<\/p>\n<p>Utst\u00e4llningen har visats i Norge och Finland och \u00e5terv\u00e4nder nu till Sverige och Arbetets Museum d\u00e4r den kommer att visas till den 1 maj. Utst\u00e4llningen \u00e4r resultatet av den f\u00f6rsta av tre nordiska konferenser som utifr\u00e5n den politiska illustrationskonsten problematiserar kring dagsaktuella teman som alla ber\u00f6r fr\u00e5gan om vem som har tillg\u00e5ng till det offentliga rummet.<\/p>\n<p>&nbsp;<\/p>\n<p><img loading=\"lazy\" decoding=\"async\" class=\"alignnone\" src=\"https:\/\/live.staticflickr.com\/5020\/5509770557_a85712acd4.jpg\" alt=\"V\u00e4gg2\" width=\"500\" height=\"268\" \/><br \/>\n<img loading=\"lazy\" decoding=\"async\" class=\"alignnone\" src=\"https:\/\/live.staticflickr.com\/5093\/5510370948_159d6bc788_m.jpg\" alt=\"Bild1\" width=\"240\" height=\"204\" \/> <img loading=\"lazy\" decoding=\"async\" class=\"alignnone\" src=\"https:\/\/live.staticflickr.com\/5058\/5510370790_9aa77d2a94_m.jpg\" alt=\"Bild5\" width=\"240\" height=\"191\" \/><br \/>\n<em>Kvinnliga serietecknare gisslar verkligheten.<\/em><\/p>\n<p>&nbsp;<\/p>\n<p><strong>EWK-intendenten Carina Milde,<\/strong> som tagit initiativet till n\u00e4tverket, beskriver bakgrunden:<\/p>\n<p>\u201dI ett historiskt perspektiv har kvinnan i tecknade serier gestaltats antingen som huskors eller som Wonder woman. Bilden av kvinnan i den tecknade serien har utvecklats till att idag visa en m\u00e4nniska f\u00f6rankrad i den verklighet som vi alla lever i. Hon har h\u00e5r p\u00e5 benen, egen vilja och har g\u00e5tt fr\u00e5n att bara vara en schablon till att bli en person med egen individuell styrka. Kvinnliga tecknare kritiserar idag norm- och genussystem och \u00f6ppnar \u00f6gonen p\u00e5 l\u00e4saren genom att v\u00e4nda p\u00e5 konventioner och dekonstruera maktstrukturer.\u201d<\/p>\n<p>&nbsp;<\/p>\n<p><img loading=\"lazy\" decoding=\"async\" class=\"alignnone\" src=\"https:\/\/live.staticflickr.com\/5056\/5509769259_55cfb53ac8_n.jpg\" alt=\"Prisad Sofia Gran\u00e9r, 2010\" width=\"320\" height=\"212\" \/><br \/>\n<em>Sofia Gran\u00e9r fick EWK-priset 2010. H\u00e4r tillsammans med Carina Milde, Anders Lindh och representant f\u00f6r EWK-s\u00e4llskapet.<br \/>\n<\/em><\/p>\n<p>&nbsp;<\/p>\n<p><strong>Att Carina tog initiativ till n\u00e4tverket har sin grund<\/strong> i det svenska feministiska seriekollektivet <a title=\"Dotterbolaget, kvinnliga tecknare\" href=\"http:\/\/www.dotterbolaget.com\/\" target=\"_blank\" rel=\"noopener\">Dotterbolagets<\/a> utst\u00e4llning p\u00e5 EWK-museet f\u00f6r n\u00e5got \u00e5r sedan. Deltagarna d\u00e4r st\u00f6ttar varandra och f\u00f6rdelar ocks\u00e5 uppdrag mellan varandra i ett framg\u00e5ngsrikt samarbete. I utst\u00e4llningen som nu visas deltar ocks\u00e5 ett antal tecknare fr\u00e5n Dotterbolaget \u2013 bland andra Sofia Gran\u00e9r som fick EWK-priset 2010.<\/p>\n<p>Det nordiska n\u00e4tverket vill s\u00e4tta fokus p\u00e5 politisk illustration och \u00f6ka kunskapen om vad bilderna s\u00e4ger om samh\u00e4llet och om konstn\u00e4rernas samh\u00e4llsroll. I n\u00e4tverket ing\u00e5r Arbetets museum\/EWK-museet Centrum f\u00f6r politisk illustrationskonst i Sverige, Fredrik Stabel &amp; AvisTegnernes hus i Norge, Danske Bladtegnere i Danmark och P\u00e4iv\u00e4lehti museum \u2013 nyhetsarbetets och tryckteknikens historia i Finland.<\/p>\n<p>&nbsp;<\/p>\n<p><img loading=\"lazy\" decoding=\"async\" class=\"alignnone\" src=\"https:\/\/live.staticflickr.com\/5056\/5510369604_5ec178d04c_n.jpg\" alt=\"Bild4\" width=\"228\" height=\"320\" \/> <img loading=\"lazy\" decoding=\"async\" class=\"alignnone\" src=\"https:\/\/live.staticflickr.com\/5292\/5510371142_6fe40039a4_n.jpg\" alt=\"Bild2\" width=\"296\" height=\"320\" \/><br \/>\n<em>Hora eller madonna? Choklad, r\u00f6dvin och lycka.<\/em><\/p>\n<p>&nbsp;<\/p>\n<p><strong>I utst\u00e4llningen visas bilder d\u00e4r en rad norska kvinnliga tecknare<\/strong> ifr\u00e5gas\u00e4tter sin samtid i b\u00e5de sj\u00e4lvbiografiska och provokativa serier. \u00c4mnen som funktionsneds\u00e4ttning, sexualitet och vardagsrealism \u00e5terfinns i de finska serierna.<\/p>\n<p>Svenska Dotterbolaget visar serier d\u00e4r l\u00e4saren introduceras i polyamorins, heteronormens och nyliberalismens skilda v\u00e4rldar.<\/p>\n<p>P\u00e5 grund av s\u00e4kerhetsrestriktioner s\u00e5 finns inte Danmark med p\u00e5 denna utst\u00e4llning.<\/p>\n<p><em>Text och foto: Sven \u00c5ke Molund<\/em><\/p>\n<ul>\n<li>\n<h3>EWK-MUSEET, ARBETETS MUSEUM Norrk\u00f6ping<\/h3>\n<\/li>\n<li><em>8 mars \u2013 1 maj 2011<\/em><br \/>\n<strong>Changing the woman image \u2013 women in comics<\/strong><br \/>\nBilden av kvinnan i tecknade serier \u2013 nordisk vandringsutst\u00e4llning i EWK-museet<\/li>\n<\/ul>\n","protected":false},"excerpt":{"rendered":"<p>NORRK\u00d6PING P\u00e5 internationella kvinnodagen den 8 mars \u00f6ppnades en utst\u00e4llning med serieteckningar med kvinnor och k\u00f6nsroller i fokus. 20 kvinnliga serietecknare fr\u00e5n tre nordiska l\u00e4nder medverkar.  <a class=\"continue-reading-link\" href=\"https:\/\/www.kultursidan.nu\/?p=1165\">L\u00e4s mer <span class=\"meta-nav\">&rarr; <\/span><\/a><\/p>\n","protected":false},"author":1001006,"featured_media":0,"comment_status":"closed","ping_status":"open","sticky":false,"template":"","format":"standard","meta":{"_jetpack_memberships_contains_paid_content":false,"footnotes":""},"categories":[7],"tags":[14,47],"class_list":["post-1165","post","type-post","status-publish","format-standard","hentry","category-norrkoping","tag-konst","tag-utstallning"],"jetpack_featured_media_url":"","jetpack_sharing_enabled":true,"_links":{"self":[{"href":"https:\/\/www.kultursidan.nu\/index.php?rest_route=\/wp\/v2\/posts\/1165","targetHints":{"allow":["GET"]}}],"collection":[{"href":"https:\/\/www.kultursidan.nu\/index.php?rest_route=\/wp\/v2\/posts"}],"about":[{"href":"https:\/\/www.kultursidan.nu\/index.php?rest_route=\/wp\/v2\/types\/post"}],"author":[{"embeddable":true,"href":"https:\/\/www.kultursidan.nu\/index.php?rest_route=\/wp\/v2\/users\/1001006"}],"replies":[{"embeddable":true,"href":"https:\/\/www.kultursidan.nu\/index.php?rest_route=%2Fwp%2Fv2%2Fcomments&post=1165"}],"version-history":[{"count":3,"href":"https:\/\/www.kultursidan.nu\/index.php?rest_route=\/wp\/v2\/posts\/1165\/revisions"}],"predecessor-version":[{"id":42775,"href":"https:\/\/www.kultursidan.nu\/index.php?rest_route=\/wp\/v2\/posts\/1165\/revisions\/42775"}],"wp:attachment":[{"href":"https:\/\/www.kultursidan.nu\/index.php?rest_route=%2Fwp%2Fv2%2Fmedia&parent=1165"}],"wp:term":[{"taxonomy":"category","embeddable":true,"href":"https:\/\/www.kultursidan.nu\/index.php?rest_route=%2Fwp%2Fv2%2Fcategories&post=1165"},{"taxonomy":"post_tag","embeddable":true,"href":"https:\/\/www.kultursidan.nu\/index.php?rest_route=%2Fwp%2Fv2%2Ftags&post=1165"}],"curies":[{"name":"wp","href":"https:\/\/api.w.org\/{rel}","templated":true}]}}