{"id":11686,"date":"2013-08-05T12:00:36","date_gmt":"2013-08-05T11:00:36","guid":{"rendered":"https:\/\/intelligent-friend-7861.standoutwp.com\/?p=11686"},"modified":"2014-06-16T20:00:51","modified_gmt":"2014-06-16T19:00:51","slug":"tva-konstnarer-pa-uppfinnaremuseum","status":"publish","type":"post","link":"https:\/\/www.kultursidan.nu\/?p=11686","title":{"rendered":"Tv\u00e5 konstn\u00e4rer p\u00e5 UppfinnareMuseum"},"content":{"rendered":"<p><iframe loading=\"lazy\" src=\"https:\/\/www.flickr.com\/photos\/kultursidan\/9443745418\/player\/\" width=\"500\" height=\"332\" frameborder=\"0\" allowfullscreen webkitallowfullscreen mozallowfullscreen oallowfullscreen msallowfullscreen><\/iframe><\/p>\n<p><i>H-D. M\u00e5nga av Anders Bom Lind\u00e9ns verk \u00f6verbryggar avst\u00e5ndet mellan konstens och motorernas v\u00e4rld.<br \/>\n<\/i><\/p>\n<p>&nbsp;<\/p>\n<h1><span style=\"color: #ff0000;\">Tamara de Laval och Anders Bom Lind\u00e9n<\/span><\/h1>\n<p>&nbsp;<\/p>\n<p><b>Det kan verka m\u00e4rkligt att det \u00e4r vernissage f\u00f6r en konstutst\u00e4llning hos Svenskt UppfinnareMuseum i Norrk\u00f6ping.<\/b> Men kanske \u00e4nd\u00e5 inte, museets vandringsutst\u00e4llning g\u00e4star nu F\u00e4rgelanda och man har ytor att st\u00e4lla upp p\u00e5.<\/p>\n<p>Hur kan d\u00e5 ett mer teknikinriktat museum anordna en konstutst\u00e4llning? I \u00e5r firar Siemens i Finsp\u00e5ng sitt 100-\u00e5rsjubileum och en av dem som med sina patent p\u00e5 \u00e5ngturbiner l\u00e5g bakom Siemens framg\u00e5ngar var Gustav de Laval. Gustav f\u00f6ddes i Orsa 1845 och levererade ett stort antal uppfinningar med 92 patent. Han grundade ocks\u00e5 37 f\u00f6retag. Kopplingen till Siemens kom 1959 d\u00e5 ett par f\u00f6retag slogs samman och Turbin AB de Laval Ljungstr\u00f6m bildades. N\u00e5gra \u00e5r senare \u00e4ndrades f\u00f6retagets namn till STAL-LAVAL Turbin AB. Sedan 2003 ing\u00e5r verksamheten i Siemenskoncernen. Svenskt UppfinnareMuseum fick kontakt med konstn\u00e4ren Tamara de Laval som \u00e4r en sl\u00e4kting till Gustav de Laval, i direkt nedstigande led.<br \/>\n<a title=\"Anders Bom by Kultursidan, on Flickr\" href=\"http:\/\/www.flickr.com\/photos\/kultursidan\/9443744350\/\"><img decoding=\"async\" alt=\"Anders Bom\" src=\"http:\/\/farm6.staticflickr.com\/5478\/9443744350_04a444e3cd.jpg\" height=\"400\" \/><\/a><br \/>\n<em> Skulptur av Anders Bom Lind\u00e9n.<\/em><\/p>\n<p>&nbsp;<\/p>\n<p><b>Tamara de Laval visar nu upp sina konstverk tillsammans med en stor m\u00e4ngd tavlor, skisser och andra verk av hennes framlidne man Anders Bom Lind\u00e9n.<\/b> B\u00e5da verksamma i konstn\u00e4rsgrupperingen Meteor och Anders var \u00e4ven medlem i konstn\u00e4rsf\u00f6reningen Alka i Link\u00f6ping.<\/p>\n<p>Tamara beskriver Anders som den blyge konstn\u00e4ren som helst f\u00f6rsvann ut i skogen med motorcyklar, bilar, skog och tr\u00e4d som sina stora intressen. Det m\u00e4rks ocks\u00e5 i de exempel p\u00e5 hans konst som visas, bilder med kraftfulla uttryck. Det \u00e4r intressant att p\u00e5 exempelvis ena sk\u00e4rmv\u00e4ggen se Anders Boms skisser och sedan i en annan del av lokalen se resultatet som exempelvis den annorlunda cykeln\/mopeden som givits kvinnliga former.<br \/>\n<a title=\"Tamara de Laval by Kultursidan, on Flickr\" href=\"http:\/\/www.flickr.com\/photos\/kultursidan\/9440955583\/\"><img decoding=\"async\" alt=\"Tamara de Laval\" src=\"http:\/\/farm8.staticflickr.com\/7422\/9440955583_539edfe6c5.jpg\" width=\"400\" \/><\/a><br \/>\n<em> M\u00e5lning av Tamara de Laval.<\/em><\/p>\n<p>&nbsp;<\/p>\n<p><b>Tamara De Laval anv\u00e4nder transparent film f\u00f6r sina alster. <\/b>Hon ritar med blyerts och l\u00e4gger p\u00e5 med f\u00e4rger vilket ger en tredimensionell k\u00e4nsla som tyv\u00e4rr inte heller blir r\u00e4ttvis p\u00e5 bild utan m\u00e5ste ses p\u00e5 plats. Tyv\u00e4rr \u00e4r m\u00e5nga av de detaljrika konstverken placerade i glasmontrar vilket g\u00f6r att det \u00e4r sv\u00e5rt att fotografera.<\/p>\n<p><b>Med vid vernissagen var professor Britt-May Wikstr\u00f6m, som forskat i konstens betydelse f\u00f6r h\u00e4lsan.<\/b> Enligt Britt-May finns det bel\u00e4gg f\u00f6r att konst i v\u00e5rden minskar behovet av lugnande medel. P\u00e5 fr\u00e5gan om vilken typ av konst som har st\u00f6rst betydelse s\u00e5 svarar hon att inte n\u00e5gon s\u00e4rskild bild \u00e4r den enda som alla tycker \u00e4r den b\u00e4sta. Tolkningen \u00e4r upp till var och en. Men konsten och den enskildes m\u00f6jlighet att tolka det man upplever betyder v\u00e4ldigt mycket. Tyv\u00e4rr \u00e4r en alldeles f\u00f6r stor del av landstingens konstskatter magasinerade och kommer inte patienterna till del.<\/p>\n<p><b>Det \u00e4r ett intressant initiativ som Svenskt UppfinnareMuseum nu tagit<\/b> och utst\u00e4llningen med Tamara de Laval och hennes framlidne make Anders Born Lind\u00e9n \u00e4r v\u00e4rd ett bes\u00f6k, i lokalerna p\u00e5 Malmgatan i Norrk\u00f6ping. Det \u00e4r inte helt l\u00e4tt att hitta utst\u00e4llningen men den finns i samma uppg\u00e5ng som f\u00f6retaget Agitlity till vilka det \u00e4r v\u00e4l skyltat. Utst\u00e4llningen visas fram till den 31 augusti.<\/p>\n<p><i>Text och foto: Sven \u00c5ke Molund<\/i><\/p>\n<p>&nbsp;<\/p>\n<blockquote>\n<h3><em>SVENSKT UPPFINNAREMUSEUM Malmgatan 5, Norrk\u00f6ping<\/em><\/h3>\n<p>2 \u2013 31 augusti 2013 \u00f6ppet kontorstid<em><br \/>\n<b>Anders Bom Lind\u00e9n och Tamara de Laval<br \/>\n<\/b>M\u00e5leri, skulptur, skisser, blandteknik<\/em><\/p><\/blockquote>\n<p><b>\u00a0<\/b><\/p>\n<p>L\u00c4NKAR<br \/>\nTamara de Laval <a title=\"Tamara de Laval\" href=\"http:\/\/tamaradelaval.blogspot.se \" target=\"_blank\">hemsida <\/a><br \/>\nAnders Bom Lind\u00e9n <a title=\"Anders Bom Lind\u00e9n\" href=\"http:\/\/andersbom.blogspot.se \" target=\"_blank\">hemsida <\/a><br \/>\nMeteror <a title=\"Meteori\" href=\"http:\/\/meteorprojekt.blogspot.se\" target=\"_blank\">hemsida <\/a><br \/>\nSvenskt UppfinnareMuseum <a title=\"Svenskt UppfinnareMuseum\" href=\"http:\/\/svensktuppfinnaremuseum.se\/\" target=\"_blank\">hemsida<\/a><\/p>\n<p>&nbsp;<\/p>\n<p>FLER BILDER FR\u00c5N UTST\u00c4LLNINGEN \u2013 KLICKA<\/p>\n<p>[flickr-gallery mode=&#8221;photoset&#8221; photoset=&#8221;72157634942001614&#8243;]<\/p>\n","protected":false},"excerpt":{"rendered":"<p>NORRK\u00d6PING Tamara de Laval och hennes framlidne make Anders Bom Lind\u00e9n visar m\u00e5leri, skulptur, skisser och blandteknik p\u00e5 svenskt UppfinnareMuseum i Norrk\u00f6ping. Det \u00e4r tv\u00e5 mycket skilda konstn\u00e4rstemperament. <a class=\"continue-reading-link\" href=\"https:\/\/www.kultursidan.nu\/?p=11686\">L\u00e4s mer <span class=\"meta-nav\">&rarr; <\/span><\/a><\/p>\n","protected":false},"author":1001006,"featured_media":0,"comment_status":"closed","ping_status":"open","sticky":false,"template":"","format":"standard","meta":{"_jetpack_memberships_contains_paid_content":false,"footnotes":""},"categories":[7],"tags":[14],"class_list":["post-11686","post","type-post","status-publish","format-standard","hentry","category-norrkoping","tag-konst"],"jetpack_featured_media_url":"","jetpack_sharing_enabled":true,"_links":{"self":[{"href":"https:\/\/www.kultursidan.nu\/index.php?rest_route=\/wp\/v2\/posts\/11686","targetHints":{"allow":["GET"]}}],"collection":[{"href":"https:\/\/www.kultursidan.nu\/index.php?rest_route=\/wp\/v2\/posts"}],"about":[{"href":"https:\/\/www.kultursidan.nu\/index.php?rest_route=\/wp\/v2\/types\/post"}],"author":[{"embeddable":true,"href":"https:\/\/www.kultursidan.nu\/index.php?rest_route=\/wp\/v2\/users\/1001006"}],"replies":[{"embeddable":true,"href":"https:\/\/www.kultursidan.nu\/index.php?rest_route=%2Fwp%2Fv2%2Fcomments&post=11686"}],"version-history":[{"count":0,"href":"https:\/\/www.kultursidan.nu\/index.php?rest_route=\/wp\/v2\/posts\/11686\/revisions"}],"wp:attachment":[{"href":"https:\/\/www.kultursidan.nu\/index.php?rest_route=%2Fwp%2Fv2%2Fmedia&parent=11686"}],"wp:term":[{"taxonomy":"category","embeddable":true,"href":"https:\/\/www.kultursidan.nu\/index.php?rest_route=%2Fwp%2Fv2%2Fcategories&post=11686"},{"taxonomy":"post_tag","embeddable":true,"href":"https:\/\/www.kultursidan.nu\/index.php?rest_route=%2Fwp%2Fv2%2Ftags&post=11686"}],"curies":[{"name":"wp","href":"https:\/\/api.w.org\/{rel}","templated":true}]}}