{"id":11842,"date":"2013-08-18T12:40:10","date_gmt":"2013-08-18T11:40:10","guid":{"rendered":"https:\/\/intelligent-friend-7861.standoutwp.com\/?p=11842"},"modified":"2014-06-16T20:12:33","modified_gmt":"2014-06-16T19:12:33","slug":"en-dag-som-filmstatist-i-kalashuset","status":"publish","type":"post","link":"https:\/\/www.kultursidan.nu\/?p=11842","title":{"rendered":"En dag som filmstatist i Kalashuset"},"content":{"rendered":"<p><iframe loading=\"lazy\" src=\"https:\/\/www.flickr.com\/photos\/kultursidan\/9626240963\/player\/\" width=\"500\" height=\"333\" frameborder=\"0\" allowfullscreen webkitallowfullscreen mozallowfullscreen oallowfullscreen msallowfullscreen><\/iframe><\/p>\n<p><i>Speglar 1960-talet. Marika Strand spelar den ensamma kvinnan Rut, <\/i><i>makeupartisten <\/i><i>Jennifer Thorsell g\u00f6r i ordning hennes h\u00e5r f\u00f6r n\u00e4sta omtagning. I pausen passar jag p\u00e5 att ta en bild, mina knappar syns bra.<br \/>\n<\/i><\/p>\n<p>&nbsp;<\/p>\n<h1><span style=\"color: #ff0000;\">Ett l\u00e5ngsamt men organiserat kaos<\/span><\/h1>\n<p>&nbsp;<\/p>\n<p><b>Jag kn\u00e4pper de tjocka sm\u00e5 knapparna s\u00e5 fort jag kan, de v\u00e4ntar p\u00e5 mig d\u00e4r uppe.<\/b> Det \u00e4r varmt, jag har cyklat fort till den lilla fris\u00e9rsalongen p\u00e5 Br\u00e5ddgatan d\u00e4r f\u00f6rmiddagens scen ska tas. Jag \u00e4r statist i Eastwood-\/Eastwood Girls-projektet som under en vecka ska filma det som ska bli 15 minuter l\u00e5nga kortfilmen <i>Tanten i Kalashuset<\/i> med premi\u00e4r i november.<i> <\/i><\/p>\n<p>Nu st\u00e5r jag i k\u00e4llaren och kl\u00e4r om och h\u00f6r bara enstaka ord sippra ner fr\u00e5n salongen d\u00e4r uppe genom spiraltrappan.<\/p>\n<p>\u2013 Tystnad! Tagning! Kameran g\u00e5r!<\/p>\n<p>\u2013 Marie och G\u00f6ran \u00e4r f\u00f6rlovade nu\u2026 och Gun-Britt ska ha barn.\u2026 50-\u00e5rs-kalas. D\u00e5 f\u00e5r man sl\u00e5 p\u00e5 stort\u2026 ja det g\u00f6r man lite som man vill.<\/p>\n<p>&nbsp;<\/p>\n<p><a title=\"Kerstin Eriksson spelar Eva, Ruts v\u00e4ninna. by Kultursidan, on Flickr\" href=\"http:\/\/www.flickr.com\/photos\/kultursidan\/9522631035\/\"><img decoding=\"async\" alt=\"Kerstin Eriksson spelar Eva, Ruts v\u00e4ninna.\" src=\"http:\/\/farm6.staticflickr.com\/5326\/9522631035_b9536d1526.jpg\" height=\"400\" \/><\/a><\/p>\n<p><em>Eva heter Kerstin Erikssons rollfigur som \u00e4r h\u00e5rfrissa.<\/em><\/p>\n<p>&nbsp;<\/p>\n<p><b>Det \u00e4r Kerstin Eriksson, k\u00e4nd Arbisprofil, som spelar h\u00e5rfris\u00f6rskan Eva som talar med Rut, sin kund.<\/b> Frisersalongen som sin tids sociala informationscentral, t\u00e4nker jag.<\/p>\n<p>\u2013 Rut \u00e4r en ensam kvinna som bor i sitt barndomshem. N\u00e4r hon nu ser \u00e5ren g\u00e5 och livet rinna f\u00f6rbi blir hon desperat och s\u00e4ger till Eva att hon ska fylla 50 \u00e5r, fast det inte \u00e4r sant, s\u00e4ger regiss\u00f6ren Paulina Stenvall en stund senare. Min pappa ber\u00e4ttade den h\u00e4r historien n\u00e4r jag var liten. Sedan har vi utvecklat den.<\/p>\n<p><b>\u00c4ntligen sitter kl\u00e4nningen p\u00e5, figurn\u00e4ra \u00f6verdel och med vidd i kjolen.<\/b> Bl\u00e5, jag fick v\u00e4lja mellan den och en ljust gr\u00f6naktig historia. Tur att de \u00e5tta knapparna satt framtill. Makeupartisten Jennifer Thorsell som tidigare lagt p\u00e5 kr\u00e4m, rouge och eye-liner kammar nu sidbena fr\u00e5n h\u00f6ger, det har jag aldrig gjort, och tuperar. Hon f\u00e4ster upp en del av h\u00e5ret men l\u00e5ter resten h\u00e4nga fritt.<\/p>\n<p>Det finns en spegel i k\u00e4llaren som \u00e4r dagens sminkloge, jag kastar en snabb blick. Tidigt 1960-talsmode smickrar mig knappast, bara att finna sig. Det \u00e4r inte en glamor\u00f6s Hollywoodfilm som spelas in h\u00e4r utan en vardagsn\u00e4ra historia med svenskt sorgmod.<\/p>\n<p>\u2013 \u00c4r statisten redo?<\/p>\n<p>&nbsp;<\/p>\n<p><a title=\"Fullt hus i fris\u00e9rsalongen. by Kultursidan, on Flickr\" href=\"http:\/\/www.flickr.com\/photos\/kultursidan\/9525413038\/\"><img decoding=\"async\" alt=\"Fullt hus i fris\u00e9rsalongen.\" src=\"http:\/\/farm4.staticflickr.com\/3822\/9525413038_acb8784413.jpg\" width=\"400\" \/><\/a><br \/>\n<em>Det \u00e4r ingen stor salong. \u00c4nd\u00e5 f\u00e5r ett helt filmteam plats.<br \/>\nL\u00e4ngst till h\u00f6ger skymtar den stol jag ska sitta i.<\/em><\/p>\n<p>&nbsp;<\/p>\n<p><b>Det \u00e4r hur tr\u00e5ngt som helst uppe i frisersalongen, f\u00f6rutom filmteamet p\u00e5 \u00e5tta personer tr\u00e4ngs press och lokal-tv.<\/b> Sk\u00e5despelaren Marika Strand som spelar Rut har f\u00e5tt ledigt fr\u00e5n \u00d6stg\u00f6tateatern under inspelningsveckan. Marika intervjuas d\u00e4r hon sitter i fris\u00e9rstolen med ryggen mot den stora spegeln som t\u00e4cker v\u00e4ggen. En fotograf s\u00f6ker bildvinklar och en tidningsreporter talar med regiss\u00f6ren Paulina Stenvall.<\/p>\n<p>Hon \u00e4r v\u00e4ldigt n\u00f6jd med lokalen, en fris\u00e9rsalong med mycket av originalinteri\u00f6ren kvar. Filmteamet har bara beh\u00f6vt f\u00f6rst\u00e4rka med n\u00e5gra gamla reklamskyltar. Paulina Stenvall ser det som en utmaning att skapa r\u00e4tt tidsk\u00e4nsla, 1960-talet var l\u00e4nge sedan.<\/p>\n<p>\u2013 Vi var och kollade h\u00e4r. Sedan ringde v\u00e5r produktionsledare Anna H\u00e4ll henne. Det visade sig att de hade st\u00e4ngt p\u00e5 onsdagar, s\u00e5 vi f\u00e5r vara h\u00e4r gratis.<\/p>\n<p>&nbsp;<\/p>\n<p><a title=\"Produktionsledningen Ditte Roslund, Paulina Stenvall och Thea Dahlqvist. by Kultursidan, on Flickr\" href=\"http:\/\/www.flickr.com\/photos\/kultursidan\/9525415584\/\"><img decoding=\"async\" alt=\"Produktionsledningen Ditte Roslund, Paulina Stenvall och Thea Dahlqvist.\" src=\"http:\/\/farm4.staticflickr.com\/3692\/9525415584_770577da6b.jpg\" width=\"400\" \/><\/a><br \/>\n<em>Eastwood Girls 2013. Inspelningsledaren Ditte Roslund, regiss\u00f6ren Paulina Stenvall och regiassistenten Thea Dahlqvist. Dessutom ing\u00e5r \u00e4ven projektledaren Ylva Stenstr\u00f6m och dramatikern Anna M Nygren.<\/em><\/p>\n<p>&nbsp;<\/p>\n<p><b>\u201dVi\u201d omfattar ocks\u00e5 de \u00f6vriga unga kvinnorna i filmteamet,<\/b> regiassistenten Thea Dahlqvist som har koll p\u00e5 alla tider och inspelningsledaren Ditte Roslund som fyller i filmklappans alla f\u00e4lt. Till \u201dvi\u201d m\u00e5ste ocks\u00e5 i h\u00f6gsta grad r\u00e4knas dramatikern Anna M Nygren som skrivit manus. Tillsammans utg\u00f6r de \u00e5rets Eastwood Girls, ett projekt finansierat av Svenska Filminstitutet som s\u00e4rskilt syftar till att st\u00f6tta unga kvinnors filmskapande.<\/p>\n<p>\u00c5tminstone Paulina har filmat i tre \u00e5r sedan f\u00f6rsta Eastwood Girls-projektet <i>Klasskampen.<\/i> D\u00e5 hon var kamerakvinna, nu \u00e4r hon allts\u00e5 regiss\u00f6r. Filmning och ljud sk\u00f6ts av unga killar, n\u00e5got som leder till fr\u00e5gor om det inte finns kameraintresserade tjejer.<\/p>\n<p><b>\u00c4ntligen ensamma, bara films\u00e4llskapet och s\u00e5 jag. <\/b>Min uppgift \u00e4r att sitta i en stol och bl\u00e4ddra i en frisyrkatalog. Jag ska h\u00e5lla tyst och vara helt fokuserad p\u00e5 katalogen, inte bry mig alls om Kerstin Eriksson som st\u00e5r med ryggen mot mig en meter framf\u00f6r.<b> <\/b><\/p>\n<p>Kameran st\u00e5r strax intill, bara mitt huvud och lite av kl\u00e4nningen skymtar i spegeln mittemot, f\u00f6rklarar de.<\/p>\n<p>\u2013 Tystnad! Tagning! Kameran g\u00e5r!<\/p>\n<p>\u2013 Marie och G\u00f6ran \u00e4r f\u00f6rlovade nu, s\u00e4ger Eva till Rut och den h\u00e4r g\u00e5ngen h\u00f6r jag allt om Evas familjeliv och Ruts l\u00e5gm\u00e4lda svar.<\/p>\n<p>Kerstin Eriksson lossar p\u00e5 Marikas h\u00e5rtofs, s\u00e4tter upp n\u00e5gra testar som inf\u00f6r en klippning och pratar p\u00e5. N\u00e4r scenen slutat g\u00f6r Jennifer Thorsell i ordning Marikas h\u00e5rtofs igen. Omtagning efter omtagning, filminspelning \u00e4r ett l\u00e5ngsamt men organiserat kaos.<\/p>\n<p><i>Text och foto: Ann-Charlotte Sandelin<\/i><\/p>\n<p>&nbsp;<\/p>\n<p>L\u00c4NKAR<br \/>\nEastwood <a title=\"Eastwood\" href=\"http:\/\/www2.cnema.se\/nyheter-eastwood\/sv\/\" target=\"_blank\">hemsida<\/a><\/p>\n<p>FLER BILDER FR\u00c5N INSPELNINGEN \u2013 KLICKA<\/p>\n<p>[flickr-gallery mode=&#8221;photoset&#8221; photoset=&#8221;72157635100183720&#8243;]<\/p>\n","protected":false},"excerpt":{"rendered":"<p>NORRK\u00d6PING Inkastad som statist i en filminspelning. Det handlar om knappar, smink och omtagning p\u00e5 omtagning. Tv\u00e5 timmar i ett l\u00e5ngsamt men \u00e4nd\u00e5 organiserat kaos n\u00e4r tio personer tr\u00e4ngs i en pytteliten fris\u00e9rsalong. <a class=\"continue-reading-link\" href=\"https:\/\/www.kultursidan.nu\/?p=11842\">L\u00e4s mer <span class=\"meta-nav\">&rarr; <\/span><\/a><\/p>\n","protected":false},"author":1001006,"featured_media":0,"comment_status":"closed","ping_status":"open","sticky":false,"template":"","format":"standard","meta":{"_jetpack_memberships_contains_paid_content":false,"footnotes":""},"categories":[7,1],"tags":[38],"class_list":["post-11842","post","type-post","status-publish","format-standard","hentry","category-norrkoping","category-okategoriserade","tag-film"],"jetpack_featured_media_url":"","jetpack_sharing_enabled":true,"_links":{"self":[{"href":"https:\/\/www.kultursidan.nu\/index.php?rest_route=\/wp\/v2\/posts\/11842","targetHints":{"allow":["GET"]}}],"collection":[{"href":"https:\/\/www.kultursidan.nu\/index.php?rest_route=\/wp\/v2\/posts"}],"about":[{"href":"https:\/\/www.kultursidan.nu\/index.php?rest_route=\/wp\/v2\/types\/post"}],"author":[{"embeddable":true,"href":"https:\/\/www.kultursidan.nu\/index.php?rest_route=\/wp\/v2\/users\/1001006"}],"replies":[{"embeddable":true,"href":"https:\/\/www.kultursidan.nu\/index.php?rest_route=%2Fwp%2Fv2%2Fcomments&post=11842"}],"version-history":[{"count":0,"href":"https:\/\/www.kultursidan.nu\/index.php?rest_route=\/wp\/v2\/posts\/11842\/revisions"}],"wp:attachment":[{"href":"https:\/\/www.kultursidan.nu\/index.php?rest_route=%2Fwp%2Fv2%2Fmedia&parent=11842"}],"wp:term":[{"taxonomy":"category","embeddable":true,"href":"https:\/\/www.kultursidan.nu\/index.php?rest_route=%2Fwp%2Fv2%2Fcategories&post=11842"},{"taxonomy":"post_tag","embeddable":true,"href":"https:\/\/www.kultursidan.nu\/index.php?rest_route=%2Fwp%2Fv2%2Ftags&post=11842"}],"curies":[{"name":"wp","href":"https:\/\/api.w.org\/{rel}","templated":true}]}}