{"id":12026,"date":"2013-08-31T18:25:17","date_gmt":"2013-08-31T17:25:17","guid":{"rendered":"https:\/\/intelligent-friend-7861.standoutwp.com\/?p=12026"},"modified":"2014-06-16T20:31:50","modified_gmt":"2014-06-16T19:31:50","slug":"sproda-karlekssanger-i-drothems-kyrka","status":"publish","type":"post","link":"https:\/\/www.kultursidan.nu\/?p=12026","title":{"rendered":"Spr\u00f6da k\u00e4rlekss\u00e5nger i Drothems kyrka (recension)"},"content":{"rendered":"<p><iframe loading=\"lazy\" src=\"https:\/\/www.flickr.com\/photos\/kultursidan\/9638076536\/player\/\" width=\"500\" height=\"333\" frameborder=\"0\" allowfullscreen webkitallowfullscreen mozallowfullscreen oallowfullscreen msallowfullscreen><\/iframe><\/p>\n<p><i>Fiddlans toner h\u00f6rdes i Drothems kyrka n\u00e4r estniska Rondellus gav konsert p\u00e5 fredagskv\u00e4llen.<\/i><\/p>\n<p>&nbsp;<\/p>\n<h1><span style=\"color: #ff0000;\">Ekvilibristiska tremuleringar p\u00e5 blockfl\u00f6jt<\/span><\/h1>\n<p>&nbsp;<\/p>\n<p><b>Bakom en skog av mikrofoner st\u00e5r estniska Rondellus i Drothem kyrka i S\u00f6derk\u00f6ping. <\/b>Sveriges radios buss st\u00e5r utanf\u00f6r<b> <\/b>kyrkog\u00e5rdsgrindarna, l\u00e5nga gr\u00f6na sladdar leder in i det medeltida kyrkorummet. Konserten <i>Triste plaisir<\/i>, med k\u00e4rlekss\u00e5nger fr\u00e5n ren\u00e4ssansen ska spelas in f\u00f6r att s\u00e4ndas i P2 vid ett senare tillf\u00e4lle. Publiken i den v\u00e4lbesatta kyrkan f\u00e5r d\u00e4remot h\u00f6ra konserten opluggad.<\/p>\n<p><b>De vitkalkade valvb\u00e5garnas akustik \u00e4r v\u00e4nlig mot den lite spr\u00f6da musiken, som blir luftig och lekande l\u00e4tt.<\/b> Vid de m\u00e5nga sm\u00e5 hoven i Frankrike, Italien och Spanien utvecklades det h\u00f6viska modet, spreds i Europa av vandrande trubadurer och med \u00e4dlingar och hovdamer, som f\u00f6ljde bortgifta prinsessor till deras nya hem.<\/p>\n<p>\u2013 Kanske det l\u00e4t s\u00e5 h\u00e4r i S\u00f6derk\u00f6ping, helt s\u00e4kert klingade instrumenten h\u00e4r, understr\u00f6k Lars Jonsson, konstn\u00e4rlig ledare f\u00f6r NoMeMus, den nordiska festivalen f\u00f6r medeltida musik som \u00e4r en del av S\u00f6derk\u00f6pings g\u00e4stabud.<\/p>\n<p>&nbsp;<\/p>\n<p><a title=\"Rondellus fr\u00e5n Estland spelade och sj\u00f6ng under de vitkalkade valven. by Kultursidan, on Flickr\" href=\"http:\/\/www.flickr.com\/photos\/kultursidan\/9638054508\/\"><img decoding=\"async\" alt=\"Rondellus fr\u00e5n Estland spelade och sj\u00f6ng under de vitkalkade valven.\" src=\"http:\/\/farm3.staticflickr.com\/2826\/9638054508_08b39bcbab.jpg\" width=\"400\" \/><\/a><\/p>\n<p><em>Rondellus fr\u00e5n Estland spelade och sj\u00f6ng under Drothems kyrkas vitkalkade valv.<\/em><\/p>\n<p>&nbsp;<\/p>\n<p><b>P\u00e5 rad, som p\u00e4rlor i ett halsband, presenteras den ena h\u00f6viska k\u00e4rlekss\u00e5ngen efter den andra.<\/b> De \u00e4r daterade till 1400-tal eller 1500-tal, allts\u00e5 ren\u00e4ssansen som f\u00f6ljde efter medeltiden. NoMeMus har anslutit sig till Brask-\u00e5ret och v\u00e4ljer musik som \u00e4r samtida med den m\u00e4ktige Biskop Hans Brask i Link\u00f6ping. N\u00e5got, om \u00e4n inte s\u00e5 mycket har h\u00e4nt med medeltidens musik, efter ett \u00e5rhundrade eller tv\u00e5.<\/p>\n<p>Flera av tons\u00e4ttarnas namn har f\u00f6rsvunnit i tiden, men n\u00e5gra n\u00e4mns vid namn, som Juan Encina och Adrian Le Roy. Kanske rentav att Englands kung Henry VIII skrev <i>Helas Madame<\/i> som i Rondellus arrangemang framf\u00f6rs med tamburin och basblockfl\u00f6jt och ger aningar om sentida engelsk folkviseton.<\/p>\n<p><b>Rondellus arrangemang \u00e4r omv\u00e4xlande, gruppens medlemmar kliver in i och ut ur s\u00e5ngerna.<\/b> Maria Staak sjunger med kraftfull mezzosopran, \u00e4ven om begreppet inte var uppfunnet p\u00e5 den tiden, till ackompanjemang. Melodierna slingrar p\u00e5 harmonikens v\u00e4gar, \u00e4nd\u00e5 \u00e4r tong\u00e5ngarna \u00e4r inte helt enkla. S\u00e4kert beundrades en s\u00e5dan s\u00e5ngerska vid hovet hos kungar och hertigar.<\/p>\n<p>Tonbilden blir ljus med rundb\u00e5gad fiddla, dubbelstr\u00e4ngad luta och psalterium (cittrans f\u00f6reg\u00e5ngare) som ackompanjerande instrument. S\u00e5ngen tar plats utan sv\u00e5righet. Inte ens stora ramtrumman eller basblockfl\u00f6jten, som ibland kommer fram, f\u00f6rm\u00e5r att vidga spektrat s\u00e4rskilt mycket. Rytmen oftast l\u00e5ngsam, l\u00e5t oss kalla det \u201dmed h\u00f6visk v\u00e4rdighet\u201d eller bet\u00e4nka att <i>Triste plaisir<\/i> kan \u00f6vers\u00e4ttas med \u201dSorgmodig njutning\u201d. Det g\u00f6r att musiken blir meditativ.<\/p>\n<p>&nbsp;<\/p>\n<p><a title=\"Imponerade gjorde Monika Ruusmaa, blockfl\u00f6jt, och multiinstrumentalisten Anna-Liisa Eller , h\u00e4r med psalteri. by Kultursidan, on Flickr\" href=\"http:\/\/www.flickr.com\/photos\/kultursidan\/9638063888\/\"><img decoding=\"async\" alt=\"Imponerade gjorde Monika Ruusmaa, blockfl\u00f6jt, och multiinstrumentalisten Anna-Liisa Eller , h\u00e4r med psalteri.\" src=\"http:\/\/farm8.staticflickr.com\/7436\/9638063888_6f3d96a728.jpg\" width=\"400\" \/><\/a><br \/>\n<em>Imponerade gjorde Monika Ruusmaa, blockfl\u00f6jt, och multiinstrumentalisten Anna-Liisa Eller, h\u00e4r med psalteri.<\/em><\/p>\n<p>&nbsp;<\/p>\n<p><b>N\u00e4r s\u00e5ngerskan Maria Staak tystnar och ger plats f\u00f6r rent instrumentala <i>Recercada primera<\/i> av Diego Oriz kommer blockfl\u00f6jtsspelaren Monika Ruusmaa i f\u00f6rgrunden.<\/b> Hennes ekvilibristiska tremuleringar p\u00e5 sopranfl\u00f6jten vinner varma appl\u00e5der. S\u00e5 som Rondellus anv\u00e4nder blockfl\u00f6jten, oavsett storlek, blir den ett melodiinstrument av klass, med utbroderade slingor. En riktig Trollfl\u00f6jt.<\/p>\n<p>Multiinstrumentalisten Anna-Liisa Eller imponerar ocks\u00e5 d\u00e4r hon v\u00e4xlar mellan att plocka ljusa toner ur psalteriets str\u00e4ngar, sl\u00e5 intrikata rytmer p\u00e5 upplyft ramtrumma eller spelevinka p\u00e5 blockfl\u00f6jt hon med.<\/p>\n<p><strong>Med <i>Triste plaisir<\/i> har 2013 \u00e5rs upplaga av NoMeMus inletts.\u00a0<\/strong>Ytterligare tv\u00e5 konserter ges, samt en f\u00f6rel\u00e4sning och workshops.<\/p>\n<p><i>Text och foto: Ann-Charlotte Sandelin <\/i><\/p>\n<p>&nbsp;<\/p>\n<blockquote>\n<h3><em>S\u00d6DERK\u00d6PINGS G\u00c4STABUD<\/em><\/h3>\n<p>30 augusti \u2013 1 september 2013<br \/>\n<em>Arr: S\u00f6derk\u00f6pings G\u00e4stabud ekonomiska f\u00f6rening<\/em><\/p>\n<h3><em>DROTHEM KYRKA S\u00f6derk\u00f6ping<\/em><\/h3>\n<p>30 augusti kl 20<br \/>\n<em><b>Triste plaisir<\/b><\/em><br \/>\n<em> K\u00e4rlekss\u00e5nger fr\u00e5n ren\u00e4ssansen<\/em><br \/>\n<em> Arr: NoMeMus<\/em><\/p>\n<p style=\"padding-left: 30px;\"><em>RONDELLUS Estland<\/em><br \/>\n<em> Maria Staak \u2013 s\u00e5ng, sinfonia<\/em><br \/>\n<em> Johanna-Maria Jaama \u2013 fiddla <\/em><br \/>\n<em> Anna-Liisa Eller \u2013 psalterium, blockfl\u00f6jt, ramtrumma<\/em><br \/>\n<em> Monika Ruusmaa \u2013 blockfl\u00f6jt<\/em><br \/>\n<em> Robert Staak \u2013 luta<\/em><\/p>\n<\/blockquote>\n<p>&nbsp;<\/p>\n<p>L\u00c4NKAR<br \/>\nS\u00f6derk\u00f6pings G\u00e4stabud <a title=\"G\u00e4stabudet\" href=\"http:\/\/www.gastabud.se\/page.asp?id=1\" target=\"_blank\">hemsida <\/a><br \/>\nG\u00e4stabudet <a title=\"Program\" href=\"http:\/\/www.gastabud.se\/\/userimages\/file\/Gastabudet_2013_program.pdf\" target=\"_blank\">program <\/a><br \/>\nNoMeMus <a title=\"NoMeMus\" href=\"http:\/\/www.nomemus.se\" target=\"_blank\">hemsida <\/a><br \/>\nKonserter <a title=\"Program\" href=\"http:\/\/www.nomemus.se\/konserter.html\" target=\"_blank\">program<\/a><br \/>\nH\u00e4star och gycklare i Brunnsparken <a title=\"H\u00e4star och gycklare i Brunnsparken\" href=\"https:\/\/www.kultursidan.nu\/?p=12019\" target=\"_blank\">reportage<\/a> Kultursidan.nu 31\/8 2013<br \/>\nG\u00e4stabud och marknad i S\u00f6derk\u00f6ping <a title=\"G\u00e4stabud och marknad i S\u00f6derk\u00f6ping\" href=\"https:\/\/www.kultursidan.nu\/?p=12014\" target=\"_blank\">reportage<\/a> Kultursidan.nu 31\/8 2013<br \/>\nS\u00f6derk\u00f6pings G\u00e4stabud modell 2013 <a title=\"S\u00f6derk\u00f6pings G\u00e4stabud modell 2013\" href=\"https:\/\/www.kultursidan.nu\/?p=11970\" target=\"_blank\">reportage<\/a> Kultursidan.nu 29\/8 2013<\/p>\n<p>&nbsp;<\/p>\n<p>FLER BILDER FR\u00c5N KONSERTEN \u2013 KLICKA<\/p>\n<p>[flickr-gallery mode=&#8221;photoset&#8221; photoset=&#8221;72157635316873268&#8243;]<\/p>\n","protected":false},"excerpt":{"rendered":"<p>S\u00d6DERK\u00d6PING Estniska musikgruppen Rondellus ljusa tonbild sv\u00e4vade under valven i Drothems kyrka i S\u00f6derk\u00f6ping. Sveriges radios skog av mikrofoner f\u00e5ngade ocks\u00e5 de spr\u00f6da k\u00e4rlekss\u00e5ngerna fr\u00e5n tidig ren\u00e4ssans. Den nordiska medeltida musikfestivalen \u00e4r en del av G\u00e4stabudet. <a class=\"continue-reading-link\" href=\"https:\/\/www.kultursidan.nu\/?p=12026\">L\u00e4s mer <span class=\"meta-nav\">&rarr; <\/span><\/a><\/p>\n","protected":false},"author":1001006,"featured_media":0,"comment_status":"closed","ping_status":"open","sticky":false,"template":"","format":"standard","meta":{"_jetpack_memberships_contains_paid_content":false,"footnotes":""},"categories":[6],"tags":[29,13],"class_list":["post-12026","post","type-post","status-publish","format-standard","hentry","category-soderkoping","tag-festival","tag-musik"],"jetpack_featured_media_url":"","jetpack_sharing_enabled":true,"_links":{"self":[{"href":"https:\/\/www.kultursidan.nu\/index.php?rest_route=\/wp\/v2\/posts\/12026","targetHints":{"allow":["GET"]}}],"collection":[{"href":"https:\/\/www.kultursidan.nu\/index.php?rest_route=\/wp\/v2\/posts"}],"about":[{"href":"https:\/\/www.kultursidan.nu\/index.php?rest_route=\/wp\/v2\/types\/post"}],"author":[{"embeddable":true,"href":"https:\/\/www.kultursidan.nu\/index.php?rest_route=\/wp\/v2\/users\/1001006"}],"replies":[{"embeddable":true,"href":"https:\/\/www.kultursidan.nu\/index.php?rest_route=%2Fwp%2Fv2%2Fcomments&post=12026"}],"version-history":[{"count":0,"href":"https:\/\/www.kultursidan.nu\/index.php?rest_route=\/wp\/v2\/posts\/12026\/revisions"}],"wp:attachment":[{"href":"https:\/\/www.kultursidan.nu\/index.php?rest_route=%2Fwp%2Fv2%2Fmedia&parent=12026"}],"wp:term":[{"taxonomy":"category","embeddable":true,"href":"https:\/\/www.kultursidan.nu\/index.php?rest_route=%2Fwp%2Fv2%2Fcategories&post=12026"},{"taxonomy":"post_tag","embeddable":true,"href":"https:\/\/www.kultursidan.nu\/index.php?rest_route=%2Fwp%2Fv2%2Ftags&post=12026"}],"curies":[{"name":"wp","href":"https:\/\/api.w.org\/{rel}","templated":true}]}}