{"id":12223,"date":"2013-09-20T08:33:12","date_gmt":"2013-09-20T07:33:12","guid":{"rendered":"https:\/\/intelligent-friend-7861.standoutwp.com\/?p=12223"},"modified":"2014-06-16T20:45:46","modified_gmt":"2014-06-16T19:45:46","slug":"kokvinnorna-visas-pa-arbetets-museum","status":"publish","type":"post","link":"https:\/\/www.kultursidan.nu\/?p=12223","title":{"rendered":"Kokvinnorna visas p\u00e5 Arbetets Museum"},"content":{"rendered":"<p><iframe loading=\"lazy\" src=\"https:\/\/www.flickr.com\/photos\/kultursidan\/9831908565\/player\/\" width=\"500\" height=\"332\" frameborder=\"0\" allowfullscreen webkitallowfullscreen mozallowfullscreen oallowfullscreen msallowfullscreen><\/iframe><\/p>\n<p><i>N\u00e4rhet. Kon drar k\u00e4rleksfullt i Britts tr\u00f6ja under mj\u00f6lkningen.<br \/>\n<\/i><\/p>\n<p>&nbsp;<\/p>\n<h1><span style=\"color: #ff0000;\">M\u00e4nnisk\u00f6den skildrade med respekt<\/span><\/h1>\n<p>&nbsp;<\/p>\n<p><b>Fotografen Peter Gerdehag har en f\u00f6rm\u00e5ga att tr\u00e4nga in i udda m\u00e4nniskors liv.<\/b> Vem minns inte <i>H\u00e4stmannen<\/i> som skildrade Stig-Anders som levde ensam p\u00e5 sin g\u00e5rd och brukade den med \u00e4ldre metoder. Den ber\u00e4ttelsen ber\u00f6rde m\u00e5nga b\u00e5de genom foton men ocks\u00e5 via film.<\/p>\n<p>N\u00e4r utst\u00e4llningen <em>H\u00e4stmannen<\/em> visades p\u00e5 Arbetets museum 2008 hade Peter Gerdehag\u00a0 redan gjort bekantskap med systrarna Britt och Inger Georgsson i hall\u00e4ndska Kn\u00e4red. Det nya projektet d\u00e4r han \u00e5ter l\u00e4rde k\u00e4nna mer eller mindre udda personligheter fick namnet <i>Kokvinnorna.<\/i> Begreppet g\u00e4ller fr\u00e4mst den \u00e4ldre systern Britt, som levde f\u00f6r sina kor fram till att hon gick bort f\u00f6rra \u00e5ret. Den yngre systern Inger, som levt ett annat liv, har \u00e4nd\u00e5 st\u00e4llt upp f\u00f6r sin syster.<\/p>\n<p>&nbsp;<\/p>\n<p><a title=\"Ber\u00e4ttaren Peter Gerdehag by Kultursidan, on Flickr\" href=\"http:\/\/www.flickr.com\/photos\/kultursidan\/9831911155\/\"><img decoding=\"async\" alt=\"Ber\u00e4ttaren Peter Gerdehag\" src=\"http:\/\/farm6.staticflickr.com\/5549\/9831911155_d7674c7edd.jpg\" width=\"400\" \/><\/a><br \/>\n<em>Ber\u00e4ttaren. Peter Gerdehag\u00a0hyllar m\u00e5ngfald, m\u00e4nniskor och natur.<\/em><\/p>\n<p>&nbsp;<\/p>\n<p><strong>Parallellt med fotograferandet har Peter Gerdehag ocks\u00e5 filmat.<\/strong> <i>Kokvinnorna<\/i> har g\u00e5tt p\u00e5 biograferna och visades i tv 2011 och fick minst lika stor uppm\u00e4rksamhet som <em>H\u00e4stmannen<\/em>. Filmerna har ocks\u00e5 tagit hem internationella priser och 2009 tog Peter Gerdehag emot Arbetets museums dokument\u00e4rfotopris. Tidigare har han \u00e4ven visat <em>Bygden d\u00e4r vinden v\u00e4nde<\/em> p\u00e5 museet.<\/p>\n<p><b>N\u00e4r Peter Gerdehag vid pressvisningen ber\u00e4ttar om systrarna Britt och Inger, och f\u00f6r all del \u00e4ven om <i>H\u00e4stmannen<\/i>, m\u00e4rks tydligt hur engagerad han \u00e4r i de m\u00e4nniskor han f\u00f6ljer och deras \u00f6den.<\/b> Han beskriver ocks\u00e5 sina filmer som en g\u00e5va till svenska folket och att han hyllar m\u00e5ngfald, m\u00e4nniskor och natur. Att han har lyckats f\u00e5nga sp\u00e4nnande m\u00e4nniskor och deras liv st\u00e5r klart n\u00e4r man tittar p\u00e5 utst\u00e4llningens cirka 60 bilder.<\/p>\n<p>L\u00f6rdag den 22 september \u00f6ppnar fotoutst\u00e4llningen om <i>Kokvinnorna<\/i> p\u00e5 Arbetets Museum i Norrk\u00f6ping. Peter Gerdehag kommer personligen att n\u00e4rvara vid vernissagen p\u00e5 l\u00f6rdag. Han \u00e5terkommer till Arbetets Museum den 1 oktober och f\u00f6rel\u00e4ser om sina bilder.<\/p>\n<p><em>Text &amp; foto: Sven \u00c5ke Molund<\/em><\/p>\n<p>&nbsp;<\/p>\n<blockquote>\n<h3><em>ARBETETS MUSEUM Norrk\u00f6ping<\/em><\/h3>\n<p>21 september 2013 \u2013 5 januari 2014<br \/>\nVernissage 21\/9 kl 14<em><br \/>\n<b>Kokvinnorna<br \/>\n<\/b>Fotografi<\/em><br \/>\n<em>Peter Gerdehag<\/em><\/p>\n<p style=\"padding-left: 30px;\"><em>PROGRAM<br \/>\n1 oktober<br \/>\n<\/em>Peter Gerdehag f\u00f6rel\u00e4ser<\/p>\n<\/blockquote>\n<p>&nbsp;<\/p>\n<p>L\u00c4NKAR<br \/>\nPeter Gerdehag <a title=\"Peter Gerdehag\" href=\"http:\/\/www.petergerdehag.se\" target=\"_blank\">hemsida <\/a><br \/>\nArbetets museum <a title=\"Arbetets museum\" href=\"http:\/\/www.arbetetsmuseum.se\" target=\"_blank\">hemsida<\/a><\/p>\n<p>FLER BILDER FR\u00c5N UTST\u00c4LLNINGEN \u2013 KLICKA<\/p>\n<p>[flickr-gallery mode=&#8221;photoset&#8221; photoset=&#8221;72157635677248536&#8243;]<\/p>\n","protected":false},"excerpt":{"rendered":"<p>NORRK\u00d6PING Dokument\u00e4rfotografen och filmaren Peter Gerdehag hyllar m\u00e5ngfald, m\u00e4nniskor och natur. Tidigare gjorde han succ\u00e9 med H\u00e4stmannen. Nu visar han \u00e4nnu en ber\u00e4ttelse fr\u00e5n den svenska landsbygden, om systrarna Georgsson i Halland. <a class=\"continue-reading-link\" href=\"https:\/\/www.kultursidan.nu\/?p=12223\">L\u00e4s mer <span class=\"meta-nav\">&rarr; <\/span><\/a><\/p>\n","protected":false},"author":1001006,"featured_media":0,"comment_status":"closed","ping_status":"open","sticky":false,"template":"","format":"standard","meta":{"_jetpack_memberships_contains_paid_content":false,"footnotes":""},"categories":[7],"tags":[17],"class_list":["post-12223","post","type-post","status-publish","format-standard","hentry","category-norrkoping","tag-foto"],"jetpack_featured_media_url":"","jetpack_sharing_enabled":true,"_links":{"self":[{"href":"https:\/\/www.kultursidan.nu\/index.php?rest_route=\/wp\/v2\/posts\/12223","targetHints":{"allow":["GET"]}}],"collection":[{"href":"https:\/\/www.kultursidan.nu\/index.php?rest_route=\/wp\/v2\/posts"}],"about":[{"href":"https:\/\/www.kultursidan.nu\/index.php?rest_route=\/wp\/v2\/types\/post"}],"author":[{"embeddable":true,"href":"https:\/\/www.kultursidan.nu\/index.php?rest_route=\/wp\/v2\/users\/1001006"}],"replies":[{"embeddable":true,"href":"https:\/\/www.kultursidan.nu\/index.php?rest_route=%2Fwp%2Fv2%2Fcomments&post=12223"}],"version-history":[{"count":0,"href":"https:\/\/www.kultursidan.nu\/index.php?rest_route=\/wp\/v2\/posts\/12223\/revisions"}],"wp:attachment":[{"href":"https:\/\/www.kultursidan.nu\/index.php?rest_route=%2Fwp%2Fv2%2Fmedia&parent=12223"}],"wp:term":[{"taxonomy":"category","embeddable":true,"href":"https:\/\/www.kultursidan.nu\/index.php?rest_route=%2Fwp%2Fv2%2Fcategories&post=12223"},{"taxonomy":"post_tag","embeddable":true,"href":"https:\/\/www.kultursidan.nu\/index.php?rest_route=%2Fwp%2Fv2%2Ftags&post=12223"}],"curies":[{"name":"wp","href":"https:\/\/api.w.org\/{rel}","templated":true}]}}