{"id":12230,"date":"2013-09-21T11:27:16","date_gmt":"2013-09-21T10:27:16","guid":{"rendered":"https:\/\/intelligent-friend-7861.standoutwp.com\/?p=12230"},"modified":"2014-06-16T20:46:22","modified_gmt":"2014-06-16T19:46:22","slug":"vem-ar-stadens-olika-rum-till-for","status":"publish","type":"post","link":"https:\/\/www.kultursidan.nu\/?p=12230","title":{"rendered":"Vem \u00e4r stadens olika rum till f\u00f6r?"},"content":{"rendered":"<p><iframe loading=\"lazy\" src=\"https:\/\/www.flickr.com\/photos\/kultursidan\/9834548194\/player\/\" width=\"300\" height=\"218\" frameborder=\"0\" allowfullscreen webkitallowfullscreen mozallowfullscreen oallowfullscreen msallowfullscreen><\/iframe><\/p>\n<p><i>Vem vill g\u00e5 p\u00e5 r\u00f6da mattan? \u00c4r Kn\u00e4ppingsborg till f\u00f6r<\/i><i> en v\u00e4lbest\u00e4lld k\u00f6pstark medelklass, eller f\u00f6r alla och envar. Fr\u00e5gan st\u00e4lls efter en observation av elever som studerar andra \u00e5ret p\u00e5 programmet f\u00f6r Samh\u00e4lls- och kulturanalys vid Campus Norrk\u00f6ping.<\/i><\/p>\n<p>&nbsp;<\/p>\n<h1><span style=\"color: #ff0000;\">Studenter observerar platser i Norrk\u00f6ping<\/span><\/h1>\n<p>&nbsp;<\/p>\n<p><b>Kan en plats ha en identitet?<\/b> \u00c4r Kn\u00e4ppingsborg inkluderande eller exkluderande? \u00c4r Mirums galleri byggt f\u00f6r olika samh\u00e4llsklasser \u2013 fattiga p\u00e5 det ena v\u00e5ningsplanet och rikare p\u00e5 det andra, f\u00f6r att h\u00e5rdra diskussionen?<\/p>\n<p>Detta var n\u00e5gra av m\u00e5nga fr\u00e5gor som st\u00e4lldes n\u00e4r studenter fr\u00e5n programmet Samh\u00e4lls- och kulturanalys, SKA, vid Campus Norrk\u00f6ping vid Link\u00f6pings universitet presenterade sina observationer av n\u00e5gra olika platser runt om i v\u00e5r stad under ledning av kursansvarige Mats Brusman. Observationerna presenterades i R\u00e5dhuset dit s\u00e5v\u00e4l politiker som tj\u00e4nstem\u00e4n var inbjudna att lyssna.<\/p>\n<p><b>Studenterna, som g\u00e5r andra \u00e5ret p\u00e5 programmet, har observerat, fotograferat, analyserat och dragit slutsatser<\/b> kring de olika platsernas betydelse som livsmilj\u00f6 samt vad de betyder f\u00f6r m\u00e4nniskors identitet.<\/p>\n<p>Presentationsformen pecha kucha \u00e4r ny f\u00f6r studenterna. Den japanska redovisningsformen inneb\u00e4r att man talar till ett bildspel under 6 minuter, d\u00e4r varje bild visas i 20 sekunder. Att kunna dra industrilandskapets historia i tv\u00e5 meningar \u00e4r en bragd!<\/p>\n<p>&nbsp;<\/p>\n<p><a title=\"Hur inbjudande \u00e4r ett bibliotek? by Kultursidan, on Flickr\" href=\"http:\/\/www.flickr.com\/photos\/kultursidan\/9834580605\/\"><img decoding=\"async\" alt=\"Hur inbjudande \u00e4r ett bibliotek?\" src=\"http:\/\/farm4.staticflickr.com\/3685\/9834580605_bd12369a1f.jpg\" width=\"400\" \/><\/a><br \/>\n<em>Mellan bibliotekets hyllrader.<\/em><\/p>\n<p>&nbsp;<\/p>\n<p><b>Vad \u00e4r det d\u00e5 studenterna har observerat?<\/b> Att Stadsbiblioteket inte \u00e4r s\u00e5 inkluderande som man vill vara \u00e4r en observation. H\u00e4r exemplifieras med ett annat bibliotek \u00e4n Norrk\u00f6pings, men jag h\u00f6r att den kritik studenterna framf\u00f6r \u00e4r kritik som framf\u00f6rs i Norrk\u00f6ping ocks\u00e5. Det g\u00e4ller ljudniv\u00e5n, det g\u00e4ller utrymmet, det g\u00e4ller det faktum att biblioteket i sin iver att alltid vara i framkant, medf\u00f6r att mycket missas av m\u00e5nga grupper och dessa d\u00e5 k\u00e4nner sig exkluderade.<\/p>\n<p>Chefen vid det observerade biblioteket menade att studenterna p\u00e5 kornet tr\u00e4ffat de fr\u00e5gest\u00e4llningar som bibliotek lite varstans st\u00e4ller sig varje dag. Eleverna har dock konkreta f\u00f6rslag p\u00e5 l\u00f6sningar, och jag kan inte annat \u00e4n le n\u00e4r jag ser f\u00f6rv\u00e5ningen i chefens \u00f6gon.<\/p>\n<p><b>Syftet med S\u00f6der tull \u00e4r specifikt, en plats f\u00f6r v\u00e4ntan.<\/b> I omr\u00e5det r\u00f6r sig \u201dungdomar, och \u00e4ldre \u00f6ver 45\u201d. De \u00e4ldre st\u00e5r i grupper och pratar med varandra, medan ungdomarna \u201dbeter sig mer normalt\u201d, d\u00e4r de sitter med h\u00f6rlurar och mobiler. S\u00e5 finns det n\u00e5gra med avvikande beteenden, det \u00e4r \u201ddrinkarna\u201d.<\/p>\n<p>Studenterna f\u00f6resl\u00e5r n\u00e5gon form av kiosk, samt n\u00e5gon form av st\u00f6rre anslagstavla, g\u00f6ra S\u00f6der tull mer inbjudande.<\/p>\n<p>&nbsp;<\/p>\n<p><a title=\"Vem g\u00f6r vad i Vasaparken? by Kultursidan, on Flickr\" href=\"http:\/\/www.flickr.com\/photos\/kultursidan\/9834548774\/\"><img decoding=\"async\" alt=\"Vem g\u00f6r vad i Vasaparken?\" src=\"http:\/\/farm8.staticflickr.com\/7369\/9834548774_ed0762af65.jpg\" width=\"400\" \/><\/a><br \/>\n<em>Vem g\u00f6r vad i Vasaparken?\u00a0<\/em><\/p>\n<p>&nbsp;<\/p>\n<p><b>Andra platser som studenterna observerat \u00e4r Vasaparken, Mirum galleria och Kn\u00e4ppingsborg. <\/b>Barnfamiljernas Vasaparken j\u00e4mf\u00f6rdes med ungdomarnas Folkparken. Mirum galleria \u00e4r mer en v\u00e4lkomnande m\u00f6tesplats f\u00f6r m\u00e4nniskor \u00e4n bara ett k\u00f6pcentrum \u00e4ven om de fann att de tv\u00e5 v\u00e5ningsplanen v\u00e4nder sig till olika m\u00e5lgrupper om man ser till en ekonomisk klass-skala. Ett f\u00f6r den vanliga l\u00f6netagaren, den arbetsl\u00f6se eller fattigpension\u00e4ren, och det andra f\u00f6r de mer v\u00e4lbest\u00e4llda.<\/p>\n<p>Kn\u00e4ppingsborg \u00e4r ett exkluderande omr\u00e5de som v\u00e4nder sig till en medveten, v\u00e4lbest\u00e4lld medelklass. \u00c4ven om matpriserna inte \u00e4r h\u00f6gre \u00e4n p\u00e5 andra restauranger, signalerar utbudet av ekologisk, kravm\u00e4rkt och n\u00e4rodlad mat att man v\u00e4nder sig till en viss kategori personer.<\/p>\n<p><b>Efter varje redovisning f\u00f6ljde fr\u00e5gor och reflektioner fr\u00e5n \u00e5h\u00f6rarna med m\u00e5nga intressanta fr\u00e5gest\u00e4llningar.<\/b> Hur mycket b\u00f6r ett bibliotek marknadsf\u00f6ra sig? Kan man j\u00e4mf\u00f6ra parker? Kan man dra slutsatser efter en enda observation? Och m\u00e5ste alla platser vara till f\u00f6r alla?<\/p>\n<p><b>Efter min egen observation av dagen blir min slutsats att den var klart intressant med m\u00e5nga b\u00e5de roliga, sp\u00e4nnande och nya infallsvinklar.<\/b> Men jag m\u00e4rkte ocks\u00e5 att politiker och tj\u00e4nstem\u00e4n och ungdomar ofta pratade f\u00f6rbi varandra.<\/p>\n<p>Jag tror \u00e4nd\u00e5 att arrang\u00f6rerna, Norrk\u00f6pings kommun i samarbete med Campus Norrk\u00f6ping kan k\u00e4nna sig n\u00f6jda med experimentet.<\/p>\n<p><i>Text: Eva Lindblad<br \/>\nFoto: Ann-Charlotte Sandelin och Link\u00f6pings universitet<br \/>\n<\/i><\/p>\n<p style=\"padding-left: 30px;\">L\u00c4NKAR<br \/>\nSamh\u00e4lls- och kulturanalys, SKA, Campus Norrk\u00f6ping <a title=\"Universitetet\" href=\"http:\/\/www.liu.se\/utbildning\/program\/ska?l=sv \" target=\"_blank\">hemsida <\/a><\/p>\n<p>FLER BILDER \u2013 KLICKA<\/p>\n<p>[flickr-gallery mode=&#8221;photoset&#8221; photoset=&#8221;72157635682595915&#8243;]<\/p>\n<p>&nbsp;<\/p>\n","protected":false},"excerpt":{"rendered":"<p>NORRK\u00d6PING N\u00e4r studenterna fr\u00e5n universitetet observerade hur folk agerade i olika \u201drum\u201d i Norrk\u00f6ping s\u00e5g de en segregerad stad. Politiker och kommunala tj\u00e4nstem\u00e4n reagerade p\u00e5 en del av slutsatserna under en snabb presentationsrunda i R\u00e5dhuset. <a class=\"continue-reading-link\" href=\"https:\/\/www.kultursidan.nu\/?p=12230\">L\u00e4s mer <span class=\"meta-nav\">&rarr; <\/span><\/a><\/p>\n","protected":false},"author":1001006,"featured_media":0,"comment_status":"closed","ping_status":"open","sticky":false,"template":"","format":"standard","meta":{"_jetpack_memberships_contains_paid_content":false,"footnotes":""},"categories":[7],"tags":[53],"class_list":["post-12230","post","type-post","status-publish","format-standard","hentry","category-norrkoping","tag-foredrag"],"jetpack_featured_media_url":"","jetpack_sharing_enabled":true,"_links":{"self":[{"href":"https:\/\/www.kultursidan.nu\/index.php?rest_route=\/wp\/v2\/posts\/12230","targetHints":{"allow":["GET"]}}],"collection":[{"href":"https:\/\/www.kultursidan.nu\/index.php?rest_route=\/wp\/v2\/posts"}],"about":[{"href":"https:\/\/www.kultursidan.nu\/index.php?rest_route=\/wp\/v2\/types\/post"}],"author":[{"embeddable":true,"href":"https:\/\/www.kultursidan.nu\/index.php?rest_route=\/wp\/v2\/users\/1001006"}],"replies":[{"embeddable":true,"href":"https:\/\/www.kultursidan.nu\/index.php?rest_route=%2Fwp%2Fv2%2Fcomments&post=12230"}],"version-history":[{"count":0,"href":"https:\/\/www.kultursidan.nu\/index.php?rest_route=\/wp\/v2\/posts\/12230\/revisions"}],"wp:attachment":[{"href":"https:\/\/www.kultursidan.nu\/index.php?rest_route=%2Fwp%2Fv2%2Fmedia&parent=12230"}],"wp:term":[{"taxonomy":"category","embeddable":true,"href":"https:\/\/www.kultursidan.nu\/index.php?rest_route=%2Fwp%2Fv2%2Fcategories&post=12230"},{"taxonomy":"post_tag","embeddable":true,"href":"https:\/\/www.kultursidan.nu\/index.php?rest_route=%2Fwp%2Fv2%2Ftags&post=12230"}],"curies":[{"name":"wp","href":"https:\/\/api.w.org\/{rel}","templated":true}]}}