{"id":1228,"date":"2011-03-17T15:33:19","date_gmt":"2011-03-17T13:33:19","guid":{"rendered":"https:\/\/intelligent-friend-7861.standoutwp.com\/?p=1228"},"modified":"2021-04-23T17:44:20","modified_gmt":"2021-04-23T16:44:20","slug":"kulturpris-till-flimmer","status":"publish","type":"post","link":"https:\/\/www.kultursidan.nu\/?p=1228","title":{"rendered":"Kulturpris till Flimmer"},"content":{"rendered":"<p><img loading=\"lazy\" decoding=\"async\" class=\"alignnone\" src=\"https:\/\/live.staticflickr.com\/5300\/5534777576_3a7b322642.jpg\" alt=\"P\u00e4ivi Johansson och Linnea Landers\" width=\"500\" height=\"332\" \/><br \/>\n<em>P\u00e4ivi Johansson delade ut kulturpriset till Flimmers Linnea Landers.<\/em><\/p>\n<p>&nbsp;<\/p>\n<h1><span style=\"color: #ff0000;\">Prisv\u00e4rt arbete vid duken<\/span><\/h1>\n<p>&nbsp;<\/p>\n<p><strong>Filmf\u00f6reningen Flimmer fr\u00e5n Norrk\u00f6ping<\/strong> fick p\u00e5 onsdagskv\u00e4llen ta emot ett kulturpris n\u00e4r ett politiskt parti, <a title=\"moderaterna\" href=\"http:\/\/www.moderat.se\/web\/Norrkoping.aspx\" target=\"_blank\" rel=\"noopener\">moderaterna<\/a>, hade krets\u00e5rsm\u00f6te.<\/p>\n<p>Motiveringen till priset lyder:<\/p>\n<p>\u201dF\u00f6r ett beundransv\u00e4rt arbete som utvecklats fr\u00e5n starten p\u00e5 60-talet till den verksamhet som idag inneh\u00e5ller bland annat filmfestival, utomhusbio och utomhusbioturn\u00e9.<\/p>\n<p>Filmf\u00f6reningen <a title=\"Flimmer\" href=\"http:\/\/www.flimmer.nu\/\" target=\"_blank\" rel=\"noopener\">Flimmer<\/a> finns numera ocks\u00e5 p\u00e5 andra orter runt om i Sverige. F\u00f6reningen visar p\u00e5 att kultur g\u00e5r att utf\u00f6ra i sann entrepren\u00f6rsanda. F\u00f6r en stor kulturg\u00e4rning tilldelas Filmf\u00f6reningen Flimmer Kulturpriset\u201d<\/p>\n<p><strong>Filmf\u00f6reningen Flimmer startade p\u00e5 1960-talet som Norrk\u00f6pings filmstudio.<\/strong> Idag, cirka 50 \u00e5r senare omfattas verksamheten av Norrk\u00f6ping Filmfestival Flimmer, Flimmer Utomhusbio i Norrk\u00f6ping och Flimmer Utomhusbioturn\u00e9.<\/p>\n<p>Sedan 2004 erbjuder Flimmer utomhusbio \u00e4ven p\u00e5 andra orter i Sverige.<\/p>\n<p><strong>S\u00e5 h\u00e4r skriver Flimmer sj\u00e4lvt om sin verksamhet:<\/strong><\/p>\n<p>\u201dVarje bes\u00f6kare skapar sin egen festival eller utomhusbio. Det vi erbjuder \u00e4r en plattform f\u00f6r m\u00f6ten mellan m\u00e4nniskor och film. Flimmer s\u00e4ljer inte bara upplevelser p\u00e5 duken, utan ocks\u00e5 utanf\u00f6r salongen och innan visningen.\u201d<\/p>\n<p><strong>Kulturpriset \u00f6verl\u00e4mnades<\/strong> av partiets kretsordf\u00f6rande P\u00e4ivi Johansson och det togs emot av Flimmers projektledare Linnea Landers.<\/p>\n<p><em>Text och foto: Sven \u00c5ke Molund<\/em><\/p>\n","protected":false},"excerpt":{"rendered":"<p>NORRK\u00d6PING Filmf\u00f6reningens sanna entrepren\u00f6rsanda gav Flimmer moderaternas kulturpris. <a class=\"continue-reading-link\" href=\"https:\/\/www.kultursidan.nu\/?p=1228\">L\u00e4s mer <span class=\"meta-nav\">&rarr; <\/span><\/a><\/p>\n","protected":false},"author":1001006,"featured_media":0,"comment_status":"closed","ping_status":"open","sticky":false,"template":"","format":"standard","meta":{"_jetpack_memberships_contains_paid_content":false,"footnotes":""},"categories":[7],"tags":[38,39],"class_list":["post-1228","post","type-post","status-publish","format-standard","hentry","category-norrkoping","tag-film","tag-pris"],"jetpack_featured_media_url":"","jetpack_sharing_enabled":true,"_links":{"self":[{"href":"https:\/\/www.kultursidan.nu\/index.php?rest_route=\/wp\/v2\/posts\/1228","targetHints":{"allow":["GET"]}}],"collection":[{"href":"https:\/\/www.kultursidan.nu\/index.php?rest_route=\/wp\/v2\/posts"}],"about":[{"href":"https:\/\/www.kultursidan.nu\/index.php?rest_route=\/wp\/v2\/types\/post"}],"author":[{"embeddable":true,"href":"https:\/\/www.kultursidan.nu\/index.php?rest_route=\/wp\/v2\/users\/1001006"}],"replies":[{"embeddable":true,"href":"https:\/\/www.kultursidan.nu\/index.php?rest_route=%2Fwp%2Fv2%2Fcomments&post=1228"}],"version-history":[{"count":2,"href":"https:\/\/www.kultursidan.nu\/index.php?rest_route=\/wp\/v2\/posts\/1228\/revisions"}],"predecessor-version":[{"id":42791,"href":"https:\/\/www.kultursidan.nu\/index.php?rest_route=\/wp\/v2\/posts\/1228\/revisions\/42791"}],"wp:attachment":[{"href":"https:\/\/www.kultursidan.nu\/index.php?rest_route=%2Fwp%2Fv2%2Fmedia&parent=1228"}],"wp:term":[{"taxonomy":"category","embeddable":true,"href":"https:\/\/www.kultursidan.nu\/index.php?rest_route=%2Fwp%2Fv2%2Fcategories&post=1228"},{"taxonomy":"post_tag","embeddable":true,"href":"https:\/\/www.kultursidan.nu\/index.php?rest_route=%2Fwp%2Fv2%2Ftags&post=1228"}],"curies":[{"name":"wp","href":"https:\/\/api.w.org\/{rel}","templated":true}]}}