{"id":12345,"date":"2013-09-27T19:34:03","date_gmt":"2013-09-27T18:34:03","guid":{"rendered":"https:\/\/intelligent-friend-7861.standoutwp.com\/?p=12345"},"modified":"2013-10-18T08:41:08","modified_gmt":"2013-10-18T07:41:08","slug":"blacka-musik-firar-30-ar-pa-stadsmuseet","status":"publish","type":"post","link":"https:\/\/www.kultursidan.nu\/?p=12345","title":{"rendered":"Blacka musik firar 30 \u00e5r p\u00e5 Stadsmuseet"},"content":{"rendered":"<p><a href=\"http:\/\/www.flickr.com\/photos\/kultursidan\/9969548205\/\" title=\"G\u00e5rdsutst\u00e4llning p\u00e5 Stadsmuseet. by Kultursidan, on Flickr\"><img loading=\"lazy\" decoding=\"async\" src=\"http:\/\/farm8.staticflickr.com\/7313\/9969548205_5de692c11e.jpg\" width=\"500\" height=\"317\" alt=\"G\u00e5rdsutst\u00e4llning p\u00e5 Stadsmuseet.\"><\/a><\/p>\n<p><i>Ute-utst\u00e4llning Blacka musiks historia sprids f\u00f6r fria vindar.<\/i><\/p>\n<p>&nbsp;<\/p>\n<h1><span style=\"color: #ff0000;\">N\u00e4stan lika mycket teater som musik<\/span><\/h1>\n<p>&nbsp;<\/p>\n<p><b>Jag m\u00f6ter Ulla Nerman vid Stadsmuseets bakd\u00f6rr.<\/b> Hon, med tv\u00e5 andra, ordnar det sista inf\u00f6r Kulturnatten. Ulla \u00e4r b\u00e5de glad och stolt n\u00e4r hon presenterar utst\u00e4llningen av Blacka musik.<\/p>\n<p>Hon \u00e4r v\u00e4ldigt tydlig med att man inte m\u00e5ste veta n\u00e5got om deras tidigare historia f\u00f6r att vara p\u00e5 plats. N\u00e4r jag ber henne att ber\u00e4tta lite om deras historia s\u00e5 visar hon mig de planscher som de h\u00e4ngt upp p\u00e5 rad. H\u00e4r st\u00e5r all historia nedskriven. Det \u00e4r n\u00e4stan hela po\u00e4ngen med varf\u00f6r man ska dyka upp, f\u00f6r att studera vilka de \u00e4r.<\/p>\n<p><b>Varje informationsblad b\u00f6rjar med ett citat av Bob Marley,<\/b> s\u00e5 det \u00e4r r\u00e4tt sj\u00e4lvklart vilken inspirationsk\u00e4lla Blacka Musik har. Och som de hyllar varje \u00e5r med <i>Bob Marley memorial<\/i>.<\/p>\n<p>Utst\u00e4llningen var fr\u00e5n b\u00f6rjan ett initiativ av f\u00f6rre museichefen Peter Carelli. Black Musik firar ju \u00e4nd\u00e5 30 \u00e5r s\u00e5 bara det \u00e4r en god urs\u00e4kt till att s\u00e4tta upp n\u00e5got.<\/p>\n<p>Om man \u00e4r intresserad av sj\u00e4lva musiken s\u00e5 m\u00e5ste man dyka upp p\u00e5 Kulturnatten f\u00f6r det \u00e4r den enda chansen att f\u00e5 h\u00f6ra deras musik under utst\u00e4llningen, som sedan varar i fyra veckor. Under Kulturnatten spelar musiker i 16 band, alla i olika \u00e5ldrar.<\/p>\n<p>&nbsp;<\/p>\n<p><a title=\"En ordf\u00f6rande \u2013 f\u00f6r medm\u00e4nsklighetens skull. by Kultursidan, on Flickr\" href=\"http:\/\/www.flickr.com\/photos\/kultursidan\/9969545605\/\"><img decoding=\"async\" alt=\"En ordf\u00f6rande \u2013 f\u00f6r medm\u00e4nsklighetens skull.\" src=\"http:\/\/farm3.staticflickr.com\/2826\/9969545605_09b16d3b38.jpg\" width=\"241\" \/><\/a><br \/>\n<em> En ordf\u00f6rande \u2013 f\u00f6r medm\u00e4nsklighetens skull.<\/em><\/p>\n<p>&nbsp;<\/p>\n<p><b>Ulla Norman ler n\u00e4r hon ber\u00e4ttar om det de kallar galen demokrati.<\/b><br \/>\n\u2013 Alla v\u00e5ra ordf\u00f6rande \u00e4r de yngsta i verksamheten, s\u00e4ger hon.<\/p>\n<p>Jag f\u00f6rst\u00e5r n\u00e4stan men inte riktigt, f\u00f6r inte kan hon v\u00e4l mena att sm\u00e5barn \u2013 jo, det kan hon. Ulla visar en stor bild p\u00e5 ett litet barn, inte mer \u00e4n ett par \u00e5r gammal. Barnet \u00e4r en av dem som best\u00e4mmer.<\/p>\n<p><b>Alla som \u00e4r med i verksamheter \u00e4r ocks\u00e5 med och spelar.<\/b> Inga provspelningar eller liknande \u2013 det \u00e4r bara att g\u00e5 upp p\u00e5 scen och bli delaktig. Blacka musik har nu vuxit sig st\u00f6rre och flera familjer har dragits till verksamheten.<\/p>\n<p>\u2013 Mamma kanske \u00e4r i en grupp, pappa i en annan och barnen i en annan, f\u00f6rklarar Ulla Nerman. Och det kommer nya.<\/p>\n<p><b>Som sista kommentar, innan jag g\u00e5r, f\u00e5r jag f\u00f6rklarat:<\/b><br \/>\n\u2013 Det \u00e4r n\u00e4stan lika mycket teater som musik, fast det gl\u00f6mmer man n\u00e4stan.<\/p>\n<p><i>Text: Christian Hellberg<br \/>\nFoto: Christian Hellberg och Sven \u00c5ke Molund<\/i><\/p>\n<p>&nbsp;<\/p>\n<blockquote>\n<h3><em>STADSMUSEET Norrk\u00f6ping<\/em><\/h3>\n<p>28 september \u2013 27 oktober 2013<em><br \/>\n<b>Tre stj\u00e4rnor \u00f6ver bruket<br \/>\nBlacka Musik 30 \u00e5r<br \/>\n<\/b>Utst\u00e4llning<\/em><\/p>\n<p style=\"padding-left: 30px;\"><em>KULTURNATTEN<\/em><br \/>\nkl 11.30 invigning<br \/>\n12.00-23.55<em> spelar:<br \/>\nR.U.F.B, Jahsmine, Haramb\u00e9, Asca, Old Spares,<br \/>\nN\u00e4sblod,\u2028 Fredrik J &amp; Hundarna,\u2028 Kaos, Kris &amp; Helvete,<br \/>\nNifters,\u2028 Reggaestrer@,\u2028 Desmodr\u00f4me,\u2028 Dancehall,<br \/>\nPirates,\u2028 Marx Gallo,\u2028 Gr\u00e4srot\u2028, Count,<br \/>\nChickenbrain &amp; Prins S, Under v\u00e5ren.<br \/>\nDJ Becki o DJ Nurse.<\/em><\/p><\/blockquote>\n<p>&nbsp;<\/p>\n<p>L\u00c4NKAR<br \/>\nBlacka musik <a title=\"Blacka musik\" href=\"http:\/\/www.blackamusik.com \" target=\"_blank\">hemsida <\/a><br \/>\nBob Marley memorial <a title=\"Bob Marley memorial\" href=\"http:\/\/www.bobmarleymemorial.com\" target=\"_blank\">hemsida <\/a><br \/>\nNorrk\u00f6pings stadsmuseum <a title=\"Norrk\u00f6pings stadsmuseum\" href=\"http:\/\/www.norrkoping.se\/kultur-fritid\/museer\/stadsmuseum\/\" target=\"_blank\">hemsida<\/a><\/p>\n<p>FLER BILDER FR\u00c5N UTST\u00c4LLNINGEN \u2013 KLICKA<\/p>\n<p>[flickr-gallery mode=&#8221;photoset&#8221; photoset=&#8221;72157635952650385&#8243;]<\/p>\n<p>&nbsp;<\/p>\n","protected":false},"excerpt":{"rendered":"<p>NORRK\u00d6PING Bob Marley \u00e4r Blacka musiks stora inspirationsk\u00e4lla. Den saken st\u00e5r klar f\u00f6r den som bes\u00f6ker utst\u00e4llningen om 30-\u00e5rsjubilaren som \u00f6ppnas p\u00e5 Stadsmuseets g\u00e5rd under Kulturnatten. Men historien om Blacka g\u00e5r inte bara i reggaetakt. <a class=\"continue-reading-link\" href=\"https:\/\/www.kultursidan.nu\/?p=12345\">L\u00e4s mer <span class=\"meta-nav\">&rarr; <\/span><\/a><\/p>\n","protected":false},"author":1001006,"featured_media":0,"comment_status":"closed","ping_status":"open","sticky":false,"template":"","format":"standard","meta":{"_jetpack_memberships_contains_paid_content":false,"footnotes":""},"categories":[7],"tags":[47],"class_list":["post-12345","post","type-post","status-publish","format-standard","hentry","category-norrkoping","tag-utstallning"],"jetpack_featured_media_url":"","jetpack_sharing_enabled":true,"_links":{"self":[{"href":"https:\/\/www.kultursidan.nu\/index.php?rest_route=\/wp\/v2\/posts\/12345","targetHints":{"allow":["GET"]}}],"collection":[{"href":"https:\/\/www.kultursidan.nu\/index.php?rest_route=\/wp\/v2\/posts"}],"about":[{"href":"https:\/\/www.kultursidan.nu\/index.php?rest_route=\/wp\/v2\/types\/post"}],"author":[{"embeddable":true,"href":"https:\/\/www.kultursidan.nu\/index.php?rest_route=\/wp\/v2\/users\/1001006"}],"replies":[{"embeddable":true,"href":"https:\/\/www.kultursidan.nu\/index.php?rest_route=%2Fwp%2Fv2%2Fcomments&post=12345"}],"version-history":[{"count":0,"href":"https:\/\/www.kultursidan.nu\/index.php?rest_route=\/wp\/v2\/posts\/12345\/revisions"}],"wp:attachment":[{"href":"https:\/\/www.kultursidan.nu\/index.php?rest_route=%2Fwp%2Fv2%2Fmedia&parent=12345"}],"wp:term":[{"taxonomy":"category","embeddable":true,"href":"https:\/\/www.kultursidan.nu\/index.php?rest_route=%2Fwp%2Fv2%2Fcategories&post=12345"},{"taxonomy":"post_tag","embeddable":true,"href":"https:\/\/www.kultursidan.nu\/index.php?rest_route=%2Fwp%2Fv2%2Ftags&post=12345"}],"curies":[{"name":"wp","href":"https:\/\/api.w.org\/{rel}","templated":true}]}}