{"id":12348,"date":"2013-09-27T20:21:20","date_gmt":"2013-09-27T19:21:20","guid":{"rendered":"https:\/\/intelligent-friend-7861.standoutwp.com\/?p=12348"},"modified":"2013-10-18T08:43:27","modified_gmt":"2013-10-18T07:43:27","slug":"linn-koch-emmerys-foton-pa-stadsmuseet","status":"publish","type":"post","link":"https:\/\/www.kultursidan.nu\/?p=12348","title":{"rendered":"Linn Koch-Emmerys foton p\u00e5 Stadsmuseet"},"content":{"rendered":"<p><a href=\"http:\/\/www.flickr.com\/photos\/kultursidan\/9970164374\/\" title=\"Linn Koch-Emmery \u2013 P\u00e5 v\u00e4g 2008-2013 by Kultursidan, on Flickr\"><img loading=\"lazy\" decoding=\"async\" src=\"http:\/\/farm8.staticflickr.com\/7396\/9970164374_71c3e826f5.jpg\" width=\"500\" height=\"281\" alt=\"Linn Koch-Emmery \u2013 P\u00e5 v\u00e4g 2008-2013\"><\/a><\/p>\n<p><i>Fan av Jack Kerouac. Inspirationen m\u00e4rks men \u00f6gonblicken \u00e4r Linns egna.<br \/>\n<\/i><\/p>\n<p><b>\u00a0<\/b><\/p>\n<h1><span style=\"color: #ff0000;\">Otvungna stunder som varit<\/span><\/h1>\n<p><b>\u00a0<\/b><\/p>\n<p><b>N\u00e4r man har flera hundratals och kanske tusentals bilder som man samlat p\u00e5 sig under 5 \u00e5rs tid, hur v\u00e4ljer man d\u00e5 ut vilka f\u00e5tal som ska f\u00e5 sitta p\u00e5 v\u00e4ggarna och visas f\u00f6r andra?<\/b> Linn Koch-Emmery svarar enkelt &#8221;Det \u00e4r bilderna som ber\u00e4ttar n\u00e5got och som har ett estetiskt v\u00e4rde, liksom. Det h\u00e4r \u00e4r estetiskt fint, s\u00e5 v\u00e4ljer jag. Det d\u00e4r \u00e4r snyggt.&#8221;<\/p>\n<p>Linn Koch-Emmery fick en kamera \u00e5r 2008. Hon b\u00f6rjade d\u00e5 f\u00f6ra dagbok, i fotoform. Bilderna \u00e4r tagna ur stunder och hon menar att hon aldrig f\u00f6rs\u00f6kt tvinga fram en h\u00e4ndelse eller f\u00f6rplanerat en k\u00e4nsla f\u00f6r att f\u00e5nga n\u00e5got med sin kamera. Bilderna har funnits p\u00e5 internet och hon ber\u00e4ttar ocks\u00e5 att hon f\u00e5tt vissa bilder publicerade i tidningar. N\u00e4r Stadsmuseet fr\u00e5gade henne om de kunde visa hennes fotodagbok s\u00e5 var det f\u00f6rmodligen inte s\u00e5 sv\u00e5rt att s\u00e4ga nej.<\/p>\n<p>Anders Karlin, intendent p\u00e5 Norrk\u00f6pings stadsmuseum \u00e4r glad \u00f6ver kontakten med Linn.<br \/>\n\u2013 Hon \u00e4r mycket aktiv, \u00e4ven inom musik, och detta \u00e4r ett drag av hennes liv.<\/p>\n<p>&nbsp;<\/p>\n<p><a title=\"Linn Koch-Emmery by Kultursidan, on Flickr\" href=\"http:\/\/www.flickr.com\/photos\/kultursidan\/9970165494\/\"><img decoding=\"async\" alt=\"Linn Koch-Emmery\" src=\"http:\/\/farm6.staticflickr.com\/5497\/9970165494_13b7169e1b.jpg\" width=\"400\" \/><\/a><br \/>\n<em> Bildspr\u00e5k som ett musikalbum. Ruffigt, s\u00e4ger Linn Koch-Emmery sj\u00e4lv.<\/em><\/p>\n<p>&nbsp;<\/p>\n<p><b>P\u00e5 v\u00e4ggarna i Rum f\u00f6r fotografi hittar vi bilder p\u00e5 mat hon \u00e4tit, scener hon st\u00e5tt p\u00e5 och bakom, s\u00e4ngar hon legat i,<\/b><strong> v\u00e4nner hon varit med, f\u00f6nster som hon tittat ut igenom och lite till.<\/strong> Eftersom m\u00e5nga bilder har f\u00e5ngat en k\u00e4nsla av stunden s\u00e5 finns det ett visst bildspr\u00e5k som liknar det man kan hitta p\u00e5 musikalbum. Det kanske inte \u00e4r s\u00e5 konstigt eftersom Linn \u00e4r aktiv i bandet Zau Gl\u00fcck. P\u00e5 bilderna ser vi att hon har f\u00f6ljt band som Maskinen, Slagsm\u00e5lsklubben och Den svenska bj\u00f6rnstammen.<\/p>\n<p>Linn ber\u00e4ttar om sitt bildspr\u00e5k: \u201dDet \u00e4r lite ruffigt, som n\u00e4r man st\u00e5r i en replokal. Det \u00e4r inte rent och snyggt. Fokus ligger p\u00e5 k\u00e4nsla hellre \u00e4n yta.\u201d Hon har l\u00e5tit sig inspireras av favoritromanen <i>On the Road<\/i>\u201d av Jack Kerouac. Men expert p\u00e5 omr\u00e5det m\u00e5ste du inte vara.<\/p>\n<p>\u2013 Man ska kunna g\u00e5 in h\u00e4r utan att beh\u00f6va veta vilka Den svenska bj\u00f6rnstammen \u00e4r, s\u00e4ger Linn, och njuta \u00e4nd\u00e5.<\/p>\n<p>&nbsp;<\/p>\n<p><a title=\"Linn Koch-Emmery by Kultursidan, on Flickr\" href=\"http:\/\/www.flickr.com\/photos\/kultursidan\/9970161654\/\"><img decoding=\"async\" alt=\"\" src=\"http:\/\/farm6.staticflickr.com\/5540\/9970161654_f21a365a45.jpg\" width=\"400\" \/><\/a><br \/>\n<em>Bilderna \u00e4r belysta av spotlights i det dunkla rummet, Rum f\u00f6r fotografi.<\/em><\/p>\n<p>&nbsp;<\/p>\n<p><b>Bilderna \u00e4r digitala och \u00e4ven efterarbetade.<\/b> Tyv\u00e4rr s\u00e5 syns detta r\u00e4tt s\u00e5 tydligt p\u00e5 de f\u00e5 bilder som \u00e4r s\u00e5 pass f\u00f6rstorade s\u00e5 att de n\u00e4stan tar upp en mindre v\u00e4gg. Annars \u00e4r m\u00e5nga bilder b\u00e5de fina och varierade. Vissa \u00e4r svartvita och andra \u00e4r f\u00e4rggranna. Vissa \u00e4r suddiga och andra \u00e4r tydliga. Det \u00e4r olika stunder f\u00e5ngade p\u00e5 bild.<\/p>\n<p><b>S\u00e5 vem ska g\u00e5 till Rum f\u00f6r fotografi och se utst\u00e4llningen <i>P\u00e5 v\u00e4g 2008-2013<\/i>?<\/b> Det ska du som \u00e4r fotointresserad och andra som kanske vill f\u00e5 inblick i n\u00e5gon annans liv men finner sig f\u00f6r blyga f\u00f6r att knacka en fr\u00e4mling p\u00e5 axeln och fr\u00e5ga.<\/p>\n<p><i>Text och foto: Christian Hellberg<\/i><\/p>\n<p>&nbsp;<\/p>\n<blockquote>\n<h3><em>STADSMUSEET Norrk\u00f6ping<\/em><\/h3>\n<p>28 september 2013 \u2013 12 januari 2014<em><br \/>\n<\/em>Vernissage 28\/9 kl 17<em><br \/>\n<b>P\u00e5 v\u00e4g 2008-2013<br \/>\n<\/b>Linn Koch Emmery \u2013 fotografi<\/em><\/p><\/blockquote>\n<p>&nbsp;<\/p>\n<p>L\u00c4NKAR<br \/>\nLinn Koch-Emmery <a title=\"Linn Koch-Emmery\" href=\"http:\/\/linnkochemmery.se \" target=\"_blank\">hemsida <\/a><br \/>\nNorrk\u00f6pings stadsmuseum <a title=\"Norrk\u00f6pings stadsmuseum\" href=\"http:\/\/www.norrkoping.se\/kultur-fritid\/museer\/stadsmuseum\/\" target=\"_blank\">hemsida<\/a><\/p>\n<p>FLER BILDER FR\u00c5N UTST\u00c4LLNINGEN \u2013 KLICKA<\/p>\n<p>[flickr-gallery mode=&#8221;photoset&#8221; photoset=&#8221;72157635953841035&#8243;]<\/p>\n<p>&nbsp;<\/p>\n","protected":false},"excerpt":{"rendered":"<p>NORRK\u00d6PING Linn Koch-Emmery har varit P\u00e5 v\u00e4g i flera \u00e5r, inspirerad av Jack Kerouac. Nu har hon n\u00e5tt till Norrk\u00f6pings stadsmuseum d\u00e4r hennes foton tar plats i nya Rum f\u00f6r fotografi. <a class=\"continue-reading-link\" href=\"https:\/\/www.kultursidan.nu\/?p=12348\">L\u00e4s mer <span class=\"meta-nav\">&rarr; <\/span><\/a><\/p>\n","protected":false},"author":1001006,"featured_media":0,"comment_status":"closed","ping_status":"open","sticky":false,"template":"","format":"standard","meta":{"_jetpack_memberships_contains_paid_content":false,"footnotes":""},"categories":[7],"tags":[17],"class_list":["post-12348","post","type-post","status-publish","format-standard","hentry","category-norrkoping","tag-foto"],"jetpack_featured_media_url":"","jetpack_sharing_enabled":true,"_links":{"self":[{"href":"https:\/\/www.kultursidan.nu\/index.php?rest_route=\/wp\/v2\/posts\/12348","targetHints":{"allow":["GET"]}}],"collection":[{"href":"https:\/\/www.kultursidan.nu\/index.php?rest_route=\/wp\/v2\/posts"}],"about":[{"href":"https:\/\/www.kultursidan.nu\/index.php?rest_route=\/wp\/v2\/types\/post"}],"author":[{"embeddable":true,"href":"https:\/\/www.kultursidan.nu\/index.php?rest_route=\/wp\/v2\/users\/1001006"}],"replies":[{"embeddable":true,"href":"https:\/\/www.kultursidan.nu\/index.php?rest_route=%2Fwp%2Fv2%2Fcomments&post=12348"}],"version-history":[{"count":0,"href":"https:\/\/www.kultursidan.nu\/index.php?rest_route=\/wp\/v2\/posts\/12348\/revisions"}],"wp:attachment":[{"href":"https:\/\/www.kultursidan.nu\/index.php?rest_route=%2Fwp%2Fv2%2Fmedia&parent=12348"}],"wp:term":[{"taxonomy":"category","embeddable":true,"href":"https:\/\/www.kultursidan.nu\/index.php?rest_route=%2Fwp%2Fv2%2Fcategories&post=12348"},{"taxonomy":"post_tag","embeddable":true,"href":"https:\/\/www.kultursidan.nu\/index.php?rest_route=%2Fwp%2Fv2%2Ftags&post=12348"}],"curies":[{"name":"wp","href":"https:\/\/api.w.org\/{rel}","templated":true}]}}