{"id":1239,"date":"2011-03-18T23:55:10","date_gmt":"2011-03-18T21:55:10","guid":{"rendered":"https:\/\/intelligent-friend-7861.standoutwp.com\/?p=1239"},"modified":"2021-04-24T09:20:26","modified_gmt":"2021-04-24T08:20:26","slug":"kristina-wikstrom-pa-galleri-dag-andersson","status":"publish","type":"post","link":"https:\/\/www.kultursidan.nu\/?p=1239","title":{"rendered":"Kristina Wikstr\u00f6m p\u00e5 Galleri Dag Andersson"},"content":{"rendered":"<p><img loading=\"lazy\" decoding=\"async\" class=\"alignnone\" src=\"https:\/\/live.staticflickr.com\/5258\/5538370480_22206ac35b.jpg\" alt=\"U.T. Lambdaprint 70x100 cm av Kristina Wikstr\u00f6m\" width=\"500\" height=\"350\" \/><br \/>\n<em>U.T. Tv\u00e5 rektanglar p\u00e5 en stor vit yta. Digital m\u00e5lning av Kristina Wikstr\u00f6m.<br \/>\nOriginalet, 70 x 100 cm i storlek, \u00e4r tryckt i lambdaprint och monterat p\u00e5 mdf.<\/em><\/p>\n<p>&nbsp;<\/p>\n<p><iframe loading=\"lazy\" title=\"YouTube video player\" src=\"https:\/\/www.youtube.com\/embed\/GYAaUat7X4s\" width=\"560\" height=\"315\" frameborder=\"0\" allowfullscreen=\"allowfullscreen\"><\/iframe><br \/>\n<em>Digitalt m\u00e5leri med glans. Konstn\u00e4ren Kristina Wikstr\u00f6m pr\u00f6var och pr\u00f6var igen. Film 2:57 min.<\/em><\/p>\n<h1><span style=\"color: #ff0000;\">Paintshopper<\/span><\/h1>\n<p>&nbsp;<\/p>\n<p><strong>Hon har alltid flyttat och ordnat. <\/strong>Redan n\u00e4r hon gick sin f\u00f6rsta konstutbildning, textilformgivning i Amsterdam. Och fortsatte med ordnandet \u00e4ven n\u00e4r hon m\u00e5lade, som styckena i balsatr\u00e4 f\u00f6r n\u00e5gra \u00e5r sedan. Br\u00f6t upp och flyttade om.<\/p>\n<p>Nu m\u00e5lar konstn\u00e4ren <a title=\"Kristina Wikstr\u00f6m, konstn\u00e4r\" href=\"http:\/\/www.kristinawikstrom.com\" target=\"_blank\" rel=\"noopener\">Kristina Wikstr\u00f6m<\/a> med kamerans hj\u00e4lp, kamerans och datorns. I bildhanteringsprogrammet Photoshop blir de fotograferade motiven plana ytor som st\u00e4lls mot varandra, oftast parvis, p\u00e5 ett f\u00e4rgvalt lager, svart, vitt, dovt gr\u00f6nt eller m\u00f6rkt bl\u00e5tt.<\/p>\n<p>\u2013 Jag fotograferar hur mycket som helst, s\u00e4ger Kristina Wikstr\u00f6m. Och innan en m\u00e5lning \u00e4r f\u00e4rdig s\u00e5 kan jag ha bollat runt hundratals olika ytor mot bakgrundsytan och innan de hittat sin r\u00e4tta placering.<\/p>\n<p><strong>P\u00e5 samma s\u00e4tt \u00e4r det viktigt att verken samarbetar med och mot varandra<\/strong> p\u00e5 <a title=\"Galleri Dag Andersson\" href=\"http:\/\/www.galleridagandersson.se\/start.html\" target=\"_blank\" rel=\"noopener\">Galleri Dag Anderssons<\/a> vita v\u00e4ggar. H\u00e4r h\u00e4nger elva verk, n\u00e5gra monterade p\u00e5 mdf-skiva, med vattrad yta. Andra \u00e4r verkligt stora och tunga glasskivor d\u00e4r bilderna ser ut att ha sm\u00e4lt in i glaset som ger en djupverkan. I det svarta skymtar bilderna, n\u00e5gra tydligare, andra kan bara anas. Hemlighetsfullt.<\/p>\n<p>Utst\u00e4llningen heter <em>De ma branche<\/em> och merparten av verken har franska titlar. Men s\u00e5 \u00e4r ocks\u00e5 utst\u00e4llningen ett resultat av en stipendieresa till Frankrike, d\u00e4r konstn\u00e4ren fotograferade milj\u00f6er n\u00e4ra atelj\u00e9n. M\u00e5nga portar och grindar varav n\u00e5gra dr\u00f6jer sig kvar i glaset som minnen, <em>Des souvenirs<\/em>, som ett av verken heter.<\/p>\n<p><strong>Och som minnen och dr\u00f6mmar \u00e4r bilderna sv\u00e5ra att f\u00e5nga,<\/strong> ytans glans speglar rummet och betraktaren.<\/p>\n<p>\u2013 D\u00e5 blir man ju sj\u00e4lv en del av bilden n\u00e4r man tittar p\u00e5 den, f\u00f6rklarar Kristina Wikstr\u00f6m.<\/p>\n<p>Det \u00e4r meningen. Sparsmakad konst som kr\u00e4ver att betraktaren med v\u00e4ntan och t\u00e5lamod tar sig in under ytan.<\/p>\n<p><em>Text och film: Ann-Charlotte Sandelin<\/em><\/p>\n<ul>\n<li>\n<h3>GALLERI DAG ANDERSSON<\/h3>\n<\/li>\n<li><em>19 mars \u2013 24 april 2011<\/em><strong><br \/>\nDe ma branche<br \/>\n<\/strong>Kristina Wikstr\u00f6m<\/li>\n<\/ul>\n","protected":false},"excerpt":{"rendered":"<p>NORRK\u00d6PING Digitalt m\u00e5leri ben\u00e4mner hon sin konst. Synbarligen enkel, tv\u00e5 rektanglar som balanseras p\u00e5 en yta. Sparsmakat. N\u00e4stan avvisande. Kr\u00e4vande. <a class=\"continue-reading-link\" href=\"https:\/\/www.kultursidan.nu\/?p=1239\">L\u00e4s mer <span class=\"meta-nav\">&rarr; <\/span><\/a><\/p>\n","protected":false},"author":1001006,"featured_media":0,"comment_status":"open","ping_status":"open","sticky":false,"template":"","format":"standard","meta":{"_jetpack_memberships_contains_paid_content":false,"footnotes":""},"categories":[7],"tags":[14],"class_list":["post-1239","post","type-post","status-publish","format-standard","hentry","category-norrkoping","tag-konst"],"jetpack_featured_media_url":"","jetpack_sharing_enabled":true,"_links":{"self":[{"href":"https:\/\/www.kultursidan.nu\/index.php?rest_route=\/wp\/v2\/posts\/1239","targetHints":{"allow":["GET"]}}],"collection":[{"href":"https:\/\/www.kultursidan.nu\/index.php?rest_route=\/wp\/v2\/posts"}],"about":[{"href":"https:\/\/www.kultursidan.nu\/index.php?rest_route=\/wp\/v2\/types\/post"}],"author":[{"embeddable":true,"href":"https:\/\/www.kultursidan.nu\/index.php?rest_route=\/wp\/v2\/users\/1001006"}],"replies":[{"embeddable":true,"href":"https:\/\/www.kultursidan.nu\/index.php?rest_route=%2Fwp%2Fv2%2Fcomments&post=1239"}],"version-history":[{"count":2,"href":"https:\/\/www.kultursidan.nu\/index.php?rest_route=\/wp\/v2\/posts\/1239\/revisions"}],"predecessor-version":[{"id":42796,"href":"https:\/\/www.kultursidan.nu\/index.php?rest_route=\/wp\/v2\/posts\/1239\/revisions\/42796"}],"wp:attachment":[{"href":"https:\/\/www.kultursidan.nu\/index.php?rest_route=%2Fwp%2Fv2%2Fmedia&parent=1239"}],"wp:term":[{"taxonomy":"category","embeddable":true,"href":"https:\/\/www.kultursidan.nu\/index.php?rest_route=%2Fwp%2Fv2%2Fcategories&post=1239"},{"taxonomy":"post_tag","embeddable":true,"href":"https:\/\/www.kultursidan.nu\/index.php?rest_route=%2Fwp%2Fv2%2Ftags&post=1239"}],"curies":[{"name":"wp","href":"https:\/\/api.w.org\/{rel}","templated":true}]}}