{"id":12394,"date":"2013-09-30T16:48:04","date_gmt":"2013-09-30T15:48:04","guid":{"rendered":"https:\/\/intelligent-friend-7861.standoutwp.com\/?p=12394"},"modified":"2017-09-27T10:00:30","modified_gmt":"2017-09-27T09:00:30","slug":"hemgardens-kuskbostad-och-stipendiater","status":"publish","type":"post","link":"https:\/\/www.kultursidan.nu\/?p=12394","title":{"rendered":"Hemg\u00e5rdens Kuskbostad och stipendiater"},"content":{"rendered":"<p><a title=\"H\u00e4sten tittar fram fr\u00e5n sin spilta. by Kultursidan, on Flickr\" href=\"http:\/\/www.flickr.com\/photos\/kultursidan\/10021337836\/\"><img loading=\"lazy\" decoding=\"async\" src=\"http:\/\/farm3.staticflickr.com\/2859\/10021337836_7efd086738.jpg\" alt=\"H\u00e4sten tittar fram fr\u00e5n sin spilta.\" width=\"500\" height=\"332\" \/><\/a><\/p>\n<p><i>Vad vore en kuskbostad utan h\u00e4st? Curt Gr\u00e4njefors har gjort sitt b\u00e4sta f\u00f6r att skapa stallk\u00e4nsla i Hemg\u00e5rdens gamla Kuskbostad.<br \/>\n<\/i><\/p>\n<p>&nbsp;<\/p>\n<h1><span style=\"color: #ff0000;\">Hemma hos en hyrkusk<\/span><\/h1>\n<p>&nbsp;<\/p>\n<p><b>Under Kulturnatten, vid ett bes\u00f6k p\u00e5 Hemg\u00e5rden, s\u00e5 uppt\u00e4ckte vi ett f\u00f6r oss ok\u00e4nt museum.<\/b> I det lilla gula huset i anslutning till Hemg\u00e5rden, och som p\u00e5 sitt \u00f6vre plan \u00e4r k\u00e4nt som B\u00f6rje Hjorts atelj\u00e9, \u00e4r ett museum \u201dg\u00f6mt\u201d!<\/p>\n<p>En skylt ovanf\u00f6r d\u00f6rren ber\u00e4ttar att det \u00e4r <i>Kuskbostaden<\/i> och d\u00e5 d\u00f6rren var \u00f6ppen s\u00e5 gjorde nyfikenheten att vi gick in till, vad som visar sig vara, ett Kuskmuseum.<\/p>\n<p><b>Vi togs emot av Curt Gr\u00e4njefors som m\u00e5nga k\u00e4nner fr\u00e5n Kyrkans museum p\u00e5 andra sidan Motala Str\u00f6m.<\/b> Det visar sig att Curt har iordningst\u00e4llt ett \u201dKuskens museum\u201d i den byggnad som uppf\u00f6rdes som brygghus p\u00e5 1760-talet men som 1876, efter en om och tillbyggnad, blev vagnshus, brygghus och kuskbostad f\u00f6r kusken Carl Gottfrid Carlsson.<\/p>\n<p>Den siste hyrkusken som verkade i Norrk\u00f6ping var Evald Fredriksson som avled 1981. Han \u00e4r k\u00e4nd av m\u00e5nga \u00e4ldre Norrk\u00f6pingsbor som fortfarande kommer ih\u00e5g honom. Bostadsdelen best\u00e5r av ett rum och k\u00f6k samt bagarstuga\/tv\u00e4ttstuga.<\/p>\n<p>&nbsp;<\/p>\n<p><a title=\"Eldstaden med br\u00f6dspade. by Kultursidan, on Flickr\" href=\"http:\/\/www.flickr.com\/photos\/kultursidan\/10021341416\/\"><img decoding=\"async\" src=\"http:\/\/farm4.staticflickr.com\/3818\/10021341416_965fb5e5a6.jpg\" alt=\"Eldstaden med br\u00f6dspade.\" width=\"400\" \/><\/a><br \/>\n<em> Eldstaden med br\u00f6dspade.<\/em><\/p>\n<p>&nbsp;<\/p>\n<p><b>Curt Gr\u00e4njefors har f\u00f6rs\u00f6kt illustrera h\u00e4stkuskens verksamhet i Norrk\u00f6ping under f\u00f6rsta delen av 1900-talet.<\/b> Och bilderna i museet visar p\u00e5 n\u00e5gra anv\u00e4ndningsomr\u00e5den f\u00f6r h\u00e4sttransporter. F\u00f6rem\u00e5len har skaffats fr\u00e5n olika h\u00e5ll, bland annat fr\u00e5n Curt Gr\u00e4njefors egna samlingar. Bilderna kommer fr\u00e5n Norrk\u00f6pings Stadsmuseum.<\/p>\n<p>Museet stod klart i september 2011 d\u00e5 det invigdes. Enligt uppgift \u00e4r museet \u00f6ppet sommartid men det \u00e4r os\u00e4kert om det finns med i n\u00e5gra f\u00f6rteckningar \u00f6ver sev\u00e4rdheter i Norrk\u00f6ping.<\/p>\n<p><b>Under Kulturnatten passade Hemg\u00e5rden p\u00e5 att dela ut stipendier till tre unga beg\u00e5vningar.<\/b> Malin Sv\u00e4rdmalm, Karl Sanner och Hannes Nystr\u00f6m Bennich fick under kulturnatten ta emot var sitt stipendium p\u00e5 8 000 kr fr\u00e5n Stig Pherssons stiftelse.<\/p>\n<p>Malin Sv\u00e4rdmalm som g\u00e5r p\u00e5 musikgymnasiet De Geer, spelar b\u00e5de fiol och nyckelharpa. Karl Sanner har setts p\u00e5 scen sedan 11-\u00e5rs\u00e5ldern p\u00e5 b\u00e5de \u00d6stg\u00f6tateatern och p\u00e5 Arbis och studerar nu p\u00e5 Balettakademien i G\u00f6teborg. Hannes Nystr\u00f6m Bennich f\u00f6rdjupar sig i jazzens v\u00e4rld p\u00e5 Lunnevads folkh\u00f6gskola.<\/p>\n<p><i>Text och bild: Sven \u00c5ke Molund<\/i><\/p>\n<p>&nbsp;<\/p>\n<p style=\"padding-left: 30px;\">L\u00c4NKAR<br \/>\nHemg\u00e5rden <a title=\"Hemg\u00e5rden\" href=\"http:\/\/www.hemgarden.com\/\" target=\"_blank\" rel=\"noopener\">hemsida <\/a><\/p>\n<p>FLER BILDER FR\u00c5N UTST\u00c4LLNINGEN \u2013 KLICKA<\/p>\n<p>[flickr-gallery mode=&#8221;photoset&#8221; photoset=&#8221;72157636052328966&#8243;]<\/p>\n<p>&nbsp;<\/p>\n","protected":false},"excerpt":{"rendered":"<p>NORRK\u00d6PING Den gamla kuskbostaden vid Hemg\u00e5rden \u00e4r ett av Norrk\u00f6pings m\u00e5nga sm\u00e5 museer. Under Kulturnatten guidade Curt Gr\u00e4njefors i det gula g\u00e5rdshuset. Samtidigt passade Hemg\u00e5rden p\u00e5 att dela ut stipendier till tre unga beg\u00e5vningar. <a class=\"continue-reading-link\" href=\"https:\/\/www.kultursidan.nu\/?p=12394\">L\u00e4s mer <span class=\"meta-nav\">&rarr; <\/span><\/a><\/p>\n","protected":false},"author":1001006,"featured_media":0,"comment_status":"closed","ping_status":"open","sticky":false,"template":"","format":"standard","meta":{"_jetpack_memberships_contains_paid_content":false,"footnotes":""},"categories":[7],"tags":[47],"class_list":["post-12394","post","type-post","status-publish","format-standard","hentry","category-norrkoping","tag-utstallning"],"jetpack_featured_media_url":"","jetpack_sharing_enabled":true,"_links":{"self":[{"href":"https:\/\/www.kultursidan.nu\/index.php?rest_route=\/wp\/v2\/posts\/12394","targetHints":{"allow":["GET"]}}],"collection":[{"href":"https:\/\/www.kultursidan.nu\/index.php?rest_route=\/wp\/v2\/posts"}],"about":[{"href":"https:\/\/www.kultursidan.nu\/index.php?rest_route=\/wp\/v2\/types\/post"}],"author":[{"embeddable":true,"href":"https:\/\/www.kultursidan.nu\/index.php?rest_route=\/wp\/v2\/users\/1001006"}],"replies":[{"embeddable":true,"href":"https:\/\/www.kultursidan.nu\/index.php?rest_route=%2Fwp%2Fv2%2Fcomments&post=12394"}],"version-history":[{"count":1,"href":"https:\/\/www.kultursidan.nu\/index.php?rest_route=\/wp\/v2\/posts\/12394\/revisions"}],"predecessor-version":[{"id":32640,"href":"https:\/\/www.kultursidan.nu\/index.php?rest_route=\/wp\/v2\/posts\/12394\/revisions\/32640"}],"wp:attachment":[{"href":"https:\/\/www.kultursidan.nu\/index.php?rest_route=%2Fwp%2Fv2%2Fmedia&parent=12394"}],"wp:term":[{"taxonomy":"category","embeddable":true,"href":"https:\/\/www.kultursidan.nu\/index.php?rest_route=%2Fwp%2Fv2%2Fcategories&post=12394"},{"taxonomy":"post_tag","embeddable":true,"href":"https:\/\/www.kultursidan.nu\/index.php?rest_route=%2Fwp%2Fv2%2Ftags&post=12394"}],"curies":[{"name":"wp","href":"https:\/\/api.w.org\/{rel}","templated":true}]}}