{"id":12467,"date":"2013-10-07T09:17:36","date_gmt":"2013-10-07T08:17:36","guid":{"rendered":"https:\/\/intelligent-friend-7861.standoutwp.com\/?p=12467"},"modified":"2013-10-21T16:50:39","modified_gmt":"2013-10-21T15:50:39","slug":"punk-for-fred-i-good-vibrations-recension","status":"publish","type":"post","link":"https:\/\/www.kultursidan.nu\/?p=12467","title":{"rendered":"Punk f\u00f6r fred i Good vibrations (recension)"},"content":{"rendered":"<p><a href=\"http:\/\/www.flickr.com\/photos\/kultursidan\/10133910145\/\" title=\"good_vibrations by Kultursidan, on Flickr\"><img loading=\"lazy\" decoding=\"async\" src=\"http:\/\/farm8.staticflickr.com\/7398\/10133910145_a0fe3da433.jpg\" width=\"500\" height=\"251\" alt=\"good_vibrations\"><\/a><\/p>\n<p><i>Gudfader. Terri Hooleys musiksatsning spred nya tankar i en stad fylld av hat.<\/i><\/p>\n<p>&nbsp;<\/p>\n<h1><span style=\"color: #ff0000;\">Feel-good blottar samh\u00e4llsproblem<\/span><\/h1>\n<p>&nbsp;<\/p>\n<p><b>Ytterligare en musikfilm, denna g\u00e5ng f\u00f6rlagd till 1970-talets minst sagt uppdelade Belfast d\u00e4r katoliker och protestanter \u00e4r bittra fiender.<\/b> D\u00e5 kl\u00e4cker dj:n (tillika med ospecificerad religionstillh\u00f6righet) Terri Hooley id\u00e9n om att \u00f6ppna en skivbutik med namnet Good Vibrations. Det utvecklar sig sedermera till ett litet indie-skivbolag och Terri utn\u00e4mns till att vara The Godfather of Punk. Visserligen med tilldragande ekonomiska skulder och ett begynnande krashat \u00e4ktenskap &#8230;<\/p>\n<p><b>Hans vision \u2013 om att sprida god musik vilket i sin tur sprider god st\u00e4mning \u2013 blir besannad;<\/b> slutscenen d\u00e4r Terri och hans g\u00e4ng anordnar en konsert, inte p\u00e5 lokala puben, utan fyller hela Ulster Hall med lokala punkband \u00e4r stark och full av smittande musikgl\u00e4dje som skiter i vad man r\u00f6star p\u00e5 eller till vilken kyrka man g\u00e5r i. Och Terri tronar sympatiskt p\u00e5 dess h\u00f6gs\u00e4te.<\/p>\n<p><i>Good vibrations<\/i> \u00e4r en feel-good film som blottar en djupare samh\u00e4llsproblematik p\u00e5 r\u00e4tt n\u00e4ra h\u00e5ll. Alltid fascinerande med Irland och aldrig fel med sk\u00f6n musik i filmtappning.<\/p>\n<p><i>Text: \u00c5sa Hus\u00e9n<br \/>\nFoto: Filmbolaget\/Flimmer<br \/>\n<\/i><\/p>\n<blockquote>\n<h3><em><b>FLIMMER Norrk\u00f6ping<\/b><b><\/b><\/em><\/h3>\n<p><em>6, 10 oktober 2013<\/em><br \/>\n<em> <b>Good vibrations <\/b>2012<\/em><br \/>\n<em> Drama\/musik<\/em><br \/>\n<em> Regi: Lisa Barros D&#8217;Sa &amp; Glenn Leyburn<\/em><\/p><\/blockquote>\n<p>&nbsp;<\/p>\n<p>L\u00c4NKAR<br \/>\nGood vibrations <a title=\"Imbd\" href=\"http:\/\/www.imdb.com\/title\/tt1920945\/?ref_=fn_al_tt_1 \" target=\"_blank\">Imbd <\/a><br \/>\nTerri Hooley <a title=\"Wikipedia\" href=\"http:\/\/en.wikipedia.org\/wiki\/Terri_Hooley \" target=\"_blank\">wiki <\/a><br \/>\nIntervju med Terri Hooley m fl <a title=\"YouTube\" href=\"http:\/\/www.youtube.com\/watch?v=2VJFrJA4v3Y\" target=\"_blank\">YouTube <\/a><br \/>\nFlimmer <a title=\"Flimmer\" href=\"http:\/\/flimmer.nu\" target=\"_blank\">hemsida<br \/>\n<\/a>Norrk\u00f6pings filmfestival Flimmer 2013\u00a0<a title=\"Norrk\u00f6pings filmfestival Flimmer 2013\" href=\"https:\/\/www.kultursidan.nu\/?p=12416\" target=\"_blank\">reportage<\/a> Kultursidan.nu 2\/10 2013<\/p>\n","protected":false},"excerpt":{"rendered":"<p>NORRK\u00d6PING Punkens Gudfader i 1970-talets Belfast skapade en musikscen som h\u00f6jde sig \u00f6ver religionsstriderna. Flimmer visar Good vibrations, en feel-good film som blottar en djupare samh\u00e4llsproblematik p\u00e5 r\u00e4tt n\u00e4ra h\u00e5ll. <a class=\"continue-reading-link\" href=\"https:\/\/www.kultursidan.nu\/?p=12467\">L\u00e4s mer <span class=\"meta-nav\">&rarr; <\/span><\/a><\/p>\n","protected":false},"author":1001006,"featured_media":0,"comment_status":"closed","ping_status":"open","sticky":false,"template":"","format":"standard","meta":{"_jetpack_memberships_contains_paid_content":false,"footnotes":""},"categories":[7],"tags":[29,38],"class_list":["post-12467","post","type-post","status-publish","format-standard","hentry","category-norrkoping","tag-festival","tag-film"],"jetpack_featured_media_url":"","jetpack_sharing_enabled":true,"_links":{"self":[{"href":"https:\/\/www.kultursidan.nu\/index.php?rest_route=\/wp\/v2\/posts\/12467","targetHints":{"allow":["GET"]}}],"collection":[{"href":"https:\/\/www.kultursidan.nu\/index.php?rest_route=\/wp\/v2\/posts"}],"about":[{"href":"https:\/\/www.kultursidan.nu\/index.php?rest_route=\/wp\/v2\/types\/post"}],"author":[{"embeddable":true,"href":"https:\/\/www.kultursidan.nu\/index.php?rest_route=\/wp\/v2\/users\/1001006"}],"replies":[{"embeddable":true,"href":"https:\/\/www.kultursidan.nu\/index.php?rest_route=%2Fwp%2Fv2%2Fcomments&post=12467"}],"version-history":[{"count":0,"href":"https:\/\/www.kultursidan.nu\/index.php?rest_route=\/wp\/v2\/posts\/12467\/revisions"}],"wp:attachment":[{"href":"https:\/\/www.kultursidan.nu\/index.php?rest_route=%2Fwp%2Fv2%2Fmedia&parent=12467"}],"wp:term":[{"taxonomy":"category","embeddable":true,"href":"https:\/\/www.kultursidan.nu\/index.php?rest_route=%2Fwp%2Fv2%2Fcategories&post=12467"},{"taxonomy":"post_tag","embeddable":true,"href":"https:\/\/www.kultursidan.nu\/index.php?rest_route=%2Fwp%2Fv2%2Ftags&post=12467"}],"curies":[{"name":"wp","href":"https:\/\/api.w.org\/{rel}","templated":true}]}}