{"id":1250,"date":"2011-03-20T09:37:09","date_gmt":"2011-03-20T07:37:09","guid":{"rendered":"https:\/\/intelligent-friend-7861.standoutwp.com\/?p=1250"},"modified":"2021-04-24T10:30:36","modified_gmt":"2021-04-24T09:30:36","slug":"arets-vinnarbilder-pa-stadsmuseet","status":"publish","type":"post","link":"https:\/\/www.kultursidan.nu\/?p=1250","title":{"rendered":"\u00c5rets vinnarbilder p\u00e5 Stadsmuseet"},"content":{"rendered":"<p><img loading=\"lazy\" decoding=\"async\" class=\"alignnone\" src=\"https:\/\/live.staticflickr.com\/5292\/5542366352_b69f4c78a2.jpg\" alt=\"Eva Andersson invigde\" width=\"500\" height=\"222\" \/><br \/>\n<em>Ett tu tre. Kultur- och fritidsn\u00e4mndens ordf\u00f6rande Eva Andersson invigde p\u00e5 ett klick!<\/em><\/p>\n<p>&nbsp;<\/p>\n<h1><span style=\"color: #ff0000;\">Ett \u00e5r i allm\u00e4nhetens intresse<br \/>\n<\/span><\/h1>\n<p>&nbsp;<\/p>\n<p><strong>2011 \u00e4r \u00e5ret d\u00e5 terrorn bes\u00f6kte Sverige.<\/strong> Fotot i vitt, r\u00f6tt och svart, av mannen som ville bli martyr i Stockholm, blev <em>\u00c5rets nyhetsbild<\/em> n\u00e4r t\u00e4vlingen <a title=\"\u00c5rets bild, t\u00e4vlingen\" href=\"http:\/\/www.aretsbild.se\/\" target=\"_blank\" rel=\"noopener\">\u00c5rets bild<\/a> avgjordes i V\u00e4rmekyrkan i fredags.<\/p>\n<p>\u00c5rets b\u00e4sta pressfoton \u00e4r inte bara bra bilder. De blir samtidigt en expos\u00e9 \u00f6ver \u00e5rets h\u00e4ndelser i Sverige och v\u00e4rlden, de som mer eller mindre ang\u00e5r oss alla. I l\u00f6rdags \u00f6ppnade utst\u00e4llningen <em>\u00c5rets bild 2011<\/em> p\u00e5 <a title=\"Norrk\u00f6pings stadsmuseum\" href=\"http:\/\/www.norrkoping.se\/kultur-fritid\/museer\/stadsmuseum\" target=\"_blank\" rel=\"noopener\">Norrk\u00f6pings Stadsmuseum<\/a>. Mer \u00e4n hundra foton, pristagarnas och n\u00e5gra till.<\/p>\n<p><strong>Eva Andersson, kommunalr\u00e5det som ocks\u00e5 \u00e4r <a title=\"Kultur- och fritidsn\u00e4mnden\" href=\"http:\/\/www.norrkoping.se\/organisation\/fortroendevalda\/namnder_detalj\/index.xml?id=kfn\" target=\"_blank\" rel=\"noopener\">Kultur- och fritidsn\u00e4mndens <\/a>ordf\u00f6rande<\/strong> invigde genom att ta en bild p\u00e5 alla som lyssnade p\u00e5 henne.<\/p>\n<p><em>Text: Ann-Charlotte Sandelin<br \/>\nFoto: Sven \u00c5ke Molund<\/em><\/p>\n<ul>\n<li>\n<h3>STADSMUSEET Norrk\u00f6ping<\/h3>\n<\/li>\n<li><em>19 mars \u2013 25 april 2011<\/em><strong><br \/>\n\u00c5rets bild 2011<\/strong><\/li>\n<\/ul>\n<p>N\u00c5GRA BILDER FR\u00c5N UTST\u00c4LLNINGEN<br \/>\n<img loading=\"lazy\" decoding=\"async\" class=\"alignnone\" src=\"https:\/\/live.staticflickr.com\/5175\/5541786277_475292c8a8.jpg\" alt=\"\u00c5rets Bild \u2013 Peter Wixstr\u00f6m\" width=\"500\" height=\"416\" \/><br \/>\n<img loading=\"lazy\" decoding=\"async\" class=\"alignnone\" src=\"https:\/\/live.staticflickr.com\/5014\/5542365234_d5ea9b4904_m.jpg\" alt=\"Vepa\" width=\"240\" height=\"159\" \/> <img loading=\"lazy\" decoding=\"async\" class=\"alignnone\" src=\"https:\/\/live.staticflickr.com\/5011\/5541785927_80baf176b9_m.jpg\" alt=\"Prominenta v\u00e4rdar\" width=\"240\" height=\"159\" \/><br \/>\n<img loading=\"lazy\" decoding=\"async\" class=\"alignnone\" src=\"https:\/\/live.staticflickr.com\/5299\/5541785407_4b4da51493_m.jpg\" alt=\"\u00c5rets portr\u00e4tt \u2013 Magnus Wennman\" width=\"218\" height=\"240\" \/> <img loading=\"lazy\" decoding=\"async\" class=\"alignnone\" src=\"https:\/\/live.staticflickr.com\/5297\/5541785333_31b395dca9_m.jpg\" alt=\"Bes\u00f6kare\" width=\"240\" height=\"210\" \/><br \/>\n<img loading=\"lazy\" decoding=\"async\" class=\"alignnone\" src=\"https:\/\/live.staticflickr.com\/5136\/5541785695_f64847c48f_m.jpg\" alt=\"\u00c5rets nyhetsbild utland \u2013 Paul Hansen\" width=\"240\" height=\"167\" \/> <img loading=\"lazy\" decoding=\"async\" class=\"alignnone\" src=\"https:\/\/live.staticflickr.com\/5172\/5541785543_2e8ba3529b_m.jpg\" alt=\"\u00c5rets nyhetsbild utland 2:a pris \u2013 Urban Andersson\" width=\"240\" height=\"159\" \/><br \/>\n<img loading=\"lazy\" decoding=\"async\" class=\"alignnone\" src=\"https:\/\/live.staticflickr.com\/5297\/5541786205_8a30971aa2_m.jpg\" alt=\"\u00c5rets sportbild action \u2013 Lasse Ottosson\" width=\"240\" height=\"160\" \/> <img loading=\"lazy\" decoding=\"async\" class=\"alignnone\" src=\"https:\/\/live.staticflickr.com\/5293\/5541785773_ae3d8e990d_m.jpg\" alt=\"\u00c5rets Naturbild \u2013 Axel \u00d6berg\" width=\"240\" height=\"170\" \/><br \/>\n<em>\u00c5rets Bild \u2013 Peter Wixstr\u00f6m.<\/em><br \/>\n<em>Utst\u00e4llningsvepan h\u00e4nger p\u00e5 Stadsmuseets skorsten. Prominenta v\u00e4rdar med museichef Peter Carelli i mitten.<\/em><br \/>\n<em>\u00c5rets portr\u00e4tt \u2013 Magnus Wennman. M\u00e5nga intresserade bes\u00f6kte invigningen.<\/em><br \/>\n<em>\u00c5rets nyhetsbild utland \u2013 Paul Hansen. \u00c5rets nyhetsbild utland 2:a pris \u2013 Urban Andersson.<\/em><br \/>\n<em>\u00c5rets sportbild action \u2013 Lasse Ottosson. \u00c5rets Naturbild \u2013 Axel \u00d6berg.<\/em><\/p>\n<ul>\n<li>\n<h3>Mer om \u00c5rets bild<\/h3>\n<\/li>\n<li><a title=\"Kultursidan 19\/3 2011\" href=\"https:\/\/www.kultursidan.nu\/?p=1244\" target=\"_blank\" rel=\"noopener\">\u00c5rets bild \u00e4r fotografernas Oscar! <\/a>Kultursidan 19\/3 2011<br \/>\n<a title=\"Kultursidan 17\/3 2011\" href=\"https:\/\/www.kultursidan.nu\/?p=1217\" target=\"_blank\" rel=\"noopener\">Invasion av fotoutst\u00e4llningar<\/a> Kultursidan 17\/3 2011<a title=\"Kultursidan 25\/2 2011\" href=\"https:\/\/www.kultursidan.nu\/?p=1107\" target=\"_blank\" rel=\"noopener\"><br \/>\nFredriks nyfikna \u00f6verrock<\/a> Kultursidan 25\/2 2011<\/li>\n<\/ul>\n","protected":false},"excerpt":{"rendered":"<p>NORRK\u00d6PING Minns \u00e5ret som gick. M\u00e5nga av de bilder som nu visas p\u00e5 Stadsmuseet kommer att stanna i v\u00e5rt medvetande l\u00e4nge. F\u00f6rhoppningsvis inte bara Sveriges f\u00f6rsta sj\u00e4lvmordsbombare, en studie i svart, r\u00f6tt och vitt. <a class=\"continue-reading-link\" href=\"https:\/\/www.kultursidan.nu\/?p=1250\">L\u00e4s mer <span class=\"meta-nav\">&rarr; <\/span><\/a><\/p>\n","protected":false},"author":1001006,"featured_media":0,"comment_status":"open","ping_status":"open","sticky":false,"template":"","format":"standard","meta":{"_jetpack_memberships_contains_paid_content":false,"footnotes":""},"categories":[7],"tags":[17],"class_list":["post-1250","post","type-post","status-publish","format-standard","hentry","category-norrkoping","tag-foto"],"jetpack_featured_media_url":"","jetpack_sharing_enabled":true,"_links":{"self":[{"href":"https:\/\/www.kultursidan.nu\/index.php?rest_route=\/wp\/v2\/posts\/1250","targetHints":{"allow":["GET"]}}],"collection":[{"href":"https:\/\/www.kultursidan.nu\/index.php?rest_route=\/wp\/v2\/posts"}],"about":[{"href":"https:\/\/www.kultursidan.nu\/index.php?rest_route=\/wp\/v2\/types\/post"}],"author":[{"embeddable":true,"href":"https:\/\/www.kultursidan.nu\/index.php?rest_route=\/wp\/v2\/users\/1001006"}],"replies":[{"embeddable":true,"href":"https:\/\/www.kultursidan.nu\/index.php?rest_route=%2Fwp%2Fv2%2Fcomments&post=1250"}],"version-history":[{"count":2,"href":"https:\/\/www.kultursidan.nu\/index.php?rest_route=\/wp\/v2\/posts\/1250\/revisions"}],"predecessor-version":[{"id":42800,"href":"https:\/\/www.kultursidan.nu\/index.php?rest_route=\/wp\/v2\/posts\/1250\/revisions\/42800"}],"wp:attachment":[{"href":"https:\/\/www.kultursidan.nu\/index.php?rest_route=%2Fwp%2Fv2%2Fmedia&parent=1250"}],"wp:term":[{"taxonomy":"category","embeddable":true,"href":"https:\/\/www.kultursidan.nu\/index.php?rest_route=%2Fwp%2Fv2%2Fcategories&post=1250"},{"taxonomy":"post_tag","embeddable":true,"href":"https:\/\/www.kultursidan.nu\/index.php?rest_route=%2Fwp%2Fv2%2Ftags&post=1250"}],"curies":[{"name":"wp","href":"https:\/\/api.w.org\/{rel}","templated":true}]}}