{"id":12528,"date":"2013-10-14T17:35:58","date_gmt":"2013-10-14T16:35:58","guid":{"rendered":"https:\/\/intelligent-friend-7861.standoutwp.com\/?p=12528"},"modified":"2013-10-21T17:08:00","modified_gmt":"2013-10-21T16:08:00","slug":"god-stamning-pa-lanets-bokmassa-2013","status":"publish","type":"post","link":"https:\/\/www.kultursidan.nu\/?p=12528","title":{"rendered":"God st\u00e4mning p\u00e5 l\u00e4nets bokm\u00e4ssa 2013"},"content":{"rendered":"<p><a href=\"http:\/\/www.flickr.com\/photos\/kultursidan\/10272257103\/\" title=\"Joel Miller trivdes med tillstr\u00f6mningen, &quot;man hinner prata med folk&quot;. by Kultursidan, on Flickr\"><img loading=\"lazy\" decoding=\"async\" src=\"http:\/\/farm8.staticflickr.com\/7407\/10272257103_c8a81840fa.jpg\" width=\"500\" height=\"333\" alt=\"Joel Miller trivdes med tillstr\u00f6mningen, &quot;man hinner prata med folk&quot;.\"><\/a><\/p>\n<p><i>M\u00f6tet med publiken. Det \u00e4r d\u00e4rf\u00f6r Joel Miller deltar i m\u00e4ssan och visar upp sina naturb\u00f6cker.<\/i><\/p>\n<p>&nbsp;<\/p>\n<h1><span style=\"color: #ff0000;\">B\u00f6cker till salu p\u00e5 biblioteket<\/span><\/h1>\n<p>&nbsp;<\/p>\n<p><b>\u2013 Det \u00e4r trevligt, man h\u00e4lsar p\u00e5 folk och s\u00e5 byter vi b\u00f6cker med varandra, kolleger emellan.<\/b> F\u00f6rfattaren Titti Knutsson st\u00e5r tillsammans med v\u00e4nnerna i den informella f\u00f6reningen Barnboksmakarna i \u00d6sterg\u00f6tland en trappa upp i Stadsbiblioteket i Link\u00f6ping. Titti Knutsson kan r\u00e4knas som Norrk\u00f6pingsf\u00f6rfattare sedan ett \u00e5r tillbaka. V\u00e4nnerna \u00e4r deckarf\u00f6rfattaren Ann-Mari Tormalm och Katarina Genar. Den senare \u00e4r visserligen hemmah\u00f6rande i Link\u00f6ping men hon har l\u00e5nat namnet p\u00e5 en stadsdel i Norrk\u00f6ping till sin barnbok <i>Pensionat Vidablicks g\u00e5ta<\/i>.<\/p>\n<p>\u2013 Min mormor bodde p\u00e5 Nygatan i Norrk\u00f6ping och jag s\u00e5g namnet p\u00e5 sp\u00e5rvagnen m\u00e5nga g\u00e5nger, det var s\u00e5 poetiskt.<\/p>\n<p><b>F\u00f6r andra \u00e5ret i rad genomf\u00f6rs \u00d6sterg\u00f6tlands bokm\u00e4ssa och det m\u00e4rks att arrang\u00f6rerna tr\u00e4ffat r\u00e4tt.<\/b> Det litter\u00e4ra \u00d6sterg\u00f6tland \u00e4r livaktigt och gillar att komma ut och m\u00f6ta s\u00e5v\u00e4l publik som likasinnade. H\u00e4r finns mycket att se oavsett om man \u00e4r intresserad av att l\u00e4sa om knypplade spetsar fr\u00e5n Vadstena eller dagsaktuell politik. Och det \u00e4r l\u00e4tt att st\u00f6ta p\u00e5 n\u00e5gon bekant i m\u00e4ngden.<\/p>\n<p>En dam fr\u00e5n ideella f\u00f6reningen Barnbokens v\u00e4nner g\u00f6r reklam f\u00f6r f\u00f6reningens verksamhet f\u00f6r att fr\u00e4mja barns l\u00e4sning. Bland annat f\u00e5r alla nyf\u00f6dda barn i Link\u00f6ping en bok, en antologi.<\/p>\n<p>\u2013 Vi \u00e4r den enda f\u00f6reningen i landet som arbetar s\u00e5 h\u00e4r, s\u00e4ger hon uppfordrande.<\/p>\n<p>&nbsp;<\/p>\n<p><a title=\"Jonna Bj\u00f6rnstjerna har hittills gjort tre b\u00f6cker om familjen Kanin. Dessutom \u00e4r hon etablerad barnboksillustrat\u00f6r. by Kultursidan, on Flickr\" href=\"http:\/\/www.flickr.com\/photos\/kultursidan\/10272145856\/\"><img decoding=\"async\" alt=\"Jonna Bj\u00f6rnstjerna har hittills gjort tre b\u00f6cker om familjen Kanin. Dessutom \u00e4r hon etablerad barnboksillustrat\u00f6r.\" src=\"http:\/\/farm9.staticflickr.com\/8415\/10272145856_8d77950b6a.jpg\" width=\"400\" \/><\/a><br \/>\n<em> Jonna Bj\u00f6rnstjerna har hittills gjort tre b\u00f6cker om familjen Kanin. Dessutom \u00e4r hon etablerad barnboksillustrat\u00f6r.<\/em><\/p>\n<p>&nbsp;<\/p>\n<p><b>Norrk\u00f6pingsanknytningar \u00e4r det gott om p\u00e5 m\u00e4ssan och jag hittar de flesta.<\/b> Serietecknaren och barnboksf\u00f6rfattaren Jonna Bj\u00f6rnstjerna har flyttat hem efter fem studie\u00e5r i London. Hon visar b\u00e5de sina egna b\u00f6cker om <i>Familjen Kanin<\/i> och andra b\u00f6cker d\u00e4r hon st\u00e5r f\u00f6r illustrationerna.<\/p>\n<p>\u2013 Det \u00e4r faktiskt flera barn som bes\u00f6ker m\u00e4ssan och n\u00e5gra k\u00e4nner till mina b\u00f6cker. Det \u00e4r roligt.<\/p>\n<p>I n\u00e4rheten har Melker Garay gjort som s\u00e5 m\u00e5nga andra, dukat bordet fullt med hela sin utgivning, b\u00f6cker med h\u00e5rda p\u00e4rmar och svarta omslag. Det har ocks\u00e5 Joel Miller som f\u00e5tt kanske smalaste utrymmet, d\u00e4r g\u00e5r inte att sitta bakom bordet. Men i geng\u00e4ld utnyttjar han v\u00e4ggen till sina fotografiska naturstudier. Hans b\u00f6cker handlar om m\u00f6ten i skog och mark med kameran i handen. Till salu f\u00f6r en hundralapp.<\/p>\n<p><b>Konstn\u00e4ren \u00c5ke Bjurhamn st\u00e5r tillsammans med poeten Yvonne Andersson.<\/b> De l\u00e4rde k\u00e4nna varandra p\u00e5 f\u00f6rra \u00e5rets bokm\u00e4ssa och ger nu ut <i>Madonnans dr\u00f6m<\/i>, med hans m\u00e5lningar och hennes texter.<\/p>\n<p>\u2013 Jag skriver p\u00e5 olika s\u00e4tt, inifr\u00e5n och ut n\u00e4r jag skriver helt mitt eget. Och utifr\u00e5n och in till \u00c5kes bilder, s\u00e4ger Yvonne och visar ett uppslag med en f\u00e4rgsprakande m\u00e5lning p\u00e5 ena sidan och en dikt som startar i en koltrast p\u00e5 den andra sidan.<\/p>\n<p>&nbsp;<\/p>\n<p><a title=\"Emelie Schepp satsade p\u00e5 ett riktigt m\u00e4sspris \u2013 och s\u00e5lde bra. D\u00e4rmed beredde hon v\u00e4gen f\u00f6r ett v\u00e4xande intresse f\u00f6r uppf\u00f6ljaren till M\u00e4rkta f\u00f6r livet. by Kultursidan, on Flickr\" href=\"http:\/\/www.flickr.com\/photos\/kultursidan\/10272256483\/\"><img decoding=\"async\" alt=\"Emelie Schepp satsade p\u00e5 ett riktigt m\u00e4sspris \u2013 och s\u00e5lde bra. D\u00e4rmed beredde hon v\u00e4gen f\u00f6r ett v\u00e4xande intresse f\u00f6r uppf\u00f6ljaren till M\u00e4rkta f\u00f6r livet.\" src=\"http:\/\/farm3.staticflickr.com\/2806\/10272256483_cb04dabf6c.jpg\" width=\"400\" \/><\/a><br \/>\n<em>Emelie Schepp satsade p\u00e5 ett riktigt m\u00e4sspris \u2013 och s\u00e5lde bra. D\u00e4rmed beredde hon v\u00e4gen f\u00f6r uppf\u00f6ljaren till M\u00e4rkta f\u00f6r livet.<\/em><\/p>\n<p>&nbsp;<\/p>\n<p><b>Kriminalf\u00f6rfattaren Emelie Schepp kan konsten att s\u00e4lja.<\/b> Hon sitter helt n\u00e4ra entr\u00e9n invid en h\u00f6g cirkel med b\u00f6cker i pocketformat. M\u00e4sspriset 29 kronor lockar, liksom omslaget och titeln <i>M\u00e4rkta f\u00f6r livet<\/i> som signalerar sp\u00e4nningsl\u00e4sning. Det \u00e4r inte m\u00e5nga minuter hon sitter ledig och h\u00f6gen med b\u00f6cker sjunker. Dessutom har hon ansvarat f\u00f6r en av m\u00e4ssans m\u00e5nga programpunkter, ett mer \u00e4n v\u00e4lbes\u00f6kt seminarium om att ge ut p\u00e5 eget f\u00f6rlag och om f\u00f6rfattaren som varum\u00e4rke.<\/p>\n<p>Strax intill st\u00e5r Helen Engstr\u00f6m, f\u00f6rl\u00e4ggare med inriktning p\u00e5 utbildningslitteratur i litet format. B\u00f6cker som inte tar stor plats, trevligt formgivna. \u201dKunskap p\u00e5 nolltid\u201d \u00e4r hennes fyndiga slogan.<\/p>\n<p>\u2013 Min nisch \u00e4r l\u00e4rare som l\u00e4r ut det de \u00e4r experter p\u00e5. Att skriva och ge ut en bok f\u00f6rst\u00e4rker dem och deras \u00e4mnen.<\/p>\n<p><b>Det kommer hela tiden en smal str\u00f6m med folk in genom entr\u00e9n. <\/b>\u00c5sa Hus\u00e9n v\u00e4rmer sig med t\u00e9 vid kulturproducenten Popsis bord och \u00f6nskar att publiken kom gruppvis och att d\u00f6rrarna st\u00e4ngdes d\u00e4remellan. Annars \u00e4r hon n\u00f6jd med dagen.<\/p>\n<p>\u2013 Det \u00e4r intressant att se hur folk stannar till om det redan st\u00e5r n\u00e5gon annan bes\u00f6kare. Jag har s\u00e5lt b\u00e5de av min egen diktsamling och s\u00e5 b\u00f6cker av Marcus Birro, s\u00e4ger \u00c5sa Hus\u00e9n.<\/p>\n<p><i>Text och foto: Ann-Charlotte Sandelin<\/i><\/p>\n<p>&nbsp;<\/p>\n<blockquote>\n<h3><em>STADSBIBLIOTEKET Link\u00f6ping<\/em><\/h3>\n<p>12 oktober 2013<em><br \/>\n<b>\u00d6sterg\u00f6tlands bokm\u00e4ssa<br \/>\n<\/b>ARR: Link\u00f6pings stadsbibliotek, Dibb f\u00f6rlag<\/em><\/p><\/blockquote>\n<p>&nbsp;<\/p>\n<p>L\u00c4NKAR<br \/>\n\u00d6sterg\u00f6tlands bokm\u00e4ssa <a title=\"\u00d6sterg\u00f6tlands bokm\u00e4ssa\" href=\"http:\/\/www.ostergotlandsbokmassa.se\" target=\"_blank\">hemsida<\/a><br \/>\nNorrk\u00f6pings starka lag till bokm\u00e4ssan\u00a0<a title=\"Norrk\u00f6pings starka lag till bokm\u00e4ssan\" href=\"https:\/\/www.kultursidan.nu\/?p=12203\" target=\"_blank\">reportage<\/a> Kultursidan.nu 17\/9 2013<\/p>\n<p>FLER BILDER FR\u00c5N BOKM\u00c4SSAN \u2013 KLICKA<\/p>\n<p>[flickr-gallery mode=&#8221;photoset&#8221; photoset=&#8221;72157636547857923&#8243;]<\/p>\n","protected":false},"excerpt":{"rendered":"<p>LINK\u00d6PING \u00d6sterg\u00f6tlands bokm\u00e4ssa fyllde entr\u00e9n och de \u00f6vre korridorerna p\u00e5 stora biblioteket i Link\u00f6ping. Uppslutningen fr\u00e5n Norrk\u00f6ping var god och f\u00f6rfattare och f\u00f6rl\u00e4ggare trivdes med st\u00e4mningen och en j\u00e4mn publikstr\u00f6m. <a class=\"continue-reading-link\" href=\"https:\/\/www.kultursidan.nu\/?p=12528\">L\u00e4s mer <span class=\"meta-nav\">&rarr; <\/span><\/a><\/p>\n","protected":false},"author":1001006,"featured_media":0,"comment_status":"closed","ping_status":"open","sticky":false,"template":"","format":"standard","meta":{"_jetpack_memberships_contains_paid_content":false,"footnotes":""},"categories":[55,64,7,1],"tags":[54,16],"class_list":["post-12528","post","type-post","status-publish","format-standard","hentry","category-linkoping","category-litteratur-2","category-norrkoping","category-okategoriserade","tag-evenemang","tag-litteratur"],"jetpack_featured_media_url":"","jetpack_sharing_enabled":true,"_links":{"self":[{"href":"https:\/\/www.kultursidan.nu\/index.php?rest_route=\/wp\/v2\/posts\/12528","targetHints":{"allow":["GET"]}}],"collection":[{"href":"https:\/\/www.kultursidan.nu\/index.php?rest_route=\/wp\/v2\/posts"}],"about":[{"href":"https:\/\/www.kultursidan.nu\/index.php?rest_route=\/wp\/v2\/types\/post"}],"author":[{"embeddable":true,"href":"https:\/\/www.kultursidan.nu\/index.php?rest_route=\/wp\/v2\/users\/1001006"}],"replies":[{"embeddable":true,"href":"https:\/\/www.kultursidan.nu\/index.php?rest_route=%2Fwp%2Fv2%2Fcomments&post=12528"}],"version-history":[{"count":0,"href":"https:\/\/www.kultursidan.nu\/index.php?rest_route=\/wp\/v2\/posts\/12528\/revisions"}],"wp:attachment":[{"href":"https:\/\/www.kultursidan.nu\/index.php?rest_route=%2Fwp%2Fv2%2Fmedia&parent=12528"}],"wp:term":[{"taxonomy":"category","embeddable":true,"href":"https:\/\/www.kultursidan.nu\/index.php?rest_route=%2Fwp%2Fv2%2Fcategories&post=12528"},{"taxonomy":"post_tag","embeddable":true,"href":"https:\/\/www.kultursidan.nu\/index.php?rest_route=%2Fwp%2Fv2%2Ftags&post=12528"}],"curies":[{"name":"wp","href":"https:\/\/api.w.org\/{rel}","templated":true}]}}