{"id":12537,"date":"2013-10-15T12:08:08","date_gmt":"2013-10-15T11:08:08","guid":{"rendered":"https:\/\/intelligent-friend-7861.standoutwp.com\/?p=12537"},"modified":"2019-02-22T11:19:39","modified_gmt":"2019-02-22T10:19:39","slug":"fargstarka-foton-fran-paris-pa-np33-recension","status":"publish","type":"post","link":"https:\/\/www.kultursidan.nu\/?p=12537","title":{"rendered":"F\u00e4rgstarka foton fr\u00e5n Paris p\u00e5 NP33 (recension)"},"content":{"rendered":"<p><a title=\"IMG_0534 by Kultursidan, on Flickr\" href=\"http:\/\/www.flickr.com\/photos\/kultursidan\/10288049104\/\"><img loading=\"lazy\" decoding=\"async\" src=\"http:\/\/farm6.staticflickr.com\/5482\/10288049104_ce2ac632f5.jpg\" alt=\"IMG_0534\" width=\"500\" height=\"347\" \/><\/a><br \/>\n<i>The last supper av Hel\u00e9na Adelmann. Man f\u00e5r k\u00e4nslan av att hon st\u00e5r utanf\u00f6r ljusets cirkel och tjuvkikar p\u00e5 restaurangg\u00e4sterna.<br \/>\n<\/i><\/p>\n<p>&nbsp;<\/p>\n<h1><span style=\"color: #ff0000;\">M\u00e5leriskt fotografi<\/span><\/h1>\n<p>&nbsp;<\/p>\n<p><b>Hel\u00e9na Adelmann har ett \u00f6ga f\u00f6r att komponera sk\u00f6nhet.<\/b> Varje enstaka fotografi hon visar i det rum med om\u00e5lade r\u00e5spontv\u00e4ggar som galleri NP33 nyligen tagit i anspr\u00e5k \u00e4r mycket vackert. F\u00e4rgerna \u00e4r starka, ljus speglar sig i vattnet och symmetri \u00e4r s\u00e5 viktigt att hon leker med Louvrens glaspyramid s\u00e5 att \u00f6gat luras att tro att hon spegelv\u00e4nt bilden \u2013 vilket hon inte gjort.<\/p>\n<p>&nbsp;<\/p>\n<p><a title=\"IMG_0544 by Kultursidan, on Flickr\" href=\"http:\/\/www.flickr.com\/photos\/kultursidan\/10288044954\/\"><img decoding=\"async\" src=\"http:\/\/farm4.staticflickr.com\/3733\/10288044954_6bccb2c8bc.jpg\" alt=\"IMG_0544\" width=\"400\" \/><\/a><\/p>\n<p><em>Det ser dunklare ut \u00e4n det \u00e4r i rummet d\u00e4r Hel\u00e9na Adelmanns utst\u00e4llning visas.<\/em><\/p>\n<p>&nbsp;<\/p>\n<p><b>Utan fotografen till hands f\u00f6r att fr\u00e5ga, f\u00f6r fr\u00e5gor uppst\u00e5r, om var fotograferandet upph\u00f6r och bildbearbetning tar vid, m\u00e5ste jag stanna vid bilderna.<\/b> Hon har dock l\u00e4mnat kvar en broschyr med text om utst\u00e4llningen <i>To Paris with love \u2013 Ett \u00e5r i Paris<\/i>. D\u00e4r hon f\u00f6rklarar sin k\u00e4rlek till staden: Montmartre, Jardin du Luxembourg, Montparnasse, Parc du Monceau.<\/p>\n<p>P\u00e5 fotografens engelskspr\u00e5kiga hemsida visas ett stort urval fotografier fr\u00e5n Paris (samt andra fotoprojekt) som alla har ett gemensamt \u2013 Hel\u00e9na Adelmanns \u00f6ga f\u00f6r att uppfatta \u00f6gonblicket och komponera sin bild.\u00a0 Utst\u00e4llningen p\u00e5 NP33 visar endast ett mindre urval \u2013 \u00e5tta fotografier p\u00e5 h\u00f6gkvalitativt fotopapper.<\/p>\n<p>&nbsp;<\/p>\n<p><a title=\"IMG_0541 by Kultursidan, on Flickr\" href=\"http:\/\/www.flickr.com\/photos\/kultursidan\/10288277723\/\"><img decoding=\"async\" src=\"http:\/\/farm6.staticflickr.com\/5499\/10288277723_6db9b0cc0e.jpg\" alt=\"IMG_0541\" width=\"400\" \/><\/a><br \/>\n<em> Detalj ur The last supper.<\/em><\/p>\n<p>&nbsp;<\/p>\n<p><b>F\u00e4rgerna \u00e4r starka, n\u00e4stan upplyfta och en omsorg om detaljerna som sammantaget ger ett m\u00e5leriskt intryck.<\/b> Bilderna ger ett kvardr\u00f6jande intryck, n\u00e5got annat ord kan jag inte finna.<\/p>\n<p>N\u00e4r man detaljstuderar <i>Parisian square<\/i> ser man hur vattnet i font\u00e4nen frusit i bilden, l\u00f6ven skjuter gr\u00f6na och r\u00f6da pilar i dunklet. Medan m\u00e4nniskornas r\u00f6relser mjukas upp i <i>The last supper<\/i>, d\u00e4r k\u00e4nslan av att hon tjuvkikar p\u00e5 restaurangg\u00e4sterna inne i ljuset blir som starkast. Fotografi med ljusstarka objektiv i skymningen eller t\u00e5lmodigt arbete i datorprogrammets filter? Nog blir jag nyfiken.<\/p>\n<p><b>Resultat \u00e4r bilder med sk\u00f6nhet och en kvardr\u00f6jande blick p\u00e5 det Paris som var, trots att det fortfarande \u00e4r.<\/b> Det \u00e4r nostalgi av stora m\u00e5tt, men inte bara. Hon f\u00f6rmedlar \u00e4ven en personlig relation till turisternas och Parisarnas stad. Hel\u00e9na Adelmann \u00e4r bosatt i \u00c5by.<\/p>\n<p><i>Text och foto: Ann-Charlotte Sandelin<br \/>\n<\/i><\/p>\n<blockquote>\n<h3><em>NP33 Norrk\u00f6ping<\/em><\/h3>\n<p>28 september \u2013 20 oktober 2013<em><br \/>\n<b>To Paris with love \u2013 Ett \u00e5r i Paris<br \/>\n<\/b>Hel\u00e9na Adelmann<b><br \/>\n<\/b>Fotografi<\/em><\/p><\/blockquote>\n<p>&nbsp;<\/p>\n<p>L\u00c4NKAR<br \/>\nHel\u00e9na Adelmann <a title=\"Hel\u00e9na Adelmann\" href=\"http:\/\/adelmannphotoart.com\" target=\"_blank\" rel=\"noopener noreferrer\">hemsida <\/a><br \/>\nNP33 <a title=\"NP33\" href=\"http:\/\/www.np33.se\" target=\"_blank\" rel=\"noopener noreferrer\">hemsida<\/a><\/p>\n<p>FLER BILDER FR\u00c5N UTST\u00c4LLNINGEN \u2013 KLICKA<\/p>\n<p><a data-flickr-embed='true' href='https:\/\/www.flickr.com\/photos\/kultursidan\/sets\/72157636577183796' title='Hel\u00e9na Adelmann, NP33 by Kultursidan, on Flickr'><img src='https:\/\/live.staticflickr.com\/5482\/10288049104_ce2ac632f5_z.jpg' width='800' height='600' alt='IMG_0534'><\/a><script async src='https:\/\/embedr.flickr.com\/assets\/client-code.js' charset='utf-8'><\/script><\/p>\n","protected":false},"excerpt":{"rendered":"<p>NORRK\u00d6PING P\u00e5 n\u00e5gra f\u00e5 \u00e5r har Hel\u00e9na Adelmann utvecklat sitt fotograferande. P\u00e5 NP33 visar hon bilder fr\u00e5n ett \u00e5rs str\u00f6vt\u00e5g i Paris. Det \u00e4r sig likt, bara mer f\u00e4rgstarkt, innerligare, och med kvardr\u00f6jande detaljstudier. <a class=\"continue-reading-link\" href=\"https:\/\/www.kultursidan.nu\/?p=12537\">L\u00e4s mer <span class=\"meta-nav\">&rarr; <\/span><\/a><\/p>\n","protected":false},"author":1001006,"featured_media":0,"comment_status":"closed","ping_status":"open","sticky":false,"template":"","format":"standard","meta":{"_jetpack_memberships_contains_paid_content":false,"footnotes":""},"categories":[7],"tags":[17],"class_list":["post-12537","post","type-post","status-publish","format-standard","hentry","category-norrkoping","tag-foto"],"jetpack_featured_media_url":"","jetpack_sharing_enabled":true,"_links":{"self":[{"href":"https:\/\/www.kultursidan.nu\/index.php?rest_route=\/wp\/v2\/posts\/12537","targetHints":{"allow":["GET"]}}],"collection":[{"href":"https:\/\/www.kultursidan.nu\/index.php?rest_route=\/wp\/v2\/posts"}],"about":[{"href":"https:\/\/www.kultursidan.nu\/index.php?rest_route=\/wp\/v2\/types\/post"}],"author":[{"embeddable":true,"href":"https:\/\/www.kultursidan.nu\/index.php?rest_route=\/wp\/v2\/users\/1001006"}],"replies":[{"embeddable":true,"href":"https:\/\/www.kultursidan.nu\/index.php?rest_route=%2Fwp%2Fv2%2Fcomments&post=12537"}],"version-history":[{"count":1,"href":"https:\/\/www.kultursidan.nu\/index.php?rest_route=\/wp\/v2\/posts\/12537\/revisions"}],"predecessor-version":[{"id":40355,"href":"https:\/\/www.kultursidan.nu\/index.php?rest_route=\/wp\/v2\/posts\/12537\/revisions\/40355"}],"wp:attachment":[{"href":"https:\/\/www.kultursidan.nu\/index.php?rest_route=%2Fwp%2Fv2%2Fmedia&parent=12537"}],"wp:term":[{"taxonomy":"category","embeddable":true,"href":"https:\/\/www.kultursidan.nu\/index.php?rest_route=%2Fwp%2Fv2%2Fcategories&post=12537"},{"taxonomy":"post_tag","embeddable":true,"href":"https:\/\/www.kultursidan.nu\/index.php?rest_route=%2Fwp%2Fv2%2Ftags&post=12537"}],"curies":[{"name":"wp","href":"https:\/\/api.w.org\/{rel}","templated":true}]}}