{"id":12562,"date":"2013-10-17T16:45:19","date_gmt":"2013-10-17T15:45:19","guid":{"rendered":"https:\/\/intelligent-friend-7861.standoutwp.com\/?p=12562"},"modified":"2016-09-08T12:47:49","modified_gmt":"2016-09-08T11:47:49","slug":"konstmuseets-nya-vangava","status":"publish","type":"post","link":"https:\/\/www.kultursidan.nu\/?p=12562","title":{"rendered":"Konstmuseets nya v\u00e4ng\u00e5va"},"content":{"rendered":"<p><iframe loading=\"lazy\" src=\"https:\/\/www.flickr.com\/photos\/kultursidan\/10326035903\/player\/\" width=\"500\" height=\"329\" frameborder=\"0\" allowfullscreen=\"allowfullscreen\"><\/iframe><\/p>\n<p><i>Anders Wickstr\u00f6m presenterar stolt&#8230;<\/i><\/p>\n<p>&nbsp;<\/p>\n<h1><span style=\"color: #ff0000;\">&#8221;Man vill komma in tidigt i n\u00e5gons konstkarri\u00e4r&#8221;<\/span><\/h1>\n<p>&nbsp;<\/p>\n<p><b>\u2013 Det handlar om att berika konstlivet och museet, ber\u00e4ttar Anders Wickstr\u00f6m,<\/b> <b>ordf\u00f6rande f\u00f6r Konstmuseets v\u00e4nner.<\/b> Planeringen av g\u00e5van till 100-\u00e5rsfirande Konstmuseet b\u00f6rjade f\u00f6r ett \u00e5r sedan och nu st\u00e5r det f\u00e4rdigt; en \u00f6ppen kommunikation f\u00f6r den som vill uppt\u00e4cka och ta emot konsten.<\/p>\n<p>\u2013 Man hoppas att f\u00e5 komma in tidigt n\u00e5gons konstkarri\u00e4r, s\u00e4ger Anders Wickstr\u00f6m om valet av g\u00e5va. Han syftar inte enbart p\u00e5 att det blir lite billigare d\u00e5 utan ocks\u00e5 p\u00e5 gl\u00e4djen i att tidigt uppt\u00e4cka en konstn\u00e4r som f\u00e5r betydelse f\u00f6r sin samtid.<\/p>\n<p>&nbsp;<\/p>\n<p><iframe loading=\"lazy\" src=\"https:\/\/www.flickr.com\/photos\/kultursidan\/10325874275\/player\/\" width=\"400\" height=\"280\" frameborder=\"0\" allowfullscreen=\"allowfullscreen\"><\/iframe><br \/>\n\u2026 <em>Charlotte Gyllenhammars Pojke.<\/em><\/p>\n<p>&nbsp;<\/p>\n<p><b>Det \u00e4r flera timmar kvar till onsdagskv\u00e4llens h\u00f6gtidlighet men Anders Wickstr\u00f6m lyfter \u00e4nd\u00e5 p\u00e5 det svarta tygstycket som t\u00e4cker det nya ink\u00f6pet.<\/b> Ett verk, gjutet i jesmonite, st\u00e5r p\u00e5 golvet. Det f\u00f6rest\u00e4ller, i alla sina detaljer, ett barn som sitter med ryggen v\u00e4nd mot \u00e5sk\u00e5daren. Man ser inte ansiktet.<\/p>\n<p><i>Pojke<\/i> \u00e4r ett verk av Charlotte Gyllenhammar och man kan k\u00e4nna igen konstverkets typ ifr\u00e5n domkyrkan i Link\u00f6ping d\u00e4r en liknande skulptur st\u00e5r eller snarare ligger, fast i brons.<\/p>\n<p>\u2013 Man f\u00e5r g\u00e5shud, kommenterar museiintendenten Carin Fahl\u00e9n och Anders Wickstr\u00f6m inst\u00e4mmer.<\/p>\n<p><b>\u2013 Det \u00e4r roligt med en kvinnlig konstn\u00e4r, som ocks\u00e5 \u00e4r ledande, s\u00e4ger Carin Fahl\u00e9n.<\/b> De \u00e4r stolta \u00f6ver att f\u00e5 ha hennes verk i museet, det \u00e4r ett exempel p\u00e5 kvalit\u00e9ten och storleken p\u00e5 konsten som presenteras p\u00e5 museet i Norrk\u00f6ping.<\/p>\n<p>\u2013 Det \u00e4r sp\u00e4nnande med skulptur. Det \u00e4r en viss s\u00e4kerhet och tillg\u00e4nglighet som skulpturkonst ger, s\u00e4ger Carin Fahl\u00e9n.<\/p>\n<p>&nbsp;<\/p>\n<p><iframe loading=\"lazy\" src=\"https:\/\/www.flickr.com\/photos\/kultursidan\/10325880636\/player\/\" width=\"400\" height=\"280\" frameborder=\"0\" allowfullscreen=\"allowfullscreen\"><\/iframe><br \/>\n<em> Anders Wickstr\u00f6m \u00e4r ny ordf\u00f6rande f\u00f6r Konstmuseets v\u00e4nner. I bakgrunden museiintendent Carin Fahl\u00e9n.<\/em><\/p>\n<p>&nbsp;<\/p>\n<p><strong>Som ordf\u00f6rande i Konstmuseets v\u00e4nner anser Anders Wickstr\u00f6m att det \u00e4r viktigt att st\u00f6tta och tala v\u00e4l om Konstmuseet.<\/strong> Men att vara v\u00e4n inneb\u00e4r ocks\u00e5 att bli kritisk och v\u00e5ga ber\u00e4tta n\u00e4r n\u00e5got k\u00e4nns fel, menar han:<\/p>\n<p>\u2013 Jag tar inte till mig allt. Upplevelsen av konst handlar inte s\u00e5 mycket om att h\u00e4mta sina egna upplevelser. Det \u00e4r konstn\u00e4ren som har h\u00e4mtat dem. Det v\u00e4cker k\u00e4nslor.<\/p>\n<p><b>Konstmuseet har planerat sitt 100-\u00e5rsjubileum l\u00e4nge och b\u00f6rjade firandet redan i v\u00e5ras.<\/b> Under Kulturnatten invigdes utst\u00e4llningen <i>Acting in the city<\/i> och under den veckan 16 \u2013 27 oktober intensifieras festligheterna med konsert med Celia Linde och Carlos Barbosa Lima samt ett boksl\u00e4pp. Katalogen <i>F\u00f6ljeslagaren<\/i>, d\u00e4r 40 verk ur samlingarna presenteras av tidigare och nuvarande personal ges ut p\u00e5 f\u00f6delsedagen.<\/p>\n<p>&nbsp;<\/p>\n<p><iframe loading=\"lazy\" src=\"https:\/\/www.flickr.com\/photos\/kultursidan\/10326032463\/player\/\" width=\"400\" height=\"310\" frameborder=\"0\" allowfullscreen=\"allowfullscreen\"><\/iframe><br \/>\n<em>I goda v\u00e4nners lag. M\u00e5nga deltog vid avt\u00e4ckningen.<\/em><\/p>\n<p>&nbsp;<\/p>\n<p><b>V\u00e4nnernas jubileumsg\u00e5va avt\u00e4cktes senare p\u00e5 onsdagskv\u00e4llen, f\u00f6rst\u00e5s i goda v\u00e4nners lag.<\/b> Syskonen St\u00e5hl sk\u00e4nker ytterligare en g\u00e5va, ocks\u00e5 den en skulptur \u2013 av konstn\u00e4ren Ernst Billgren \u2013 som planerats att avt\u00e4ckas p\u00e5 sj\u00e4lva f\u00f6delsedagen 22 oktober. Den har dock blivit f\u00f6rsenad och kommer att invigas senare.<\/p>\n<p><i>Text: Christian L. Hellberg och Ann-Charlotte Sandelin<br \/>\nFoto: Ann-Charlotte Sandelin och Carin Fahl\u00e9n.<\/i><\/p>\n<p>&nbsp;<\/p>\n<blockquote>\n<h3><em>KONSTMUSEET Norrk\u00f6ping<\/em><\/h3>\n<p>Onsdag 16\/10 2013 kl 18 <em>GALLERI 2<\/em><br \/>\n<em> <b>Avt\u00e4ckning av g\u00e5va<br \/>\n<\/b>fr\u00e5n Konstmuseets V\u00e4nner till Norrk\u00f6pings Konstmuseum<\/em><\/p>\n<p>S\u00f6ndag 20\/10 kl 14 <em>HARLEKINEN<\/em><br \/>\n<em> <b>2 gitarrvirtouser i m\u00f6te!<br \/>\n<\/b>Konsert med Celia Linde, Carlos Barbosa Lima, Puerto Rico<\/em><\/p>\n<p>Tisdag 22\/10 kl 14<br \/>\n<em> <b>F\u00f6ljeslagaren<br \/>\n<\/b>Boksl\u00e4pp<b><br \/>\n<\/b><\/em><\/p>\n<p>Tisdag 22\/10 kl. 12:00, 13:00 och 15:00<br \/>\n<em> <b>Jubileumsvisningar<br \/>\n<\/b>Guidade visningar<\/em><\/p><\/blockquote>\n<p>L\u00c4NKAR<br \/>\nCharlotte Gyllenhammar <a title=\"Charlotte Gyllenhammar\" href=\"http:\/\/www.charlottegyllenhammar.com\" target=\"_blank\">hemsida <\/a><br \/>\nNorrk\u00f6pings konstmuseum <a title=\"Konstmuseet\" href=\"http:\/\/www.norrkoping.se\/kultur-fritid\/museer\/konstmuseum\/\" target=\"_blank\">hemsida <\/a><\/p>\n<p>BILDSPEL (FLASH) \u2013 KLICKA P\u00c5 BILDEN <em>ALT\/MOBIL: SE BILDSPELET <a title=\"Bildspel\" href=\"https:\/\/www.flickr.com\/photos\/kultursidan\/sets\/72157636649701743\/show\/\" target=\"_blank\">H\u00c4R<\/a><\/em><\/p>\n<p><object width=\"400\" height=\"300\"><param name=\"flashvars\" value=\"offsite=true&amp;lang=en-us&amp;page_show_url=%2Fphotos%2Fkultursidan%2Fsets%2F72157636649701743%2Fshow%2F&amp;page_show_back_url=%2Fphotos%2Fkultursidan%2Fsets%2F72157636649701743%2F&amp;set_id=72157636649701743&amp;jump_to=\" \/><param name=\"movie\" value=\"https:\/\/www.flickr.com\/apps\/slideshow\/show.swf?v=143270\" \/><param name=\"allowFullScreen\" value=\"true\" \/><\/object><\/p>\n","protected":false},"excerpt":{"rendered":"<p>NORRK\u00d6PING Konstmuseets v\u00e4nner \u00f6verl\u00e4mnade sin f\u00f6delsedagspresent en vecka i f\u00f6rv\u00e4g, en skulptur av Charlotte Gyllenhammar. V\u00e4nf\u00f6reningens ordf\u00f6rande Anders Wickstr\u00f6m tjuvkikade inf\u00f6r kv\u00e4llens avt\u00e4ckning. <a class=\"continue-reading-link\" href=\"https:\/\/www.kultursidan.nu\/?p=12562\">L\u00e4s mer <span class=\"meta-nav\">&rarr; <\/span><\/a><\/p>\n","protected":false},"author":1001006,"featured_media":0,"comment_status":"closed","ping_status":"open","sticky":false,"template":"","format":"standard","meta":{"_jetpack_memberships_contains_paid_content":false,"footnotes":""},"categories":[7],"tags":[35,14],"class_list":["post-12562","post","type-post","status-publish","format-standard","hentry","category-norrkoping","tag-jubileum","tag-konst"],"jetpack_featured_media_url":"","jetpack_sharing_enabled":true,"_links":{"self":[{"href":"https:\/\/www.kultursidan.nu\/index.php?rest_route=\/wp\/v2\/posts\/12562","targetHints":{"allow":["GET"]}}],"collection":[{"href":"https:\/\/www.kultursidan.nu\/index.php?rest_route=\/wp\/v2\/posts"}],"about":[{"href":"https:\/\/www.kultursidan.nu\/index.php?rest_route=\/wp\/v2\/types\/post"}],"author":[{"embeddable":true,"href":"https:\/\/www.kultursidan.nu\/index.php?rest_route=\/wp\/v2\/users\/1001006"}],"replies":[{"embeddable":true,"href":"https:\/\/www.kultursidan.nu\/index.php?rest_route=%2Fwp%2Fv2%2Fcomments&post=12562"}],"version-history":[{"count":0,"href":"https:\/\/www.kultursidan.nu\/index.php?rest_route=\/wp\/v2\/posts\/12562\/revisions"}],"wp:attachment":[{"href":"https:\/\/www.kultursidan.nu\/index.php?rest_route=%2Fwp%2Fv2%2Fmedia&parent=12562"}],"wp:term":[{"taxonomy":"category","embeddable":true,"href":"https:\/\/www.kultursidan.nu\/index.php?rest_route=%2Fwp%2Fv2%2Fcategories&post=12562"},{"taxonomy":"post_tag","embeddable":true,"href":"https:\/\/www.kultursidan.nu\/index.php?rest_route=%2Fwp%2Fv2%2Ftags&post=12562"}],"curies":[{"name":"wp","href":"https:\/\/api.w.org\/{rel}","templated":true}]}}