{"id":12707,"date":"2013-10-22T14:50:00","date_gmt":"2013-10-22T13:50:00","guid":{"rendered":"https:\/\/intelligent-friend-7861.standoutwp.com\/?p=12707"},"modified":"2013-11-11T13:45:32","modified_gmt":"2013-11-11T12:45:32","slug":"svartsjuka-i-gulaschs-nya-barnteater-recension","status":"publish","type":"post","link":"https:\/\/www.kultursidan.nu\/?p=12707","title":{"rendered":"Svartsjuka i Gulaschs nya barnteater (recension)"},"content":{"rendered":"<p><a href=\"http:\/\/www.flickr.com\/photos\/kultursidan\/10421565746\/\" title=\"Det sv\u00e4nger f\u00f6r Ivar, Knutte och Katten \u2013 med musiktater Gulasch by Kultursidan, on Flickr\"><img loading=\"lazy\" decoding=\"async\" src=\"http:\/\/farm6.staticflickr.com\/5498\/10421565746_a97014dfd2.jpg\" width=\"500\" height=\"333\" alt=\"Det sv\u00e4nger f\u00f6r Ivar, Knutte och Katten \u2013 med musiktater Gulasch\"><\/a><\/p>\n<p><i>Musik bygger gl\u00e4dje. Ivar, Knutte och Katten spelar ihop.<\/i><\/p>\n<p>&nbsp;<\/p>\n<h1><span style=\"color: #ff0000;\">Lite f\u00f6r l\u00e5ng milj\u00f6lista s\u00e4nker tempot<\/span><\/h1>\n<p>&nbsp;<\/p>\n<p><b>Sopsortera mera. Det sv\u00e4nger om Katten och gubbarna Ivar och Knutte i musikteater Gulaschs nya barnf\u00f6rest\u00e4llning som heter just <i>Ivar Knutte och Katten<\/i>.<\/b> Svartsjuka och milj\u00f6 \u00e4r de tv\u00e5 teman som m\u00f6ts under n\u00e5gra regniga dagar p\u00e5 Ivars och Knuttes bondg\u00e5rd. Premi\u00e4ren var p\u00e5 hemmascenen Teater Br\u00e5ddgatan 34 under Kulturnatten.<\/p>\n<p>F\u00e5ret som bor p\u00e5 bondg\u00e5rden vet precis allt som h\u00e4nde b\u00e5de f\u00f6re och efter att Katten knackade p\u00e5 en ov\u00e4derskv\u00e4ll. Louice Ottosson \u00e4r ett gulligt och ulligt f\u00e5r i vitt och svart och med en k\u00e4nslig n\u00e4sa och det \u00e4r hon som introducerar Ivar och Knutte f\u00f6r publiken. Ivar \u00e4r en lite f\u00f6r korrekt typ i fluga och Papphammartr\u00e5ng kostym medan Knutte \u00e4r en go\u2019 gubbe med Sivan som sin b\u00e4sta s\u00e4llskapsh\u00f6na. \u00c4ven om gubbarna \u00e4r olika s\u00e5 kan de alltid spela en glad l\u00e5t, eftersom Ivar egentligen heter Hans Bigestans som spelar kontrabas medan Kenneth H\u00f6glind v\u00e4xlar mellan fiol och mandolin. Det livar alltid upp.<\/p>\n<p>&nbsp;<\/p>\n<p><a title=\"F\u00e5ret \u2013 Louice Ottosson by Kultursidan, on Flickr\" href=\"http:\/\/www.flickr.com\/photos\/kultursidan\/10421713663\/\"><img decoding=\"async\" alt=\"F\u00e5ret \u2013 Louice Ottosson\" src=\"http:\/\/farm8.staticflickr.com\/7300\/10421713663_835d862be8.jpg\" width=\"250\" \/><\/a><br \/>\n<em> Bulliga vita moln och ett gulligt, ulligt f\u00e5r \u2013 Louice Ottosson.<\/em><\/p>\n<p>&nbsp;<\/p>\n<p><b>Ulrika Tallvings scenografi \u00e4r b\u00e5de l\u00e4cker och finurlig med bulliga vita moln mot en bl\u00e5 himmel utanf\u00f6r det antydda k\u00f6ket i den r\u00f6da stugan.<\/b> Rekvisitans platta skr\u00e4p: mj\u00f6lkkartonger och pl\u00e5tburkar f\u00e5r en extra po\u00e4ng. Estetiken ligger n\u00e4ra serieteckningar eller barnb\u00f6cker.<\/p>\n<p>Och det \u00e4r v\u00e4l lite s\u00e5 som sk\u00e5despeleriet fungerar, enkelt och utan djupa detaljer, s\u00e4rskilt vad g\u00e4ller Begestans och H\u00f6glinds gubbkarikatyrer. Medan energiknippet Louice Ottosson som inte bara \u00e4r F\u00e5ret utan f\u00f6rst\u00e5s dubblerar som gatu- och milj\u00f6smarta Katten \u201dritar\u201d sina djurkarakt\u00e4rer med en finare linjerad penna.<\/p>\n<p><b>Det speciella med Gulaschs barnteaterf\u00f6rest\u00e4llningar \u00e4r att de kombinerar sin glada musik och barnteaterns dramatik med milj\u00f6fr\u00e5gor. <\/b>Det kom in p\u00e5 ett fint s\u00e4tt redan i <i>Robin Hood \u2013 den energiska hj\u00e4lten<\/i>, d\u00e4r det handlade om gott kamratskap och energisl\u00f6seri. Nu \u00e4r det svartsjuka som st\u00e4ller till det f\u00f6r Ivar som just b\u00f6rjat skriva upp en fin milj\u00f6lista.<\/p>\n<p>F\u00f6r Katten blir f\u00f6rst\u00e5s god v\u00e4n med djur\u00e4lskaren Knutte. Inte nog med det, Katten, som bott p\u00e5 en soptipp, r\u00e4ttar alla fel i Ivars milj\u00f6lista. Inte undra p\u00e5 att han blir sur och vill bli av med inkr\u00e4ktaren.<\/p>\n<p>&nbsp;<\/p>\n<p><a title=\"Knutte \u2013 Kenneth H\u00f6glind by Kultursidan, on Flickr\" href=\"http:\/\/www.flickr.com\/photos\/kultursidan\/10421568316\/\"><img decoding=\"async\" alt=\"Knutte \u2013 Kenneth H\u00f6glind\" src=\"http:\/\/farm8.staticflickr.com\/7380\/10421568316_01b8a8cc34.jpg\" width=\"400\" \/><\/a><br \/>\n<em>Mj\u00f6lken \u00e4r slut. Mysgubben Knutte och h\u00f6nan Sivan med tomkartong.<\/em><\/p>\n<p>&nbsp;<\/p>\n<p><b>De som sett Gulasch tidigare vet att h\u00e4r mixas glada och medryckande l\u00e5tar med tydligt budskap.<\/b> Barnen i publiken \u00e4r med fr\u00e5n start och engagerar sig b\u00e5de med musiken och mot Ivars fula trix. Premi\u00e4rf\u00f6rest\u00e4llningen hade en svacka i mitten, troligen beroende p\u00e5 stroppige Ivars lite v\u00e4l l\u00e5nga milj\u00f6lista, som f\u00e5r f\u00f6r stor betydelse i handlingen. Pj\u00e4sen spelas faktiskt f\u00f6r barn fr\u00e5n fyra \u00e5rs \u00e5lder.<\/p>\n<p><i>Sopsortera mera<\/i> \u00e4r dock en gladjazzl\u00e5t som g\u00e5r hem i alla b\u00e4nkrader och snart \u00e4r alla engagerade i Katten som f\u00f6rsvunnit s\u00e5 mystiskt.<\/p>\n<p><b>Snart h\u00e4lsar nog Katten p\u00e5 Ivar och Knutte igen nu n\u00e4r det blivit kyligt p\u00e5 h\u00f6stkanten.<\/b> De ger tv\u00e5 f\u00f6rest\u00e4llningar under h\u00f6stlovet, ing\u00e5r i traditionsenliga h\u00f6stteaterprogrammet p\u00e5 Teater Br\u00e5ddgatan 34.<\/p>\n<p><i>Text och foto: Ann-Charlotte Sandelin<\/i><\/p>\n<blockquote>\n<h3><em>TEATER BR\u00c5DDGATAN 34 Norrk\u00f6ping<\/em><\/h3>\n<p>26 september 2013 kl 15<br \/>\n29 oktober kl 10 och kl 13<em><br \/>\n<b>Ivar Knutte &amp; Katten<\/b> fr\u00e5n 4 \u00e5r<br \/>\nEtt musikaliskt triangeldrama om v\u00e5r milj\u00f6<\/em><br \/>\n<em> Manus: Ann-Christine Magnusson och Josefine Broman<\/em><br \/>\n<em> Regi: Ann-Christine Magnusson<\/em><br \/>\n<em> Scenografi: Ulrika Tallving<\/em><\/p>\n<p><em>MUSIK OCH MEDVERKAN<\/em><br \/>\n<em>Hans Bigestans \u2013 Ivar, s\u00e5ng och kontrabas<\/em><br \/>\n<em> Kenneth H\u00f6glind \u2013 Knutte, s\u00e5ng, fiol och mandolin<\/em><br \/>\n<em> Louice Ottosson \u2013 Katten, s\u00e5ng och piano<\/em><\/p><\/blockquote>\n<p>L\u00c4NKAR<br \/>\nMusikteater Gulasch <a title=\"Gulasch\" href=\"http:\/\/www.gulasch.se\" target=\"_blank\">hemsida<\/a><br \/>\nTeater Br\u00e5ddgatan 34 <a title=\"Teater Br\u00e5ddgatan 34\" href=\"http:\/\/www.bg34.se\" target=\"_blank\">hemsida<\/a><\/p>\n<p>FLER BILDER FR\u00c5N F\u00d6REST\u00c4LLNINGEN \u2013 KLICKA<\/p>\n<p>[flickr-gallery mode=&#8221;photoset&#8221; photoset=&#8221;72157636831543126&#8243;]<\/p>\n","protected":false},"excerpt":{"rendered":"<p>NORRK\u00d6PING Sopsortera mera. Det sv\u00e4nger om Katten och gubbarna Ivar och Knutte i musikteater Gulaschs nya barnf\u00f6rest\u00e4llning. Svartsjuka och milj\u00f6 \u00e4r de tv\u00e5 teman som m\u00f6ts under n\u00e5gra regniga dagar p\u00e5 Ivars och Knuttes bondg\u00e5rd. <a class=\"continue-reading-link\" href=\"https:\/\/www.kultursidan.nu\/?p=12707\">L\u00e4s mer <span class=\"meta-nav\">&rarr; <\/span><\/a><\/p>\n","protected":false},"author":1001006,"featured_media":0,"comment_status":"closed","ping_status":"open","sticky":false,"template":"","format":"standard","meta":{"_jetpack_memberships_contains_paid_content":false,"footnotes":""},"categories":[7],"tags":[37,12],"class_list":["post-12707","post","type-post","status-publish","format-standard","hentry","category-norrkoping","tag-barnkultur","tag-teater"],"jetpack_featured_media_url":"","jetpack_sharing_enabled":true,"_links":{"self":[{"href":"https:\/\/www.kultursidan.nu\/index.php?rest_route=\/wp\/v2\/posts\/12707","targetHints":{"allow":["GET"]}}],"collection":[{"href":"https:\/\/www.kultursidan.nu\/index.php?rest_route=\/wp\/v2\/posts"}],"about":[{"href":"https:\/\/www.kultursidan.nu\/index.php?rest_route=\/wp\/v2\/types\/post"}],"author":[{"embeddable":true,"href":"https:\/\/www.kultursidan.nu\/index.php?rest_route=\/wp\/v2\/users\/1001006"}],"replies":[{"embeddable":true,"href":"https:\/\/www.kultursidan.nu\/index.php?rest_route=%2Fwp%2Fv2%2Fcomments&post=12707"}],"version-history":[{"count":0,"href":"https:\/\/www.kultursidan.nu\/index.php?rest_route=\/wp\/v2\/posts\/12707\/revisions"}],"wp:attachment":[{"href":"https:\/\/www.kultursidan.nu\/index.php?rest_route=%2Fwp%2Fv2%2Fmedia&parent=12707"}],"wp:term":[{"taxonomy":"category","embeddable":true,"href":"https:\/\/www.kultursidan.nu\/index.php?rest_route=%2Fwp%2Fv2%2Fcategories&post=12707"},{"taxonomy":"post_tag","embeddable":true,"href":"https:\/\/www.kultursidan.nu\/index.php?rest_route=%2Fwp%2Fv2%2Ftags&post=12707"}],"curies":[{"name":"wp","href":"https:\/\/api.w.org\/{rel}","templated":true}]}}