{"id":12788,"date":"2013-10-26T19:42:47","date_gmt":"2013-10-26T18:42:47","guid":{"rendered":"https:\/\/intelligent-friend-7861.standoutwp.com\/?p=12788"},"modified":"2013-11-11T12:14:29","modified_gmt":"2013-11-11T11:14:29","slug":"horbara-verk-under-performancehelgen","status":"publish","type":"post","link":"https:\/\/www.kultursidan.nu\/?p=12788","title":{"rendered":"H\u00f6rbara verk under Performancehelgen"},"content":{"rendered":"<p><a href=\"http:\/\/www.flickr.com\/photos\/kultursidan\/10494623506\/\" title=\"&quot;Historien om H\u00f6rsalen&quot; h\u00f6rdes fr\u00e5n ett av f\u00f6nstren i h\u00f6rnet. by Kultursidan, on Flickr\"><img loading=\"lazy\" decoding=\"async\" src=\"http:\/\/farm4.staticflickr.com\/3710\/10494623506_cb080167c0.jpg\" width=\"500\" height=\"333\" alt=\"&quot;Historien om H\u00f6rsalen&quot; h\u00f6rdes fr\u00e5n ett av f\u00f6nstren i h\u00f6rnet.\"><\/a><\/p>\n<p><i>H\u00f6rv\u00e4rt. H\u00f6rsalens historia komprimerad till n\u00e5gra f\u00e5 ljud som kunde h\u00f6ras fr\u00e5n ett av f\u00f6nstren i h\u00f6rnet kan betraktas som ett inl\u00e4gg i debatten om H\u00f6rsalens framtid.<br \/>\n<\/i><\/p>\n<p>&nbsp;<\/p>\n<h1><span style=\"color: #ff0000;\">H\u00f6rsalens historia en favorit<\/span><\/h1>\n<p>&nbsp;<\/p>\n<p><b>I v\u00e5r visuella v\u00e4rld tappar vi ljudet l\u00e4tt ur sikte.<\/b> Bland de m\u00e5nga konstaktiviteterna under performancehelgen <i>100 \u00e5r med staden som scen<\/i> 25-27 oktober fanns de som var osynliga. Studenterna p\u00e5 kursen Ljudkultur vid ISAK, vid Link\u00f6pings universitet i Norrk\u00f6ping, bidrog med fem ljudinstallationer som h\u00f6rdes h\u00e4r och d\u00e4r i stadsrummet.<\/p>\n<p>Performancehelgen \u00e4r det sista fyrverkeriet i 100-\u00e5rsfirande Konstmuseets och Stadsbibliotekets f\u00f6delsedagsvecka. Under dagarna tre p\u00e5g\u00e5r festligheterna och d\u00e5 \u00e4r inte bara institutionerna inblandade utan \u00e4ven gallerier och andra akt\u00f6rer.<\/p>\n<p><b>Ljudinstallationerna \u00e4r bara fem sm\u00e5 sm\u00e4llare i sammanhanget men studenterna har lagt krut p\u00e5 jobbet.<\/b> Merparten av installationerna samarbetar med den milj\u00f6 de placerats i. Varje installation \u00e4r n\u00e5gra minuter l\u00e5ng, l\u00e4ngden varierar.<\/p>\n<p>\u2013 Man m\u00e5ste ta h\u00e4nsyn till omgivningen, det f\u00e5r inte vara f\u00f6r h\u00f6gt och st\u00f6rande, p\u00e5pekar Lars Jonsson, kursansvarig f\u00f6r universitetskursen Ljudkultur.<\/p>\n<p>&nbsp;<\/p>\n<p><a title=\"&quot;Konungen i tiden&quot; vid Skvallertorget. by Kultursidan, on Flickr\" href=\"http:\/\/www.flickr.com\/photos\/kultursidan\/10494626556\/\"><img decoding=\"async\" alt=\"&quot;Konungen i tiden&quot; vid Skvallertorget.\" src=\"http:\/\/farm3.staticflickr.com\/2830\/10494626556_2224bf68df.jpg\" width=\"400\" \/><\/a><br \/>\n<em>Konungen i tiden. H\u00f6gtalaren sitter under bokst\u00e4verna.<\/em><\/p>\n<p>&nbsp;<\/p>\n<p><b>Installationerna hittas i en promenadslinga som leder fr\u00e5n Konstmuseet vid Kristinaplatsen, utmed Drottninggatan och sedan V\u00e4stg\u00f6tagatan upp till Skvallertorget.<\/b> Sj\u00e4lv lyssnar jag av dem bakl\u00e4nges, b\u00f6rjar allts\u00e5 vid Skvallertorget. Fr\u00e5n en h\u00f6gtalare ovanf\u00f6r ing\u00e5ngen till Pressbyr\u00e5kiosken h\u00f6rs verket <i>Konungen i tiden<\/i>, en dramatisering av Carl XVI Gustafs trontilltr\u00e4de sent i september 1973.<\/p>\n<p>Det skulle kunna vara d\u00e4r och d\u00e5, med fanfarer, med drabanternas fotsteg n\u00e4r den avlidne kungens namn n\u00e4mns. Redan titeln med orden \u201dKonungen\u201d och \u201dtiden\u201d pekar studenterna p\u00e5 diskrepansen mellan en man som vill verka i sin samtid men som l\u00e4ser en text skriven p\u00e5 ett spr\u00e5k som h\u00f6r 1800-talet till med gamla pluralformer, \u201dr\u00e4ttr\u00e5dig konung\u201d och \u201dhuld fader\u201d. Vad verket har p\u00e5 Skvallertorget att g\u00f6ra \u00e4r inte fullt klart f\u00f6r mig.<\/p>\n<p>Hemma hittar jag originalet p\u00e5 Sveriges radios hemsida. En ung man leds av riksdagens talman igenom den ed som ska binda honom vid Sveriges tron f\u00f6r resten av hans liv. Det \u00e4r faktiskt starkare.<\/p>\n<p>&nbsp;<\/p>\n<p><a title=\"&quot;Tidl\u00f6sbandad radio&quot; vid SR \/ SVT-huset p\u00e5 V\u00e4stg\u00f6tegatan 13. by Kultursidan, on Flickr\" href=\"http:\/\/www.flickr.com\/photos\/kultursidan\/10494625986\/\"><img decoding=\"async\" alt=\"&quot;Tidl\u00f6sbandad radio&quot; vid SR \/ SVT-huset p\u00e5 V\u00e4stg\u00f6tegatan 13.\" src=\"http:\/\/farm4.staticflickr.com\/3783\/10494625986_97302d8af5.jpg\" width=\"400\" \/><\/a><br \/>\n<em>Tidl\u00f6sbandad radio. Ljudet kom fr\u00f6n v\u00e4nster om porten till SR-huset.<\/em><\/p>\n<p>&nbsp;<\/p>\n<p><b>Mitt p\u00e5 V\u00e4stg\u00f6tagatan, i Sveriges radios och Sveriges televisions hus, h\u00f6rs <i>Tidl\u00f6sbandad radio<\/i> vid sidan av porten.<\/b> H\u00e4r \u00e4r kontakten mellan inneh\u00e5ll och milj\u00f6 stark, det \u00e4r som en radio som st\u00e5r och pratar lite f\u00f6r sig sj\u00e4lv, v\u00e4xlar mellan program och tid och knastrar lite d\u00e4remellan. Barnprogram, sport och nyheter, med viss f\u00f6rk\u00e4rlek f\u00f6r 1960-talet. M\u00e5nlandningen med de sm\u00e5 stegen som \u00e4r s\u00e5 stora f\u00f6r m\u00e4nskan \u00e4r med och s\u00e5ngen <i>Kalla den \u00c4nglamarken<\/i> men ocks\u00e5 ord om att \u201dprinta ut\u201d och \u201dh\u00e5rddiskar\u201d. Ljudinstallationen har ambitionen att lyfta fram radions roll som r\u00f6st genom tiden.<\/p>\n<p><b>Vid Stadstornet, mellan de gr\u00f6na stoderna framf\u00f6r portvalvet som man g\u00e5r f\u00f6rbi utan att se, h\u00f6rs <i>Du har den gudomliga kraften.<\/i><\/b> Till celesta harmonier r\u00e5dbr\u00e5kas gudomliga f\u00f6rh\u00e5llanden: Sonen, Fadern, Dottern, Modern. Det g\u00e5r fr\u00e5n k\u00e4rlek till hat, fr\u00e5n det stora till det privata: \u201dTitta p\u00e5 mig n\u00e4r jag pratar med dig!\u201d. Manliga och kvinnliga r\u00f6ster blandas i n\u00e5got som verkar som ett diktverk. Intrycket dras ner av l\u00e5gm\u00e4lt och ibland f\u00f6r snabbt tal. Det \u00e4r en sak att arbeta i en studio, en annan att placera ut ljudet i en gatumilj\u00f6.<\/p>\n<p><b><i>Historien om H\u00f6rsalen<\/i> blir min favorit.<\/b> En t\u00e4t ber\u00e4ttelse utan ett \u00f6verfl\u00f6digt ord, faktiskt utan ett enda ord. F\u00e5gelkvitter och klockklang. Skott och skrik f\u00f6ljt av s\u00e5gande och hamrande p\u00e5minner om hur Sankt Johannes kyrka, Norrk\u00f6pings \u00e4ldsta med r\u00f6tter i 1100-talet, h\u00e4rjats av eld och krig men byggts upp p\u00e5 nytt, senast 1827. Psalms\u00e5ng f\u00f6ljs av sk\u00f6n pianosonat. Ett starkt inl\u00e4gg i H\u00f6rsalsdebatten!<\/p>\n<p>&nbsp;<\/p>\n<p><a title=\"&quot;Jag skulle kunna komma hit och bara s\u00e5ga allting&quot; stannade vid entr\u00e9n till Konstmus\u00e9et. by Kultursidan, on Flickr\" href=\"http:\/\/www.flickr.com\/photos\/kultursidan\/10494622876\/\"><img decoding=\"async\" alt=\"&quot;Jag skulle kunna komma hit och bara s\u00e5ga allting&quot; stannade vid entr\u00e9n till Konstmus\u00e9et.\" src=\"http:\/\/farm6.staticflickr.com\/5514\/10494622876_364b7ab99e.jpg\" width=\"400\" \/><\/a><br \/>\n<em> Jag skulle kunna komma hit och bara s\u00e5ga allting. Festen startar redan i entr\u00e9n.<\/em><\/p>\n<p><b>Tillbaka vid Konstmuseet p\u00e5g\u00e5r festen redan i entr\u00e9n. <\/b>Musik som sv\u00e4var av klingande glas, klanger och ringningar ger en konstn\u00e4rlig touch och man anar att r\u00f6sterna, n\u00e5gon p\u00e5 engelska, beskriver konstn\u00e4rliga verk. R\u00f6ster stiger och sjunker, musiken \u00f6verr\u00f6star det mesta.<\/p>\n<p>Titeln <i>Jag skulle kunna komma hit och bara s\u00e5ga allting<\/i> \u00e4r en lite tr\u00f6ttsam kommentar, kanske h\u00e4mtad n\u00e5gonstans ur verket, \u00e4ven om jag inte r\u00e5kar h\u00f6ra just den.<\/p>\n<p><i>Text och foto: Ann-Charlotte Sandelin<\/i><\/p>\n<blockquote>\n<h3><em>NORRK\u00d6PING<\/em><\/h3>\n<p>25 \u2013 27 oktober 2013<em><br \/>\n<b>Ljudinstallationer<br \/>\n<\/b>av studenter vid kursen Ljudkultur, ISAK, LiU<\/em><\/p>\n<p style=\"padding-left: 30px;\"><em>Konstmuseets entr\u00e9<\/em><br \/>\n<em> <b>Jag skulle kunna komma hit och bara s\u00e5ga allting<br \/>\n<\/b>av Jon Persson, Alexander Bergqvist, Ahmad Ghaemi<\/em><\/p>\n<p style=\"padding-left: 30px;\"><em>H\u00f6rsalen<\/em><br \/>\n<em> <b>Historien om H\u00f6rsalen<br \/>\n<\/b>av Mattias Adamo, Martin Ullberg, Alay Twelde<\/em><\/p>\n<p style=\"padding-left: 30px;\"><em>Stadstornet, S:t Olai kyrka<\/em><br \/>\n<em> <b>Du har den gudomliga kraften<br \/>\n<\/b>av Klara Andersson, August Westesson, Houman Sebghati<\/em><\/p>\n<p style=\"padding-left: 30px;\"><em>SR \/ SVT, V\u00e4stg\u00f6tegatan 13<b><br \/>\nTidl\u00f6sbandad radio<br \/>\n<\/b>av Niklas Eriksson, Markus Bengtsson<\/em><\/p>\n<p style=\"padding-left: 30px;\"><em>Skvallertorget, Kungsgatan 38<\/em><br \/>\n<em> <b>Konungen i tiden<br \/>\n<\/b>av Marcus Lundberg, Andreas Borgh<\/em><\/p>\n<\/blockquote>\n<p>L\u00c4NKAR<br \/>\nKursen Ljudkultur, LiU <a title=\"LiU\" href=\"http:\/\/www.isak.liu.se\/ksm\/fristaende-kurser\/Ljudkultur?l=sv\" target=\"_blank\">hemsida <\/a><br \/>\nCarl XVI Gustafs trontilltr\u00e4de <a title=\"SR\" href=\"http:\/\/sverigesradio.se\/sida\/artikel.aspx?programid=1602&amp;artikel=844793\" target=\"_blank\">Sveriges radio <\/a><br \/>\nS:t Johannes kyrka \/ H\u00f6rsalen <a title=\"Wikipedia\" href=\"http:\/\/sv.wikipedia.org\/wiki\/Sankt_Johannes_kyrka,_Norrk\u00f6ping\" target=\"_blank\">wiki <\/a><br \/>\nKan man njuta av en performancehelg? <a title=\"Kan man njuta av en performancehelg?\" href=\"https:\/\/www.kultursidan.nu\/?p=12764\" target=\"_blank\">reportage<\/a> Kultursidan.nu 24\/10 2013<\/p>\n<p>FLER BILDER FR\u00c5N LJUDINSTALLATIONERNA \u2013 KLICKA<\/p>\n<p>[flickr-gallery mode=&#8221;photoset&#8221; photoset=&#8221;72157636971070215&#8243;]<\/p>\n","protected":false},"excerpt":{"rendered":"<p>NORRK\u00d6PING Och h\u00f6r sen! Bland de m\u00e5nga konstaktiviteterna under sista oktoberhelgen fanns fem osynliga. Studenterna p\u00e5 kursen Ljudkultur vid Link\u00f6pings universitet bidrog med ljudinstallationer som h\u00f6rdes h\u00e4r och d\u00e4r i stadsrummet. <a class=\"continue-reading-link\" href=\"https:\/\/www.kultursidan.nu\/?p=12788\">L\u00e4s mer <span class=\"meta-nav\">&rarr; <\/span><\/a><\/p>\n","protected":false},"author":1001006,"featured_media":0,"comment_status":"closed","ping_status":"open","sticky":false,"template":"","format":"standard","meta":{"_jetpack_memberships_contains_paid_content":false,"footnotes":""},"categories":[7],"tags":[68],"class_list":["post-12788","post","type-post","status-publish","format-standard","hentry","category-norrkoping","tag-ljudkonst"],"jetpack_featured_media_url":"","jetpack_sharing_enabled":true,"_links":{"self":[{"href":"https:\/\/www.kultursidan.nu\/index.php?rest_route=\/wp\/v2\/posts\/12788","targetHints":{"allow":["GET"]}}],"collection":[{"href":"https:\/\/www.kultursidan.nu\/index.php?rest_route=\/wp\/v2\/posts"}],"about":[{"href":"https:\/\/www.kultursidan.nu\/index.php?rest_route=\/wp\/v2\/types\/post"}],"author":[{"embeddable":true,"href":"https:\/\/www.kultursidan.nu\/index.php?rest_route=\/wp\/v2\/users\/1001006"}],"replies":[{"embeddable":true,"href":"https:\/\/www.kultursidan.nu\/index.php?rest_route=%2Fwp%2Fv2%2Fcomments&post=12788"}],"version-history":[{"count":0,"href":"https:\/\/www.kultursidan.nu\/index.php?rest_route=\/wp\/v2\/posts\/12788\/revisions"}],"wp:attachment":[{"href":"https:\/\/www.kultursidan.nu\/index.php?rest_route=%2Fwp%2Fv2%2Fmedia&parent=12788"}],"wp:term":[{"taxonomy":"category","embeddable":true,"href":"https:\/\/www.kultursidan.nu\/index.php?rest_route=%2Fwp%2Fv2%2Fcategories&post=12788"},{"taxonomy":"post_tag","embeddable":true,"href":"https:\/\/www.kultursidan.nu\/index.php?rest_route=%2Fwp%2Fv2%2Ftags&post=12788"}],"curies":[{"name":"wp","href":"https:\/\/api.w.org\/{rel}","templated":true}]}}