{"id":12845,"date":"2013-11-01T20:25:03","date_gmt":"2013-11-01T19:25:03","guid":{"rendered":"https:\/\/intelligent-friend-7861.standoutwp.com\/?p=12845"},"modified":"2013-11-13T12:55:03","modified_gmt":"2013-11-13T11:55:03","slug":"soderkopings-tredje-konsttradgard-vid-an","status":"publish","type":"post","link":"https:\/\/www.kultursidan.nu\/?p=12845","title":{"rendered":"S\u00f6derk\u00f6pings tredje Konsttr\u00e4dg\u00e5rd: vid \u00e5n"},"content":{"rendered":"<p><a href=\"http:\/\/www.flickr.com\/photos\/kultursidan\/10588076854\/\" title=\"Skissen. Barbro Mellqvist och Johanna Grander visar konstn\u00e4rens skiss. by Kultursidan, on Flickr\"><img loading=\"lazy\" decoding=\"async\" src=\"http:\/\/farm8.staticflickr.com\/7291\/10588076854_89b9f3334d.jpg\" width=\"500\" height=\"333\" alt=\"Skissen. Barbro Mellqvist och Johanna Grander visar konstn\u00e4rens skiss.\"><\/a><\/p>\n<p><i>Skissen. Barbro Mellqvist och Johanna Grander visar hur konstn\u00e4ren t\u00e4nkt sig att utsmyckningen nedanf\u00f6r Skvallertorget ska gestaltas. <\/i><\/p>\n<p>&nbsp;<\/p>\n<h1><span style=\"color: #ff0000;\">Metallerna f\u00f6r\u00e4ndras p\u00e5 olika s\u00e4tt med tiden<\/span><\/h1>\n<p>&nbsp;<\/p>\n<p><b><i>Skvala, sorl och larma.<\/i><\/b> Konstn\u00e4ren Mikael Lundbergs konstverk placerar tre huvuden p\u00e5 tr\u00e4d\u00e4cket vid S\u00f6derk\u00f6pings nya Konsttr\u00e4dg\u00e5rd vid Skvallertorget intill \u00e5n. Efter de tv\u00e5 tidigare Konsttr\u00e4dg\u00e5rdarna som invigts i andra delar av centrala S\u00f6derk\u00f6ping f\u00e5r nu Drothemkvarteren sin egen.<\/p>\n<p>I Konsttr\u00e4dg\u00e5rden ska man kunna sitta i sina egna tankar. Omsluten av en \u00f6ppen pergola, metallb\u00e5gar i tunn pl\u00e5t (som lyser lite fint om kv\u00e4llen) med utstansade stj\u00e4rnor \u2013 m\u00f6nstret h\u00e4mtat fr\u00e5n Drothems kyrka. H\u00e4r \u00e4r den l\u00e5g som ett staket, i de andra Konsttr\u00e4dg\u00e5rdarna i centrala S\u00f6derk\u00f6ping \u00e4r de h\u00f6ga. N\u00e5gra b\u00e4nkar att sitta p\u00e5. Utvalda v\u00e4xter. Ett konstverk.<\/p>\n<p>\u2013 V\u00e4xterna \u00e4r s\u00e5dana som skulle kunna ha funnits i en klostertr\u00e4dg\u00e5rd \u2013 rosor, lavendel, pioner, ber\u00e4ttar Johanna Grander, enhetschef vid Tekniska f\u00f6rvaltningens avdelning Teknik &amp; entreprenad.<\/p>\n<p>&nbsp;<\/p>\n<p><a title=\"Fin utsikt uppstr\u00f6ms. by Kultursidan, on Flickr\" href=\"http:\/\/www.flickr.com\/photos\/kultursidan\/10588080844\/\"><img decoding=\"async\" alt=\"Fin utsikt uppstr\u00f6ms.\" src=\"http:\/\/farm4.staticflickr.com\/3687\/10588080844_291c495394.jpg\" width=\"400\" \/><\/a><br \/>\n<em>Uppstr\u00f6ms. Tr\u00e4d\u00e4cket g\u00e5r ut 30 centimeter \u00f6ver \u00e5n.<\/em> <em>Det r\u00e4cker f\u00f6r att ge en fin utsikt.<\/em><\/p>\n<p>&nbsp;<\/p>\n<p><b>Pengarna kommer fr\u00e5n Tekniska f\u00f6rvaltningen, som s\u00e4tter av en procent av gr\u00e4vbudgeten till utsmyckning.<\/b> Samma princip som n\u00e4r en procent av byggkostnader g\u00e5r till liknande \u00e4ndam\u00e5l. Utformningen har gjorts i samr\u00e5d \u00f6ver f\u00f6rvaltningsgr\u00e4nserna. Platsen ligger i den lilla sluttningen nedanf\u00f6r torget som omges av l\u00e5ga 1700-talshus. En \u00f6ppning ut mot \u00e5n bestod tidigare av en lerig brant, nu \u00e4r den \u00f6verbyggd med ett tr\u00e4d\u00e4ck som skjuter ut en aning och ger utsikt \u00f6ver vattnet i b\u00e5da riktningarna.<\/p>\n<p>\u2013 F\u00f6rst hade vi t\u00e4nkt bygga ut tr\u00e4d\u00e4cket n\u00e5gon meter \u00f6ver \u00e5n, och n\u00e4r nye stadsarkitekten Per Haupt sade \u201dv\u00e4nta\u201d blev jag sm\u00e5irriterad, erk\u00e4nner Johanna Grander. Men nu \u00e4r jag glad, det r\u00e4cker j\u00e4ttebra med de trettio centimeter som tr\u00e4d\u00e4cket skjuter ut.<\/p>\n<p><b>Medeltidscentrums chef Barbro Mellqvist har haft stort ansvar f\u00f6r urval och kontakt med konstn\u00e4ren Mikael Lundberg. <\/b>Han \u00e4r en uppm\u00e4rksammad konstn\u00e4r, som arbetar med ljus, reflektioner och tidens g\u00e5ng, ofta med sj\u00e4lvportr\u00e4tt av det ovanligare slaget. F\u00f6r n\u00e5gra \u00e5r sedan \u00e4gnades han en stor utst\u00e4llning i Norrk\u00f6ping.<\/p>\n<p>Den dag vi tr\u00e4ffas \u00e4r allt f\u00e4rdigt f\u00f6r invigning \u2013 som sedan sker onsdag 30 oktober \u2013 men skulpturgruppen \u00e4r \u00e4nnu inte p\u00e5 plats. Barbro Mellqvist och Johanna Grander har med sig konstn\u00e4rens skisser, i form av fotomontage.<\/p>\n<p>&nbsp;<\/p>\n<p><a title=\"Konstn\u00e4rens verk i ett fotomontage som visar plats och proportioner. by Kultursidan, on Flickr\" href=\"http:\/\/www.flickr.com\/photos\/kultursidan\/10588075204\/\"><img decoding=\"async\" alt=\"Konstn\u00e4rens verk i ett fotomontage som visar plats och proportioner.\" src=\"http:\/\/farm4.staticflickr.com\/3743\/10588075204_836ee449c4.jpg\" width=\"400\" \/><\/a><br \/>\n<em>P\u00e5 plats. Det m\u00e4rks p\u00e5 fotomontaget att konstn\u00e4ren Mikael Lundberg har studerat milj\u00f6n.<\/em><\/p>\n<p>&nbsp;<\/p>\n<p><strong><i>Skvala, sorl och larma<\/i> heter verket.<\/strong> Tre huvuden i samspr\u00e5k, de \u00e4r n\u00e4stan identiska men \u00e4nd\u00e5 olika. \u00d6ppna \u00f6gon eller slutna, expressiv mot tankfull. Var och en tillverkad i en egen metall, aluminium, j\u00e4rn eller m\u00e4ssing. Konstn\u00e4ren skriver att metallerna f\u00f6r\u00e4ndras med tiden p\u00e5 olika s\u00e4tt, av v\u00e4der och m\u00e4nniskors ber\u00f6ring. N\u00e5got att f\u00e4sta blicken p\u00e5, begrunda, n\u00e4r man sitter p\u00e5 b\u00e4nken efter att ha sett sig m\u00e4tt p\u00e5 utsikten \u00f6ver vattnet.<\/p>\n<p>\u2013 De stiger upp\u00e5t p\u00e5 n\u00e5got vis, reflekterar Barbro Mellqvist. De kan ha funnits l\u00e4nge.<\/p>\n<p><b>S\u00f6derk\u00f6ping \u00e4r en turiststad men Konsttr\u00e4dg\u00e5rdarna \u00e4r f\u00f6rst och fr\u00e4mst t\u00e4nkta f\u00f6r S\u00f6derk\u00f6pingsborna. <\/b>Barbro Mellqvist tror att platsen kommer att bli uppskattad, ibland g\u00e4stas av konserter i det mindre formatet.<\/p>\n<p>\u2013 Jag har bara h\u00f6rt positiva reaktioner p\u00e5 Konsttr\u00e4dg\u00e5rdarna, s\u00e4ger Barbro Mellqvist. Nu n\u00e4r de blivit tre s\u00e5 k\u00e4nner man temat.<\/p>\n<p>Planer finns s\u00e5 sm\u00e5tt p\u00e5 en fj\u00e4rde tr\u00e4dg\u00e5rd, n\u00e5gon g\u00e5ng n\u00e4sta \u00e5r. Det g\u00e4ller bara att Tekniska f\u00f6rvaltningen gr\u00e4ver ihop tillr\u00e4ckligt med pengar till dess.<\/p>\n<p><i>Text och foto: Ann-Charlotte Sandelin<br \/>\n<\/i><\/p>\n<blockquote>\n<h3><em>SKVALLERTORGET S\u00f6derk\u00f6ping<\/em><\/h3>\n<p>30 oktober 2013<em> (invigning)<br \/>\n<b>Skvala, sorl och larma<\/b><b><br \/>\n<\/b>Skulptur av Mikael Lundberg<\/em><br \/>\n<em> i Konsttr\u00e4dg\u00e5rden<\/em><br \/>\n<em> S\u00f6derk\u00f6pings kommun<\/em><\/p><\/blockquote>\n<p>L\u00c4NKAR<br \/>\nMikael Lundberg <a title=\"Mikael Lundberg\" href=\"http:\/\/www.mikaellundberg.se\" target=\"_blank\">hemsida <\/a><br \/>\nS\u00f6derk\u00f6pings kommun <a title=\"S\u00f6derk\u00f6ping\" href=\"http:\/\/www.soderkoping.se\" target=\"_blank\">hemsida <\/a><br \/>\nRosengrens fj\u00e4rilstr\u00e4dg\u00e5rd har invigts <a title=\"Rosengrens fj\u00e4rilstr\u00e4dg\u00e5rd har invigts \" href=\"https:\/\/www.kultursidan.nu\/?p=6765\" target=\"_blank\">reportage<\/a> Kultursidan 27\/6 2012<\/p>\n<p>FLER BILDER FR\u00c5N KONSTTR\u00c4DG\u00c5RDEN \u2013 KLICKA<\/p>\n<p>[flickr-gallery mode=&#8221;photoset&#8221; photoset=&#8221;72157637149331223&#8243;]<\/p>\n","protected":false},"excerpt":{"rendered":"<p>S\u00d6DERK\u00d6PING Skvala, sorl och larma. Konstn\u00e4ren Mikael Lundberg placerar tre huvuden p\u00e5 tr\u00e4d\u00e4cket vid S\u00f6derk\u00f6pings nya Konsttr\u00e4dg\u00e5rd. Man b\u00f6rjar k\u00e4nna igen pergolan med det utstansade stj\u00e4rnm\u00f6nstret. V\u00e4xtligheten \u00e4r vald av historien. <a class=\"continue-reading-link\" href=\"https:\/\/www.kultursidan.nu\/?p=12845\">L\u00e4s mer <span class=\"meta-nav\">&rarr; <\/span><\/a><\/p>\n","protected":false},"author":1001006,"featured_media":0,"comment_status":"closed","ping_status":"open","sticky":false,"template":"","format":"standard","meta":{"_jetpack_memberships_contains_paid_content":false,"footnotes":""},"categories":[6],"tags":[14],"class_list":["post-12845","post","type-post","status-publish","format-standard","hentry","category-soderkoping","tag-konst"],"jetpack_featured_media_url":"","jetpack_sharing_enabled":true,"_links":{"self":[{"href":"https:\/\/www.kultursidan.nu\/index.php?rest_route=\/wp\/v2\/posts\/12845","targetHints":{"allow":["GET"]}}],"collection":[{"href":"https:\/\/www.kultursidan.nu\/index.php?rest_route=\/wp\/v2\/posts"}],"about":[{"href":"https:\/\/www.kultursidan.nu\/index.php?rest_route=\/wp\/v2\/types\/post"}],"author":[{"embeddable":true,"href":"https:\/\/www.kultursidan.nu\/index.php?rest_route=\/wp\/v2\/users\/1001006"}],"replies":[{"embeddable":true,"href":"https:\/\/www.kultursidan.nu\/index.php?rest_route=%2Fwp%2Fv2%2Fcomments&post=12845"}],"version-history":[{"count":0,"href":"https:\/\/www.kultursidan.nu\/index.php?rest_route=\/wp\/v2\/posts\/12845\/revisions"}],"wp:attachment":[{"href":"https:\/\/www.kultursidan.nu\/index.php?rest_route=%2Fwp%2Fv2%2Fmedia&parent=12845"}],"wp:term":[{"taxonomy":"category","embeddable":true,"href":"https:\/\/www.kultursidan.nu\/index.php?rest_route=%2Fwp%2Fv2%2Fcategories&post=12845"},{"taxonomy":"post_tag","embeddable":true,"href":"https:\/\/www.kultursidan.nu\/index.php?rest_route=%2Fwp%2Fv2%2Ftags&post=12845"}],"curies":[{"name":"wp","href":"https:\/\/api.w.org\/{rel}","templated":true}]}}