{"id":12864,"date":"2013-11-05T21:28:21","date_gmt":"2013-11-05T20:28:21","guid":{"rendered":"https:\/\/intelligent-friend-7861.standoutwp.com\/?p=12864"},"modified":"2013-12-01T17:40:05","modified_gmt":"2013-12-01T16:40:05","slug":"spelgladje-som-ni-vill-ha-det-recension","status":"publish","type":"post","link":"https:\/\/www.kultursidan.nu\/?p=12864","title":{"rendered":"Spelgl\u00e4dje Som ni vill ha det (recension)"},"content":{"rendered":"<p><a href=\"http:\/\/www.flickr.com\/photos\/kultursidan\/10695451516\/\" title=\"Br\u00f6drabr\u00e5k p\u00e5 g\u00e5ng, Adam avstyr. by Kultursidan, on Flickr\"><img loading=\"lazy\" decoding=\"async\" src=\"http:\/\/farm3.staticflickr.com\/2866\/10695451516_1531613ff2.jpg\" width=\"500\" height=\"333\" alt=\"Br\u00f6drabr\u00e5k p\u00e5 g\u00e5ng, Adam avstyr.\"><\/a><\/p>\n<p><em>Br\u00f6drabr\u00e5k p\u00e5 G. Oliver och Orlando \u00e4r just i f\u00e4rd med att puckla p\u00e5 varandra n\u00e4r Adam avbryter. I rollerna Oskar Lindstr\u00f6m, Ricki Gonzalez och Daniel Braesch.<\/em><\/p>\n<p>&nbsp;<\/p>\n<h1><span style=\"color: #ff0000;\">Musik och dans f\u00f6r tidl\u00f6st spel<\/span><\/h1>\n<p>&nbsp;<\/p>\n<p><b>Vi sitter mitt i ett slagf\u00e4lt.<\/b> Soldaterna kommer inrusande bakom oss och framf\u00f6r v\u00e4ntar de som de ska sl\u00e5ss med. I bakgrunden en brinnande borg. Akt\u00f6rerna \u00e4r helt kl\u00e4dda i svart och sl\u00e5ss med k\u00e4ppar och f\u00e4ktas med sv\u00e4rd. Snyggt koreograferat i all sin r\u00e5het. En hertig vinner och hans bror drivs p\u00e5 flykt.<\/p>\n<p>Fartfyllt blir det n\u00e4r Kulturskolan och Fritidsg\u00e5rdarna i Norrk\u00f6ping tar sig an Shakespeare tillsammans och g\u00f6r musikteater av komedin. I s\u00f6ndags var det premi\u00e4r f\u00f6r f\u00f6rest\u00e4llningen<i> Som ni vill ha det<\/i> p\u00e5 Arbis.<\/p>\n<p>&nbsp;<\/p>\n<p><a title=\"Brottningsmatch. by Kultursidan, on Flickr\" href=\"http:\/\/www.flickr.com\/photos\/kultursidan\/10695623093\/\"><img decoding=\"async\" alt=\"Brottningsmatch.\" src=\"http:\/\/farm8.staticflickr.com\/7302\/10695623093_c2139c6ae4.jpg\" width=\"280\" \/><\/a><br \/>\n<em> Brottningsmatch med fula grepp.<\/em><\/p>\n<p>&nbsp;<\/p>\n<p><b>P\u00e5 en annan plats g\u00f6r tv\u00e5 andra br\u00f6der upp med varandra. <\/b>Den yngre brodern Orlando k\u00e4nner sig f\u00f6rsm\u00e5dd av sin \u00e4ldre bror Oliver som f\u00e5tt \u00e4rva i stort s\u00e4tt allt. Oliver l\u00e5ter lillebror leva som en fattig bonde utan den utbildning som anst\u00e5r en riddarson. Orlando ger sig av f\u00f6r att skapa sig sin egen lycka.<\/p>\n<p>Han f\u00e5r snart en chans n\u00e4r han utmanar den nye hertigens slagsk\u00e4mpe Charles. Den vackra Rosalinda, dotter till den besegrade hertigen, och hennes oskiljaktige v\u00e4n och kusin Celia blir \u00e5sk\u00e5dare till slagsm\u00e5let. Orlando vinner fighten, men f\u00f6rlorar sitt hj\u00e4rta till Rosalinda. F\u00f6rsta akten avslutas med en innerlig duett mellan Orlando (Ricki Gonzalez) och Rosalinda (Klara Aspling). Jag skulle g\u00e4rna ha h\u00f6rt dem sjunga mer i f\u00f6rest\u00e4llningen. De har b\u00e5da fina r\u00f6ster och sjunger med stor inlevelse.<\/p>\n<p>&nbsp;<\/p>\n<p><a title=\"Lek och fest i Ardennerskogen. by Kultursidan, on Flickr\" href=\"http:\/\/www.flickr.com\/photos\/kultursidan\/10695423024\/\"><img decoding=\"async\" alt=\"Lek och fest i Ardennerskogen.\" src=\"http:\/\/farm8.staticflickr.com\/7389\/10695423024_177985afa0.jpg\" width=\"400\" \/><\/a><br \/>\n<em> Lek och fest i Ardennerskogen.<\/em><\/p>\n<p>&nbsp;<\/p>\n<p><b>Efter pausen f\u00f6rflyttas vi ut i Ardennerskogen dit alla verkar ha tagit sin tillflykt.<\/b> Rosalinda, nu utkl\u00e4dd till ynglingen Ganymedes, och Celia f\u00f6rest\u00e4llande hans syster bor i skogen sedan de drivits p\u00e5 landsflykt av Celias far. Celia (Fanny Liljegren) \u00e4r tryggheten sj\u00e4lv i b\u00e5de repliker och kroppsspr\u00e5k. Med sig har flickorna narren Proba (Nea Kjellstr\u00f6m P\u00e5lb\u00e4ck) som p\u00e5 ett underfundigt s\u00e4tt sprider klokskap kring sig.<\/p>\n<p>Orlando letar efter Rosalinda i skogen men finner ist\u00e4llet den besegrade hertigen och hans m\u00e4n. De lever likt Robin Hood ute i den fridfulla naturen. Oliver, Orlandos bror, letar efter Orlando f\u00f6r att f\u00f6ra honom, d\u00f6d eller levande, till den h\u00e4rskande hertigen. Och till r\u00e5ga p\u00e5 allt tr\u00e4ffar vi p\u00e5 herden Silvius som utan framg\u00e5ng f\u00f6rs\u00f6ker f\u00e5 flickan Phebe att \u00e4lska honom.<\/p>\n<p>Som alltid blandar Shakespeare h\u00f6gt och l\u00e5gt \u2013 kungar med b\u00f6nder och civiliserat hov med vild skog f\u00f6r att l\u00e5ta personerna spegla sig i varandra. Och visst \u00e4r vi alla lika, trots b\u00f6rd och ursprung l\u00e4ngtar vi alla efter k\u00e4rlek och r\u00e4ttvisa.<\/p>\n<p>&nbsp;<\/p>\n<p><a title=\"Ett av de finaste \u00f6gonblicken i f\u00f6rest\u00e4llningen \u2013 k\u00f6ren som v\u00e4xer \u2013 dansen som f\u00f6rtrollar. by Kultursidan, on Flickr\" href=\"http:\/\/www.flickr.com\/photos\/kultursidan\/10695380535\/\"><img decoding=\"async\" alt=\"Ett av de finaste \u00f6gonblicken i f\u00f6rest\u00e4llningen \u2013 k\u00f6ren som v\u00e4xer \u2013 dansen som f\u00f6rtrollar.\" src=\"http:\/\/farm8.staticflickr.com\/7397\/10695380535_12c0c7b6f6.jpg\" width=\"400\" \/><\/a><br \/>\n<em> F\u00f6rtrollande \u00f6gonblick. K\u00f6ren och en dansare.<\/em><\/p>\n<p>&nbsp;<\/p>\n<p><b>Scenen p\u00e5 Arbis myllrar av akt\u00f6rer.<\/b> Gycklare och dansare markerar \u00f6verg\u00e5ngar och avslut p\u00e5 de olika scenerna. De binder samman f\u00f6rest\u00e4llningen och ger oss i publiken chans att landa i h\u00e4ndelsef\u00f6rloppet som inte alltid \u00e4r s\u00e5 l\u00e4tt att h\u00e4nga med i. Scenbilden utg\u00f6rs av filmade stillbilder som snabbt f\u00f6rflyttar oss fr\u00e5n en plats till en annan. I \u00f6vrigt \u00e4r scenen tom p\u00e5 rekvisita f\u00f6rutom de praktfulla kostymerna som m\u00e5nga ser ut att komma ur \u00d6stg\u00f6tateaterns v\u00e4lfyllda kl\u00e4df\u00f6rr\u00e5d.<\/p>\n<p><b>Musiken i f\u00f6rest\u00e4llningen understryker tidl\u00f6sheten i handlingen.<\/b> Rock- och popmusik blandas med musik fr\u00e5n 1500-talet. Musikanterna sitter b\u00e5de p\u00e5 l\u00e4ktaren och finns med uppe p\u00e5 scenen. Det l\u00e5ter riktigt bra, men ibland blir ljudstyrkan n\u00e5got starkare \u00e4n det \u00e4r behagligt f\u00f6r \u00f6ronen.<\/p>\n<p>&nbsp;<\/p>\n<p><a title=\"Bolivianska dansgruppens smittande intensitet. by Kultursidan, on Flickr\" href=\"http:\/\/www.flickr.com\/photos\/kultursidan\/10695383575\/\"><img decoding=\"async\" alt=\"Bolivianska dansgruppens smittande intensitet.\" src=\"http:\/\/farm8.staticflickr.com\/7441\/10695383575_81d1287fb7.jpg\" width=\"400\" \/><\/a><br \/>\n<em>Fartfyllt. Den bolivianska dansgruppen sm\u00e4lter v\u00e4l in i handlingen.<\/em><\/p>\n<p>&nbsp;<\/p>\n<p><strong>Ett annorlunda inslag \u00e4r den bolivianska dansgruppen som g\u00f6r tv\u00e5 intensiva och fartfyllda danser i f\u00f6rest\u00e4llningen.<\/strong> De sm\u00e4lter v\u00e4l in i handlingen och bidrar till det nyt\u00e4nk musiken i sig bidrar med till pj\u00e4sen. Trots m\u00e5nga och l\u00e5nga repliker klarar sk\u00e5despelarna att leverera texten. Ibland g\u00e5r det lite f\u00f6r fort, men det mesta g\u00e5r fram. Helheten \u00e4r styrkan och spelgl\u00e4djen g\u00e5r det inte att ta fel p\u00e5.<\/p>\n<p><em>Text: Felicia Eriksson<\/em><br \/>\n<em>Foto: Sven-\u00c5ke Molund och Ann-Charlotte Sandelin<\/em><\/p>\n<p>&nbsp;<\/p>\n<blockquote>\n<h3><em>ARBIS Norrk\u00f6ping<\/em><\/h3>\n<p>Premi\u00e4r 3 november 2013<br \/>\n5 november kl 18.30<br \/>\n9, 10 november kl 15<br \/>\nSkolf\u00f6rest\u00e4llningar 7, 8, 12, 13 november<em><br \/>\n<b>Som ni vill ha det<\/b><br \/>\nav William Shakespeare<\/em><br \/>\n<em> \u00d6vers\u00e4ttning: G\u00f6ran O Eriksson<\/em><br \/>\n<em> Regi:\u00a0\u00a0\u00a0\u00a0\u00a0\u00a0\u00a0\u00a0\u00a0\u00a0\u00a0\u00a0\u00a0\u00a0\u00a0\u00a0\u00a0\u00a0\u00a0\u00a0\u00a0\u00a0\u00a0\u00a0\u00a0\u00a0\u00a0\u00a0\u00a0\u00a0\u00a0\u00a0\u00a0\u00a0 Pia Molin, Robin Lundstedt<\/em><br \/>\n<em> Musikansvarig:\u00a0\u00a0\u00a0\u00a0\u00a0\u00a0\u00a0\u00a0\u00a0\u00a0\u00a0\u00a0\u00a0\u00a0\u00a0\u00a0\u00a0\u00a0 Mattias Bhatt<\/em><br \/>\n<em> Arrangemang och nyskriven musik:\u00a0\u00a0\u00a0\u00a0\u00a0\u00a0\u00a0\u00a0 Yaki Petersohn Shilo<\/em><br \/>\n<em> Koreografi:\u00a0\u00a0\u00a0\u00a0\u00a0\u00a0\u00a0\u00a0\u00a0\u00a0\u00a0\u00a0\u00a0\u00a0\u00a0\u00a0\u00a0\u00a0\u00a0\u00a0\u00a0\u00a0\u00a0\u00a0\u00a0 Pascal Behnan<\/em><br \/>\n<em> Stagefighting :\u00a0\u00a0\u00a0\u00a0\u00a0\u00a0\u00a0\u00a0\u00a0\u00a0\u00a0\u00a0\u00a0\u00a0\u00a0\u00a0\u00a0\u00a0\u00a0\u00a0 Tarmo Hietala<\/em><br \/>\n<em> Filmbakgrund:\u00a0\u00a0\u00a0\u00a0\u00a0\u00a0\u00a0\u00a0\u00a0\u00a0\u00a0\u00a0\u00a0\u00a0\u00a0\u00a0\u00a0\u00a0\u00a0 M\u00e5ns Ahlin<\/em><br \/>\n<em> Kostym:\u00a0\u00a0\u00a0\u00a0\u00a0\u00a0\u00a0\u00a0\u00a0\u00a0\u00a0\u00a0\u00a0\u00a0\u00a0\u00a0\u00a0\u00a0\u00a0\u00a0\u00a0\u00a0\u00a0\u00a0\u00a0\u00a0\u00a0\u00a0 Susanne Pehrsson, Pia Molin, \u00d6stg\u00f6tateatern<\/em><br \/>\n<em> Ljusdesign:\u00a0\u00a0\u00a0\u00a0\u00a0\u00a0\u00a0\u00a0\u00a0\u00a0\u00a0\u00a0\u00a0\u00a0\u00a0\u00a0\u00a0\u00a0\u00a0\u00a0\u00a0\u00a0\u00a0\u00a0 Gustav Langstr\u00f6m<\/em><\/p>\n<p style=\"padding-left: 30px;\"><em>MEDVERKANDE<\/em><br \/>\n<em> Sk\u00e5despelare, s\u00e5ngare, dansare och musiker fr\u00e5n Kulturskolan och Fritidsg\u00e5rdarna<\/em><\/p>\n<\/blockquote>\n<p>L\u00c4NKAR<br \/>\nArbis <a href=\"http:\/\/www.arbis.se\" target=\"_blank\">hemsida <\/a><br \/>\nFritidsg\u00e5rdarna <a title=\"Fritidsg\u00e5rdar\" href=\"http:\/\/www.norrkoping.se\/barn-utbildning\/fritidsgardar\/\" target=\"_blank\">hemsida <\/a><br \/>\nKulturskolan <a title=\"Kulturskolan\" href=\"http:\/\/www.norrkoping.se\/kultur-fritid\/kulturskolan\/\" target=\"_blank\">hemsida <\/a><br \/>\nSom ni vill ha det n\u00e4ra premi\u00e4r p\u00e5 Arbis <a title=\"Som ni vill ha det n\u00e4ra premi\u00e4r p\u00e5 Arbis\" href=\"https:\/\/www.kultursidan.nu\/?p=12825\" target=\"_blank\">reportage<\/a> Kultursidan.nu 30\/10 2013<br \/>\nFLER BILDER FR\u00c5N F\u00d6REST\u00c4LLNINGEN \u2013 KLICKA<\/p>\n<p>[flickr-gallery mode=&#8221;photoset&#8221; photoset=&#8221;72157637352852426&#8243;]<\/p>\n<p>&nbsp;<\/p>\n","protected":false},"excerpt":{"rendered":"<p>NORRK\u00d6PING Fartfyllt blir det n\u00e4r Kulturskolan och Fritidsg\u00e5rdarna i Norrk\u00f6ping tar sig an Shakespeare tillsammans. I s\u00f6ndags var det premi\u00e4r f\u00f6r musikteaterf\u00f6rest\u00e4llningen Som ni vill ha det p\u00e5 Arbis. <a class=\"continue-reading-link\" href=\"https:\/\/www.kultursidan.nu\/?p=12864\">L\u00e4s mer <span class=\"meta-nav\">&rarr; <\/span><\/a><\/p>\n","protected":false},"author":1001006,"featured_media":0,"comment_status":"closed","ping_status":"open","sticky":false,"template":"","format":"standard","meta":{"_jetpack_memberships_contains_paid_content":false,"footnotes":""},"categories":[7],"tags":[12],"class_list":["post-12864","post","type-post","status-publish","format-standard","hentry","category-norrkoping","tag-teater"],"jetpack_featured_media_url":"","jetpack_sharing_enabled":true,"_links":{"self":[{"href":"https:\/\/www.kultursidan.nu\/index.php?rest_route=\/wp\/v2\/posts\/12864","targetHints":{"allow":["GET"]}}],"collection":[{"href":"https:\/\/www.kultursidan.nu\/index.php?rest_route=\/wp\/v2\/posts"}],"about":[{"href":"https:\/\/www.kultursidan.nu\/index.php?rest_route=\/wp\/v2\/types\/post"}],"author":[{"embeddable":true,"href":"https:\/\/www.kultursidan.nu\/index.php?rest_route=\/wp\/v2\/users\/1001006"}],"replies":[{"embeddable":true,"href":"https:\/\/www.kultursidan.nu\/index.php?rest_route=%2Fwp%2Fv2%2Fcomments&post=12864"}],"version-history":[{"count":0,"href":"https:\/\/www.kultursidan.nu\/index.php?rest_route=\/wp\/v2\/posts\/12864\/revisions"}],"wp:attachment":[{"href":"https:\/\/www.kultursidan.nu\/index.php?rest_route=%2Fwp%2Fv2%2Fmedia&parent=12864"}],"wp:term":[{"taxonomy":"category","embeddable":true,"href":"https:\/\/www.kultursidan.nu\/index.php?rest_route=%2Fwp%2Fv2%2Fcategories&post=12864"},{"taxonomy":"post_tag","embeddable":true,"href":"https:\/\/www.kultursidan.nu\/index.php?rest_route=%2Fwp%2Fv2%2Ftags&post=12864"}],"curies":[{"name":"wp","href":"https:\/\/api.w.org\/{rel}","templated":true}]}}