{"id":12872,"date":"2013-11-06T14:01:16","date_gmt":"2013-11-06T13:01:16","guid":{"rendered":"https:\/\/intelligent-friend-7861.standoutwp.com\/?p=12872"},"modified":"2013-12-01T17:34:56","modified_gmt":"2013-12-01T16:34:56","slug":"dystopia-malar-en-mork-framtid-recension","status":"publish","type":"post","link":"https:\/\/www.kultursidan.nu\/?p=12872","title":{"rendered":"Dystopia m\u00e5lar en m\u00f6rk framtid (recension)"},"content":{"rendered":"<p><a href=\"http:\/\/www.flickr.com\/photos\/kultursidan\/10706153316\/\" title=\"V\u00e5gar du d\u00f6da? by Kultursidan, on Flickr\"><img loading=\"lazy\" decoding=\"async\" src=\"http:\/\/farm4.staticflickr.com\/3774\/10706153316_ed3a960a63.jpg\" width=\"500\" height=\"333\" alt=\"V\u00e5gar du d\u00f6da?\"><\/a><\/p>\n<p><i>V\u00e5gar du d\u00f6da? Nerverna ligger utanp\u00e5 i motst\u00e5ndsgruppen.<\/i><\/p>\n<p>&nbsp;<\/p>\n<h1><span style=\"color: #ff0000;\">Fragment fr\u00e5n en ond tid<\/span><\/h1>\n<p>&nbsp;<\/p>\n<p><b>Fragment fr\u00e5n en ond tid m\u00f6ter publiken i <i>Dystopia<\/i>. <\/b>Kvartersteaterns nya vandringsteater som gavs under Halloween, vi blandar inte detta samman med Allhelgonahelgen, st\u00e4ller allt p\u00e5 sin spets. Man kan inte vara s\u00e4ker p\u00e5 n\u00e5gonting. Till och med upproret kan vara en del av en ondskefull plan.<\/p>\n<p>Det \u00e4r en m\u00f6rk ber\u00e4ttelse \u2013 i dubbel bem\u00e4rkelse. M\u00e5nga av rummen \u00e4r sl\u00e4ckta, eller ytterst svagt upplysta. Att fotografera blir i b\u00e4sta fall en utmaning, i andra fall sv\u00e5rare.<\/p>\n<p>&nbsp;<\/p>\n<p><a title=\"Publiken tas emot i foaj\u00e9n av tv\u00e5 m\u00e4n i l\u00e4karrock. by Kultursidan, on Flickr\" href=\"http:\/\/www.flickr.com\/photos\/kultursidan\/10706133314\/\"><img decoding=\"async\" alt=\"Publiken tas emot i foaj\u00e9n av tv\u00e5 m\u00e4n i l\u00e4karrock.\" src=\"http:\/\/farm8.staticflickr.com\/7324\/10706133314_fb2a289396.jpg\" width=\"400\" \/><\/a><br \/>\n<em>L\u00e4kare eller b\u00e5rhuspersonal? Spelet p\u00e5g\u00e5r redan n\u00e4r publiken anl\u00e4nder.<\/em><\/p>\n<p>&nbsp;<\/p>\n<p><b>Spelet p\u00e5g\u00e5r redan n\u00e4r publiken droppar in i Teater Br\u00e5ddgatan 34:s foaj\u00e9.<\/b> Vi tas emot av tv\u00e5 m\u00e4n i l\u00e4karrock, eller om de \u00e4r vaktm\u00e4stare fr\u00e5n b\u00e5rhuset. Den som vill i publiken f\u00e5r ett randigt plastband om armen, d\u00e5 \u00e4r man beredd p\u00e5 interaktion med sk\u00e5despelarna. En av m\u00e4nnen, blodig under ena \u00f6gat, petar n\u00e4rg\u00e5nget p\u00e5 mina knappar och s\u00e4ger att \u201dallt \u00e4r som det ska vara\u201d.<\/p>\n<p><strong>P\u00e5 en upph\u00f6jd plats i rummet ligger en kvinna, kopplad till en sl\u00e4ckt monitor.<\/strong> N\u00e4r alla i publiken anl\u00e4nt och satt sig kvicknar hon till, s\u00e4tter sig upp, andas tungt och som av sm\u00e4rta.<\/p>\n<p>\u2013 Det h\u00e4r \u00e4r f\u00f6rsta dagen. Jag vet inte vad de gjort med mig.<br \/>\n\u2013 Jag minns att vi hade m\u00f6jlighet att g\u00f6ra n\u00e5got, men vi gjorde ingenting.<\/p>\n<p>&nbsp;<\/p>\n<p><a title=\"Varelser i dunklet. by Kultursidan, on Flickr\" href=\"http:\/\/www.flickr.com\/photos\/kultursidan\/10706154546\/\"><img decoding=\"async\" alt=\"Varelser i dunklet.\" src=\"http:\/\/farm3.staticflickr.com\/2862\/10706154546_1ef7668d0b.jpg\" width=\"400\" \/><\/a><br \/>\n<em>Ansiktsl\u00f6sa. Varelserna i dunklet tycks ha varit med om en katastrof, &#8221;vattnet rinner ner i lungorna&#8221;. Att vara \u00e5tskild fr\u00e5n dem med ett rep \u00e4r obehagligt.<\/em><\/p>\n<p>&nbsp;<\/p>\n<p><b>Hon blir v\u00e5r guide genom <i>Dystopias<\/i> helvetesvandring, med de tv\u00e5 m\u00e4nnen som p\u00e5f\u00f6sare.<\/b> Vi f\u00f6rst mellan stationer som f\u00f6r tankarna till Dantes <i>Inferno<\/i>, till filmen <i>Matrix<\/i>, till Ray Bradurys bok <i>Farenheit 451 <\/i>och Karin Boyes<i> Kallocain, <\/i>ja till mycket. Men i skr\u00e4mmande h\u00f6g grad till f\u00f6reteelser i v\u00e5r egen tid, som skruvats \u00e5t \u2013 h\u00e5rt. Inga f\u00f6rklaringar ges, det \u00e4r som fragment ur en framtid.<\/p>\n<p>I <i>Dystopia<\/i> sorteras m\u00e4nniskorna, de som f\u00e5r och de som blir utan. Den medicinska utvecklingen tycks ha n\u00e5tt h\u00f6ga niv\u00e5er, medan den etiska slirar p\u00e5 botten. Samtidigt gisslas ett informationssamh\u00e4lle d\u00e4r alla har all information men den \u00e4r s\u00e5 \u00f6verfl\u00f6dande att den blir obegriplig.<\/p>\n<p>Vi m\u00f6ter maktl\u00f6sa varelser men ocks\u00e5 m\u00e4nniskor som tycks ha makt, fullt upptagna med spelkontroller och i total avsaknad av empati. Om det \u00e4r spel, om det \u00e4r en verklighet de kontrollerar, om de vet vad de g\u00f6r, vilket av detta som st\u00e4mmer \u00e4r outtalat.<\/p>\n<p>Dock finns en h\u00f6gladdad motst\u00e5ndsgrupp. Men v\u00e5gar man tro p\u00e5 den och dess sanning \u201dFrihet Till Alla. Krossa Systemet!\u201d. Den kan vara en del av maktens plan.<\/p>\n<p>&nbsp;<\/p>\n<p><a title=\"Skr\u00e4mmande skuggspel. by Kultursidan, on Flickr\" href=\"http:\/\/www.flickr.com\/photos\/kultursidan\/10706154256\/\"><img decoding=\"async\" alt=\"Skr\u00e4mmande skuggspel.\" src=\"http:\/\/farm3.staticflickr.com\/2819\/10706154256_e3e19323bc.jpg\" width=\"400\" \/><\/a><br \/>\n<em>Skuggspel. En ur publiken plockas ut \u2013 och kommer inte tillbaka.<\/em><\/p>\n<p>&nbsp;<\/p>\n<p><b><i>Dystopia<\/i><\/b><b> utnyttjar mixen av unga och vuxna amat\u00f6rsk\u00e5despelare effektivt.<\/b> De \u00e4ldres f\u00f6rm\u00e5ga till skarpt, tungt utspel m\u00f6ter unga \u201dperfekta dockor\u201d eller \u201dstackars barn\u201d. Det \u00e4r ocks\u00e5 roligt att Kvartersteatern utnyttjar Teater Br\u00e5ddgatan 34:s lokaler, scener, korridor och repetitionssalar.<\/p>\n<p>Nej, jag blir inte r\u00e4dd under vandringen, mest road. Men jag l\u00e4gger p\u00e5 minnet att jag sj\u00e4lv har m\u00f6jlighet, ansvar, att g\u00f6ra n\u00e5got redan i dag. Mot sortering, f\u00f6r f\u00f6rst\u00e5else.<\/p>\n<p><i>Text: Ann-Charlotte Sandelin<br \/>\nFoto: Christan L Hellberg<\/i><\/p>\n<blockquote>\n<h3><em>TEATER BR\u00c5DDGATAN 34 Norrk\u00f6ping<\/em><\/h3>\n<p>31 oktober, 1 o. 2 november 2013<em><br \/>\n<b>Dystopia<br \/>\n<\/b>av Anna Nygren<\/em><br \/>\n<em> Regi: Teodor Fredriksson och Frida Nystr\u00f6m<\/em><br \/>\n<em> Prod: Kvartersteatern<\/em><\/p><\/blockquote>\n<p>L\u00c4NKAR<br \/>\nKvartersteatern <a title=\"Kvartersteatern\" href=\"http:\/\/www.kvartersteatern.com\" target=\"_blank\">hemsida<\/a><br \/>\nTeater Br\u00e5ddgatan 34 <a title=\"Teater Br\u00e5ddgatan 34\" href=\"http:\/\/www.bg34.se\" target=\"_blank\">hemsida <\/a><br \/>\nDystopia vill skr\u00e4mma l\u00e5ngsamt <a title=\"Dystopia vill skr\u00e4mma l\u00e5ngsamt\" href=\"https:\/\/www.kultursidan.nu\/?p=12802\" target=\"_blank\">reportage<\/a> Kultursidan.nu 29\/10 2013<\/p>\n<p>FLER BILDER FR\u00c5N PREMI\u00c4REN \u2013 KLICKA<\/p>\n<p>[flickr-gallery mode=&#8221;photoset&#8221; photoset=&#8221;72157637374260244&#8243;]<\/p>\n","protected":false},"excerpt":{"rendered":"<p>NORRK\u00d6PING Fragment fr\u00e5n en ond tid. Sortering och utnyttjande. Kvartersteaterns nya vandringsteater i Halloweentid st\u00e4ller allt p\u00e5 sin spets, man kan inte vara s\u00e4ker p\u00e5 n\u00e5gonting. Till och med upproret kan vara en del av en ondskefull plan. <a class=\"continue-reading-link\" href=\"https:\/\/www.kultursidan.nu\/?p=12872\">L\u00e4s mer <span class=\"meta-nav\">&rarr; <\/span><\/a><\/p>\n","protected":false},"author":1001006,"featured_media":0,"comment_status":"closed","ping_status":"open","sticky":false,"template":"","format":"standard","meta":{"_jetpack_memberships_contains_paid_content":false,"footnotes":""},"categories":[7],"tags":[12],"class_list":["post-12872","post","type-post","status-publish","format-standard","hentry","category-norrkoping","tag-teater"],"jetpack_featured_media_url":"","jetpack_sharing_enabled":true,"_links":{"self":[{"href":"https:\/\/www.kultursidan.nu\/index.php?rest_route=\/wp\/v2\/posts\/12872","targetHints":{"allow":["GET"]}}],"collection":[{"href":"https:\/\/www.kultursidan.nu\/index.php?rest_route=\/wp\/v2\/posts"}],"about":[{"href":"https:\/\/www.kultursidan.nu\/index.php?rest_route=\/wp\/v2\/types\/post"}],"author":[{"embeddable":true,"href":"https:\/\/www.kultursidan.nu\/index.php?rest_route=\/wp\/v2\/users\/1001006"}],"replies":[{"embeddable":true,"href":"https:\/\/www.kultursidan.nu\/index.php?rest_route=%2Fwp%2Fv2%2Fcomments&post=12872"}],"version-history":[{"count":0,"href":"https:\/\/www.kultursidan.nu\/index.php?rest_route=\/wp\/v2\/posts\/12872\/revisions"}],"wp:attachment":[{"href":"https:\/\/www.kultursidan.nu\/index.php?rest_route=%2Fwp%2Fv2%2Fmedia&parent=12872"}],"wp:term":[{"taxonomy":"category","embeddable":true,"href":"https:\/\/www.kultursidan.nu\/index.php?rest_route=%2Fwp%2Fv2%2Fcategories&post=12872"},{"taxonomy":"post_tag","embeddable":true,"href":"https:\/\/www.kultursidan.nu\/index.php?rest_route=%2Fwp%2Fv2%2Ftags&post=12872"}],"curies":[{"name":"wp","href":"https:\/\/api.w.org\/{rel}","templated":true}]}}