{"id":12976,"date":"2013-11-13T12:39:40","date_gmt":"2013-11-13T11:39:40","guid":{"rendered":"https:\/\/intelligent-friend-7861.standoutwp.com\/?p=12976"},"modified":"2013-12-01T17:45:30","modified_gmt":"2013-12-01T16:45:30","slug":"inger-sodergren-skapar-uppifran","status":"publish","type":"post","link":"https:\/\/www.kultursidan.nu\/?p=12976","title":{"rendered":"Inger S\u00f6dergren skapar uppifr\u00e5n"},"content":{"rendered":"<p><a href=\"http:\/\/www.flickr.com\/photos\/kultursidan\/10835767384\/\" title=\"Inger S\u00f6dergren st\u00e4ller ut p\u00e5 Galleri Kronan. by Kultursidan, on Flickr\"><img loading=\"lazy\" decoding=\"async\" src=\"http:\/\/farm8.staticflickr.com\/7309\/10835767384_dfe316c69a.jpg\" width=\"500\" height=\"332\" alt=\"Inger S\u00f6dergren st\u00e4ller ut p\u00e5 Galleri Kronan.\"><\/a><\/p>\n<p><i>Utstickare. Inger S\u00f6dergren har bearbetat minnen fr\u00e5n barndomens landskap.<\/i><\/p>\n<p>&nbsp;<\/p>\n<h1><span style=\"color: #ff0000;\">Utstickande minnen, stigar och sp\u00e5r i sn\u00f6<\/span><\/h1>\n<p>&nbsp;<\/p>\n<p><b>\u2013 Keramik p\u00e5 v\u00e4gg \u00e4r ofta platt, relief eller kakel. Jag har velat f\u00e5 ut mina verk fr\u00e5n v\u00e4ggen.<\/b> Inger S\u00f6dergren visar sina verk p\u00e5 Galleri Kronan. <i>On My Wall<\/i> heter utst\u00e4llningen kort och gott, versalerna (stor bokstav) markerar vikten av varje best\u00e5ndsdel av titeln.<\/p>\n<p>I stora entr\u00e9rummet h\u00e4nger (och rentav sticker ut) keramiska verk med tydliga kontraster. Formerna \u00e4r mjuka eller vassa. F\u00e4rgskalan ljus eller brunsvart, ibland med marmoreringar. Blank eller matt.<\/p>\n<p><b>Nu ber\u00e4ttar Inger S\u00f6dergren om en avg\u00f6rande h\u00e4ndelse, om en utst\u00e4llning i Galleri Vreta kloster f\u00f6r ett par \u00e5r sedan.<\/b> Vreta kloster ligger invid Berg d\u00e4r Inger S\u00f6dergren v\u00e4xte upp. Hon \u00e5terv\u00e4nde till de stigar hon g\u00e5tt som barn, s\u00e4rskilt till en mosse d\u00e4r hon upplevde att ljuset och luften var annorlunda.<\/p>\n<p>\u2013 Jag kunde inte bortse fr\u00e5n att jag vuxit upp d\u00e4r, det var min skolv\u00e4g. Jag var tvungen att relatera platsspecifikt. Men jag \u00e4r ingen \u201dnaturm\u00e5lare\u201d utan arbetar med abstrakta former.<\/p>\n<p>&nbsp;<\/p>\n<p><a title=\"IMG_2339 by Kultursidan, on Flickr\" href=\"http:\/\/www.flickr.com\/photos\/kultursidan\/10823858894\/\"><img decoding=\"async\" alt=\"IMG_2339\" src=\"http:\/\/farm4.staticflickr.com\/3708\/10823858894_6c9c235b93.jpg\" width=\"400\" \/><\/a><br \/>\n<em>Abstrakt konstn\u00e4r. Inger S\u00f6dergren framf\u00f6r n\u00e5gra verk som \u00e4r f\u00f6rknpppade med barndomens mosse.<\/em><\/p>\n<p>&nbsp;<\/p>\n<p><b>Inger S\u00f6dergren valde att se och minnas uppifr\u00e5n, distansen blev till ett f\u00e5gelperspektiv.<\/b> Hon visar p\u00e5 n\u00e5gra l\u00e4ttf\u00e5ngade exempel, helvita sp\u00e5r i sn\u00f6n i ett verk, en vit stig som sk\u00e4r genom den bruna mossen \u2013 en g\u00e5ngbar rest efter det tidiga 1900-talets torvt\u00e4kt. Men en serie vita sn\u00e4ckformer \u00e4r i st\u00e4llet bearbetade minnen av \u00e4ngsullens blommor, m\u00e5nga g\u00e5nger st\u00f6rre.<\/p>\n<p>Kanske n\u00e5gra bulliga objekt \u00e4r all\u00e9tr\u00e4d och vita sm\u00e5 paraplyformer minnen av regniga dagar eller fr\u00e5n svampskogen. S\u00e5 kan man roa sig med att fantisera. Andra verk \u00e4r betydligt mer sv\u00e5rf\u00e5ngade och ska s\u00e5 vara. Jag fascineras av vita inverterade rosengrottor djupt innanf\u00f6r brunsvarta veck. Och vill inte heller veta bakgrunden till n\u00e5gra riktiga utstickare.<\/p>\n<p><b>Inger S\u00f6dergren arbetar i ljus stengodslera som hon br\u00e4nner i den l\u00e4gre temperatur som man anv\u00e4nder f\u00f6r vanligt lergods, \u201dd\u00e5 sluter sig inte ytan\u201d.<\/b> Fr\u00e5n timmarna i elugnen till den snabba dekorbr\u00e4nningen utomhus. D\u00e4r hon skyddar delar av ytan med ett tunt lager lera, som tv\u00e4ttas bort efter\u00e5t. Dekorbr\u00e4nningen kan upprepas, det \u00e4r d\u00e5 marmoreringarna uppst\u00e5r.<\/p>\n<p>\u2013 Jag br\u00e4nner med tidningspapper och lite torrt material fr\u00e5n tr\u00e4dg\u00e5rden. Jag iakttar f\u00e4rgen p\u00e5 l\u00e5gorna och r\u00f6ken och avbryter n\u00e4r jag tycker att det \u00e4r dags.<\/p>\n<p>&nbsp;<\/p>\n<p><a title=\"IMG_2361 by Kultursidan, on Flickr\" href=\"http:\/\/www.flickr.com\/photos\/kultursidan\/10823855604\/\"><img decoding=\"async\" alt=\"IMG_2361\" src=\"http:\/\/farm3.staticflickr.com\/2876\/10823855604_d2ab4325f2.jpg\" width=\"400\" \/><\/a><\/p>\n<p><em>Tunn styrka. Stengodsfatets dekor fots\u00e4tter p\u00e5 undersidan.<\/em><\/p>\n<p>&nbsp;<\/p>\n<p><b>I det innersta rummet visar Inger S\u00f6dergren upp en helt annan sida.<\/b> Klassiska fat med m\u00f6nster st\u00e5r p\u00e5 podier och h\u00e4nger p\u00e5 v\u00e4ggarna.<\/p>\n<p>\u2013 Form \u00e4r intressant men ocks\u00e5 grafiska m\u00f6nster, d\u00e5 p\u00e5 fat. Det \u00e4r kul att jobba med ytor som inte har b\u00f6rjan eller slut, s\u00e4ger hon och visar hur m\u00f6nstret forts\u00e4tter p\u00e5 fatens undersida.<\/p>\n<p><b>Inger S\u00f6dergren \u00e4r verksam i Kisa. <\/b>Hon har st\u00e4llt ut b\u00e5de i Sverige och i utlandet. <i>On My Wall <\/i>\u00e4r hennes f\u00f6rsta separatutst\u00e4llning i Norrk\u00f6ping, tidigare har hon deltagit i samlingsutst\u00e4llningar h\u00e4r.<\/p>\n<p><i>Text och foto: Ann-Charlotte Sandelin<br \/>\n<\/i><\/p>\n<blockquote>\n<h3><em>GALLERI KRONAN Norrk\u00f6ping<\/em><\/h3>\n<p>9 \u2013 24 november 2013<em><br \/>\n<b>On My Wall<br \/>\n<\/b>Inger S\u00f6dergren<\/em><br \/>\n<em> Keramik<\/em><\/p><\/blockquote>\n<p>L\u00c4NKAR<br \/>\nInger S\u00f6dergren <a title=\"Inger S\u00f6dergren\" href=\"http:\/\/www.ingersodergren.com\" target=\"_blank\">hemsida <\/a><br \/>\nGalleri Kronan <a title=\"Galleri Kronan\" href=\"http:\/\/www.gallerikronan.se\/\" target=\"_blank\">hemsida<\/a><\/p>\n<p>FLER BILDER FR\u00c5N UTST\u00c4LLNINGEN \u2013 KLICKA<\/p>\n<p>[flickr-gallery mode=&#8221;photoset&#8221; photoset=&#8221;72157637603550816&#8243;]<\/p>\n","protected":false},"excerpt":{"rendered":"<p>NORRK\u00d6PING Minnen fr\u00e5n mossen. Keramikern Inger S\u00f6dergren omvandlar minnen fr\u00e5n platser till v\u00e4ggh\u00e4ngda skulpturer. Formerna \u00e4r mjuka och vassa, f\u00e4rgerna marmorerade och brunsvarta. Br\u00e4nningen l\u00e5ngsam och dekorr\u00f6ken snabb. <a class=\"continue-reading-link\" href=\"https:\/\/www.kultursidan.nu\/?p=12976\">L\u00e4s mer <span class=\"meta-nav\">&rarr; <\/span><\/a><\/p>\n","protected":false},"author":1001006,"featured_media":0,"comment_status":"closed","ping_status":"open","sticky":false,"template":"","format":"standard","meta":{"_jetpack_memberships_contains_paid_content":false,"footnotes":""},"categories":[73,7],"tags":[14],"class_list":["post-12976","post","type-post","status-publish","format-standard","hentry","category-kisa","category-norrkoping","tag-konst"],"jetpack_featured_media_url":"","jetpack_sharing_enabled":true,"_links":{"self":[{"href":"https:\/\/www.kultursidan.nu\/index.php?rest_route=\/wp\/v2\/posts\/12976","targetHints":{"allow":["GET"]}}],"collection":[{"href":"https:\/\/www.kultursidan.nu\/index.php?rest_route=\/wp\/v2\/posts"}],"about":[{"href":"https:\/\/www.kultursidan.nu\/index.php?rest_route=\/wp\/v2\/types\/post"}],"author":[{"embeddable":true,"href":"https:\/\/www.kultursidan.nu\/index.php?rest_route=\/wp\/v2\/users\/1001006"}],"replies":[{"embeddable":true,"href":"https:\/\/www.kultursidan.nu\/index.php?rest_route=%2Fwp%2Fv2%2Fcomments&post=12976"}],"version-history":[{"count":0,"href":"https:\/\/www.kultursidan.nu\/index.php?rest_route=\/wp\/v2\/posts\/12976\/revisions"}],"wp:attachment":[{"href":"https:\/\/www.kultursidan.nu\/index.php?rest_route=%2Fwp%2Fv2%2Fmedia&parent=12976"}],"wp:term":[{"taxonomy":"category","embeddable":true,"href":"https:\/\/www.kultursidan.nu\/index.php?rest_route=%2Fwp%2Fv2%2Fcategories&post=12976"},{"taxonomy":"post_tag","embeddable":true,"href":"https:\/\/www.kultursidan.nu\/index.php?rest_route=%2Fwp%2Fv2%2Ftags&post=12976"}],"curies":[{"name":"wp","href":"https:\/\/api.w.org\/{rel}","templated":true}]}}