{"id":13181,"date":"2013-11-26T19:54:23","date_gmt":"2013-11-26T18:54:23","guid":{"rendered":"https:\/\/intelligent-friend-7861.standoutwp.com\/?p=13181"},"modified":"2014-01-09T12:17:59","modified_gmt":"2014-01-09T11:17:59","slug":"snart-premiar-for-lugna-dig-alskling","status":"publish","type":"post","link":"https:\/\/www.kultursidan.nu\/?p=13181","title":{"rendered":"Snart premi\u00e4r f\u00f6r Lugna dig \u00c4lskling!"},"content":{"rendered":"<p><iframe loading=\"lazy\" src=\"https:\/\/www.flickr.com\/photos\/kultursidan\/11063245233\/player\/2eb6e468f3\" height=\"333\" width=\"500\"  frameborder=\"0\" allowfullscreen webkitallowfullscreen mozallowfullscreen oallowfullscreen msallowfullscreen><\/iframe><\/p>\n<p><i>Repetition p\u00e5g\u00e5r. Regiss\u00f6ren Stephan Gr\u00f6nroos antecknar flitigt.<\/i><\/p>\n<p>&nbsp;<\/p>\n<h1><span style=\"color: #ff0000;\">\u201dF\u00f6rsta g\u00e5ngen jag f\u00e5r vara fr\u00e4ck i mun\u201d<\/span><\/h1>\n<p>&nbsp;<\/p>\n<p><b>Taklampornas ljus flackar i Villastadsskolan i Kneippen i Norrk\u00f6ping.<\/b> Carola Fogelgren har en liten r\u00f6d ros i urringningen. Rosen, urringningen och kl\u00e4nningen h\u00f6r till Dolores, hennes rollfigur i komedin <i>Lugna dig \u00c4lskling\u2026 det \u00e4r jul!<\/i><\/p>\n<p>\u2013 De tror ju att jag \u00e4r spanjorska s\u00e5 jag ska f\u00e4rga h\u00e5ret svart. Men jag \u00e4r fr\u00e5n \u00c5tvidaberg!, s\u00e4ger Carola Fogelgren och skrattar.<\/p>\n<p>I verkligheten \u00e4r hon fr\u00e5n Norrk\u00f6ping men bosatte sig i S\u00f6derk\u00f6ping n\u00e4r barnen var sm\u00e5. Amat\u00f6rteater har hon spelat i tio \u00e5r, mest i Sythercopie och nu \u00e4ven i det teaterg\u00e4ng som de senaste fem \u00e5ren spelat folklustspel p\u00e5 Forsemanska g\u00e5rden.<\/p>\n<p>\u2013 Fr\u00e5n barnteater till vuxenteater, s\u00e4ger hon och skrattar \u00e5t sina egna ord, s\u00e4ger att \u201ddet l\u00e5ter fel\u201d. Jag tror att hon menar att lekfullheten i spelen suddar ut den sortens gr\u00e4nser.<\/p>\n<p>&nbsp;<\/p>\n<p><a title=\"Nettan instruerar Dolores, som ska l\u00e5tsas vara familjens hembitr\u00e4de. by Kultursidan, on Flickr\" href=\"http:\/\/www.flickr.com\/photos\/kultursidan\/11063176666\/\"><img decoding=\"async\" alt=\"Nettan instruerar Dolores, som ska l\u00e5tsas vara familjens hembitr\u00e4de.\" src=\"http:\/\/farm8.staticflickr.com\/7299\/11063176666_436ebc24b9.jpg\" width=\"400\" \/><\/a><br \/>\n<em>Nettan instruerar &#8221;hembitr\u00e4det&#8221; Dolores. Fr\u00e5n v\u00e4nster Marina Andersson, Janne Gustavsson och Carola Fogelgren.<\/em><\/p>\n<p>&nbsp;<\/p>\n<p><b>\u2013 Jag g\u00f6r hellre genomdrag och g\u00e5r igenom i efterhand.<\/b> Folk kan sina repliker \u00e4ven om det h\u00e4nder att de tappar dem. Regiss\u00f6ren Stephan Gr\u00f6nroos vet vid det h\u00e4r laget hur han vill l\u00e4gga upp arbetet.<\/p>\n<p>Tv\u00e5 par och ett hembitr\u00e4de p\u00e5 l\u00e5tsas. Repetitionerna har p\u00e5g\u00e5tt hela h\u00f6sten, omv\u00e4xlande i Villastadsskolan i Norrk\u00f6ping och i Vidarlogen i S\u00f6derk\u00f6ping d\u00e4r komedin f\u00e5r sin premi\u00e4r och spelas i december. Han har sj\u00e4lv skrivit pj\u00e4sen om paret som f\u00e5r bes\u00f6k av makens nye chef med fru. Upplagt f\u00f6r f\u00f6rdomar, f\u00f6rvecklingar och f\u00f6rv\u00e4xlingar i ett manus som fylls av sm\u00e5 vitsigheter, intim humor och pikanta avsl\u00f6janden.<\/p>\n<p>\u2013 Det \u00e4r en komedi som jag vill v\u00e4va in lite allvar i.<\/p>\n<p><b>Ett piano, stolar p\u00e5 rad och s\u00e5 hela matsalsm\u00f6blemanget i skolan.<\/b> Det \u00e4r s\u00e5 l\u00e5ngt ifr\u00e5n en teaterscen man kan komma, och i denna st\u00f6rande milj\u00f6 ska ensemblen leva sig in i sk\u00e5despelet. I fina Vidarlogen i S\u00f6derk\u00f6ping \u00e4r scenografin redan p\u00e5 plats, med soffa, bord och lite till.<\/p>\n<p>\u2013 Att komma hit \u00e4r som att backa i utvecklingen, kommenterar Stephan Gr\u00f6nroos innan han s\u00e4tter sig med sin skrivbok och f\u00f6ljer genomdraget. Herr och fru Lejonhufvud f\u00f6r ett animerat samtal inf\u00f6r Chefens bes\u00f6k.<\/p>\n<p>&nbsp;<\/p>\n<p><a title=\"De tv\u00e5 herrarna b\u00f6rjar uppt\u00e4cka att de har mer \u00e4n julslipsarna gemensamt. by Kultursidan, on Flickr\" href=\"http:\/\/www.flickr.com\/photos\/kultursidan\/11063198854\/\"><img decoding=\"async\" alt=\"De tv\u00e5 herrarna b\u00f6rjar uppt\u00e4cka att de har mer \u00e4n julslipsarna gemensamt.\" src=\"http:\/\/farm6.staticflickr.com\/5521\/11063198854_677c51f7f9.jpg\" width=\"400\" \/><\/a><br \/>\n<em>Har de n\u00e5got mer \u00e4n julslipsarna gemensamt? Till v\u00e4nster Janne Gustavsson, till h\u00f6ger Peter Mattsson.<\/em><\/p>\n<p>&nbsp;<\/p>\n<p><b>Peter Mattsson som spelar Chefen \u00e4r nyast i ensemblen.<\/b> Han \u00e4r inl\u00e5nad fr\u00e5n Vikbolandsspelen d\u00e4r han spelat revy 2011 och 2012. Till sinnet har han alltid varit en spexare och ber\u00e4ttar om den viktiga jobbtr\u00e4ffen d\u00e4r han och kompisen d\u00f6k upp kl\u00e4dda i morgonrock och med vin i dropp\u00e5se med slang.<\/p>\n<p>\u2013 Jag \u00e4lskar att bjuda p\u00e5 skratt.<\/p>\n<p>Det \u00e4r en utmaning att st\u00e5 p\u00e5 scenen i tv\u00e5 timmar, s\u00e4rskilt j\u00e4mf\u00f6rt med revyns snabba in- och utg\u00e5ngar i numren. Skillnaden \u00e4r stor och Peter Mattsson uppskattar att komedin har en viss eftert\u00e4nksamhet, avsl\u00f6jar hur l\u00e4tt det \u00e4r att ha f\u00f6rdomar om medm\u00e4nniskan.<\/p>\n<p>\u2013 Jag l\u00e4r mig j\u00e4ttemycket. Stephan \u00e4r j\u00e4ttebra och noga. Han l\u00e4gger fram sin id\u00e9, hur karakt\u00e4ren ska vara, sedan har man sin frihet. Vi diskuterar b\u00e5de scener och repliker.<\/p>\n<p><b>\u2013 F\u00f6rsta g\u00e5ngen jag f\u00e5r vara fr\u00e4ck i mun, s\u00e4ger Carola Fogelgren och skrattar.<\/b> Det har hon l\u00e4tt f\u00f6r.<\/p>\n<p>\u2013 Det \u00e4r en fin gemenskap i ensemblen, vi skrattar tillsammans.<\/p>\n<p><i>Text och foto: Ann-Charlotte Sandelin<\/i><\/p>\n<blockquote>\n<h3><em>VIDARLOGEN S\u00f6derk\u00f6ping<\/em><\/h3>\n<p>5 \u2013 15 december 2013<br \/>\n<em><b>Lugna dig \u00c4lskling\u2026 det \u00e4r jul!<br \/>\n<\/b>Manus och regi: Stephan Gr\u00f6nroos<\/em><br \/>\n<em> Prod: Folklustspel i S\u00f6derk\u00f6ping och Nicim produktion<\/em><\/p>\n<p style=\"padding-left: 30px;\"><em>MEDVERKANDE<\/em><br \/>\n<em> Janne Gustavsson<\/em><br \/>\n<em> Marina Andersson<\/em><br \/>\n<em> Carola Fogelgren<\/em><br \/>\n<em> Peter Mattsson<\/em><br \/>\n<em> Annika Knutsson<\/em><\/p>\n<\/blockquote>\n<p>L\u00c4NKAR<br \/>\nLugna dig \u00e4lskling\u2026 <a title=\"Info\" href=\"http:\/\/www.pagang.info\/Event.aspx?s=135058&amp;e=2145368\" target=\"_blank\">info <\/a><\/p>\n<p>FLER BILDER FR\u00c5N REPETITIONEN \u2013 KLICKA<\/p>\n<p>[flickr-gallery mode=&#8221;photoset&#8221; photoset=&#8221;72157638070876645&#8243;]<\/p>\n","protected":false},"excerpt":{"rendered":"<p>S\u00d6DERK\u00d6PING Nye chefen med fru hembjuden dagen f\u00f6re julafton. Teaterg\u00e4nget fr\u00e5n Forsemanska g\u00e5rdens folklustspel flyttar inomhus med sin nyskrivna julkomedi. Repetitionerna drar ihop sig mot premi\u00e4r. <a class=\"continue-reading-link\" href=\"https:\/\/www.kultursidan.nu\/?p=13181\">L\u00e4s mer <span class=\"meta-nav\">&rarr; <\/span><\/a><\/p>\n","protected":false},"author":1001006,"featured_media":0,"comment_status":"closed","ping_status":"open","sticky":false,"template":"","format":"standard","meta":{"_jetpack_memberships_contains_paid_content":false,"footnotes":""},"categories":[7,6],"tags":[27,12],"class_list":["post-13181","post","type-post","status-publish","format-standard","hentry","category-norrkoping","category-soderkoping","tag-komedi","tag-teater"],"jetpack_featured_media_url":"","jetpack_sharing_enabled":true,"_links":{"self":[{"href":"https:\/\/www.kultursidan.nu\/index.php?rest_route=\/wp\/v2\/posts\/13181","targetHints":{"allow":["GET"]}}],"collection":[{"href":"https:\/\/www.kultursidan.nu\/index.php?rest_route=\/wp\/v2\/posts"}],"about":[{"href":"https:\/\/www.kultursidan.nu\/index.php?rest_route=\/wp\/v2\/types\/post"}],"author":[{"embeddable":true,"href":"https:\/\/www.kultursidan.nu\/index.php?rest_route=\/wp\/v2\/users\/1001006"}],"replies":[{"embeddable":true,"href":"https:\/\/www.kultursidan.nu\/index.php?rest_route=%2Fwp%2Fv2%2Fcomments&post=13181"}],"version-history":[{"count":0,"href":"https:\/\/www.kultursidan.nu\/index.php?rest_route=\/wp\/v2\/posts\/13181\/revisions"}],"wp:attachment":[{"href":"https:\/\/www.kultursidan.nu\/index.php?rest_route=%2Fwp%2Fv2%2Fmedia&parent=13181"}],"wp:term":[{"taxonomy":"category","embeddable":true,"href":"https:\/\/www.kultursidan.nu\/index.php?rest_route=%2Fwp%2Fv2%2Fcategories&post=13181"},{"taxonomy":"post_tag","embeddable":true,"href":"https:\/\/www.kultursidan.nu\/index.php?rest_route=%2Fwp%2Fv2%2Ftags&post=13181"}],"curies":[{"name":"wp","href":"https:\/\/api.w.org\/{rel}","templated":true}]}}