{"id":13265,"date":"2013-12-01T19:24:09","date_gmt":"2013-12-01T18:24:09","guid":{"rendered":"https:\/\/intelligent-friend-7861.standoutwp.com\/?p=13265"},"modified":"2014-01-09T12:31:00","modified_gmt":"2014-01-09T11:31:00","slug":"musikalisk-hyllning-till-monica-z-recension","status":"publish","type":"post","link":"https:\/\/www.kultursidan.nu\/?p=13265","title":{"rendered":"Musikalisk hyllning till Monica Z (recension)"},"content":{"rendered":"<p><iframe loading=\"lazy\" src=\"https:\/\/www.flickr.com\/photos\/kultursidan\/11155933573\/player\/188fa51b5a\" height=\"332\" width=\"500\"  frameborder=\"0\" allowfullscreen webkitallowfullscreen mozallowfullscreen oallowfullscreen msallowfullscreen><\/iframe><\/p>\n<p><i>Spelgl\u00e4dje. Bosse Sandberg, Andreas Aarflot och \u00c5sa Bergh bj\u00f6d p\u00e5 en musikalisk tur genom Monica Zetterlunds liv och repertoar.<br \/>\n<\/i><\/p>\n<p>&nbsp;<\/p>\n<h1><span style=\"color: #ff0000;\">Gustaf Fr\u00f6ding var hennes husgud<\/span><\/h1>\n<p><b>\u00a0<\/b><\/p>\n<p><b>Jag hade f\u00e5tt uppfattningen att <i>Dj\u00e4vla mansf\u00f4lk<\/i> skulle vara en slags teaterf\u00f6rest\u00e4llning \u2013 en enkvinnasf\u00f6rest\u00e4llning som skulle handla om Monika Zetterlund<\/b>. Men denna l\u00f6rdagsf\u00f6rest\u00e4llning var mer av en musikalisk afton p\u00e5 Lilla teatern, i riksteaterf\u00f6reningen KariNs regi, d\u00e4r temat var Monica Zetterlund.<br \/>\n\u00c5sa Bergh, \u00e4r s\u00e5ngerska och hon spelade \u201dUlrika i V\u00e4sterg\u00f6hl\u201d i originalupps\u00e4ttningen av Bj\u00f6rn och Bennys <i>Kristina fr\u00e5n Duvem\u00e5la<\/i> i Malm\u00f6 \u00e5r 1995, allts\u00e5 samma roll som Monica Zetterlund spelade i filmen Utvandrarna 1972. Det \u00e4r v\u00e4l det n\u00e4rmaste teater den h\u00e4r f\u00f6rest\u00e4llningen handlar om.<\/p>\n<p>\u00c5sa Bergh ber\u00e4ttar att hon l\u00e4nge hade en l\u00e4ngtan efter att tr\u00e4ffa Monica Z, men det fick hon aldrig. Hon inleder kv\u00e4llen med att uttrycka denna l\u00e4ngtan och avslutar den med samma sak. Men vi tar det v\u00e4l fr\u00e5n b\u00f6rjan:<\/p>\n<p><b>Detta \u00e4r en musikalisk hyllning till Monica Zetterlund.<\/b> Och det \u00e4r ocks\u00e5 en hyllning till v\u00e5ra fantastiska svenska vistextf\u00f6rfattare. Med \u00c5sa Bergh som sjunger, med maken Bo Sandberg som trakterar m\u00e5nga instrument som fl\u00f6jt, altfl\u00f6jt, basklarinett, munspel och sopransax. Och s\u00e5 Andreas Aarflot p\u00e5 piano.<br \/>\nMed n\u00e5gra s\u00e5nger d\u00e4r Monica Zetterlund sj\u00f6ng p\u00e5 v\u00e4rml\u00e4ndska, sin egen dialekt.<br \/>\n<i>Ack v\u00e4rmeland du sk\u00f6na<\/i>, f\u00e5r inleda en sektion d\u00e4r temat \u00e4r v\u00e4rml\u00e4ndska. I denna sektion f\u00e5r vi h\u00f6ra n\u00e5gra l\u00e5tar d\u00e4r texten \u00e4r skriven av Monica Zetterlunds \u201dhusgud\u201d Gustaf Fr\u00f6ding, och avslutas s\u00e5 med <i>Den sista j\u00e4ntan.<\/i><\/p>\n<p><b>Sektion tv\u00e5, om jag f\u00e5r uttrycka det s\u00e5, tar oss med vidare p\u00e5 Monica Zetterlunds musikaliska resa.<\/b> Till Stockholm d\u00e4r hon tr\u00e4ffade Beppe Wolgers, och fick l\u00e5ten <i>Sakta vi g\u00e5 genom stan. <\/i>Det var ocks\u00e5 nu hon tr\u00e4ffade Tage Danielsson och fick l\u00e5ten <i>Bed\u00e5rande sommarvals.<\/i><\/p>\n<p>Musikerna bakom \u00c5sa Bergh f\u00f6ljer perfekt. Det m\u00e4rks tydligt att de turn\u00e9rat en l\u00e5ng tid med f\u00f6rest\u00e4llningen f\u00f6r de \u00e4r v\u00e4ldigt samspelta och v\u00e4lrepeterade. Ibland far musikerna iv\u00e4g p\u00e5 egna musikaliska \u00e4ventyr och v\u00e4ver in en rad andra musikaliska trudelutter i den melodi de egentligen skall spela. Publiken tycker det \u00e4r mycket skojigt. Sj\u00e4lv tycker jag det blir lite tramsigt. Och n\u00e4r vackra <i>Bed\u00e5rande sommarvals<\/i> \u00f6verg\u00e5r till <i>Helan g\u00e5r<\/i>, s\u00e4tter jag lite i halsen.<\/p>\n<p><b>F\u00f6r att visa att Monica Zetterlund for iv\u00e4g till det stora landet i v\u00e4ster, sjunger \u00c5sa Bergh <i>New York, New York.<\/i><\/b><i> <\/i>Lyckan stod dock inte Monica Z bi n\u00e4r hon var i Amerika, f\u00f6r hon ville ju spela med de b\u00e4sta musikerna och de b\u00e4sta musikerna var m\u00f6rkhyade och det passade inte den tidens kultur att en vit kvinna skulle spela ihop med m\u00f6rkhyade m\u00e4n. S\u00e5 hon valde att resa tillbaka till Sverige igen. <i>Var blev ni av ljuva dr\u00f6mmar?<\/i><\/p>\n<p><i>N\u00e4r min v\u00e4n <\/i>\u00e4r en s\u00e5ng som \u00e4r helt ny f\u00f6r mig. Den \u00e4r mycket vacker, b\u00e5de i melodin som i texten. Texten \u00e4r skriven av Ove T\u00f6rnqvist f\u00e5r jag veta, n\u00e5got som f\u00f6rv\u00e5nar mig f\u00f6r det l\u00e5ter inte alls som han.<\/p>\n<p><b>Sedan \u00e4r det som att \u00c5sa Bergh slappnar av.<\/b> Hon sjunger betydligt b\u00e4ttre och mer, det vill s\u00e4ga hon sjunger hellre och ber\u00e4ttar mindre. Och hon sjunger riktigt bra. L\u00e5tarna \u00e4r de allra mest k\u00e4nda av och med Monica Zetterlund: <i>Kolliox, Min valsmelodi, Att ang\u00f6ra en brygga, Trubbel <\/i>och en av mina favoriter, n\u00e4mligen <i>Donna Juanita <\/i>fr\u00e5n Hasse &amp; Tages <i>Spader Madame<\/i>.<\/p>\n<p>Kv\u00e4llen avslutas med en s\u00e5ng som passar v\u00e4l i sammanhanget \u2013 <i>Gabriellas s\u00e5ng <\/i>skriven av Py Beckman. Trion f\u00e5r st\u00e5ende ovationer. Och det \u00e4r v\u00e4lf\u00f6rtj\u00e4nt!<\/p>\n<p><i>Text: Eva Lindblad<br \/>\nFoto: Andreas Aarflot \/ Riksteatern<\/i><\/p>\n<blockquote>\n<h3><em>LILLA TEATERN Norrk\u00f6ping<\/em><\/h3>\n<p>30 november 2013<em><br \/>\n<b>Dj\u00e4vla mansf\u00f4lk<\/b><\/em><br \/>\n<em> En hyllning till Monica Z<\/em><br \/>\n<em> Prod: Riksteatern<\/em><br \/>\n<em> Arr: Riksteaterf\u00f6reningen KariN<\/em><\/p>\n<p style=\"padding-left: 30px;\"><em>MEDVERKANDE<\/em><br \/>\n<em> \u00c5sa Bergh \u2013 s\u00e5ng<\/em><br \/>\n<em> Andreas Aarflot \u2013 piano<\/em><br \/>\n<em> Bosse Sandberg \u2013 fl\u00f6jt, altfl\u00f6jt, basklarinett, munspel, sopransax<\/em><\/p>\n<\/blockquote>\n<p>L\u00c4NKAR<br \/>\n\u00c5sa Bergh <a title=\"\u00c5sa Bergh\" href=\"http:\/\/www.asabergh.se\/hem.html\" target=\"_blank\">hemsida <\/a><br \/>\nLilla teatern <a title=\"Lilla teatern\" href=\"http:\/\/www.lillateatern.se\" target=\"_blank\">hemsida<\/a><br \/>\nRiksteaterf\u00f6reningen KariN <a title=\"KariN\" href=\"http:\/\/karin.riksteatern.se\" target=\"_blank\">hemsida <\/a><\/p>\n","protected":false},"excerpt":{"rendered":"<p>NORRK\u00d6PING Svenska vistexter. Riksteaterf\u00f6reningen KariN:s l\u00f6rdagsaftonsf\u00f6rest\u00e4llning hyllade inte bara s\u00e5ngerskan Monica Zetterlund. Det blev i lika stor utstr\u00e4ckning en hyllning till dem som skrev musiken. P\u00e5 Lilla teatern ber\u00e4ttade \u00c5sa Bergh om f\u00f6rebilden och sj\u00f6ng hennes s\u00e5nger. <a class=\"continue-reading-link\" href=\"https:\/\/www.kultursidan.nu\/?p=13265\">L\u00e4s mer <span class=\"meta-nav\">&rarr; <\/span><\/a><\/p>\n","protected":false},"author":1001006,"featured_media":0,"comment_status":"closed","ping_status":"open","sticky":false,"template":"","format":"standard","meta":{"_jetpack_memberships_contains_paid_content":false,"footnotes":""},"categories":[7],"tags":[13],"class_list":["post-13265","post","type-post","status-publish","format-standard","hentry","category-norrkoping","tag-musik"],"jetpack_featured_media_url":"","jetpack_sharing_enabled":true,"_links":{"self":[{"href":"https:\/\/www.kultursidan.nu\/index.php?rest_route=\/wp\/v2\/posts\/13265","targetHints":{"allow":["GET"]}}],"collection":[{"href":"https:\/\/www.kultursidan.nu\/index.php?rest_route=\/wp\/v2\/posts"}],"about":[{"href":"https:\/\/www.kultursidan.nu\/index.php?rest_route=\/wp\/v2\/types\/post"}],"author":[{"embeddable":true,"href":"https:\/\/www.kultursidan.nu\/index.php?rest_route=\/wp\/v2\/users\/1001006"}],"replies":[{"embeddable":true,"href":"https:\/\/www.kultursidan.nu\/index.php?rest_route=%2Fwp%2Fv2%2Fcomments&post=13265"}],"version-history":[{"count":0,"href":"https:\/\/www.kultursidan.nu\/index.php?rest_route=\/wp\/v2\/posts\/13265\/revisions"}],"wp:attachment":[{"href":"https:\/\/www.kultursidan.nu\/index.php?rest_route=%2Fwp%2Fv2%2Fmedia&parent=13265"}],"wp:term":[{"taxonomy":"category","embeddable":true,"href":"https:\/\/www.kultursidan.nu\/index.php?rest_route=%2Fwp%2Fv2%2Fcategories&post=13265"},{"taxonomy":"post_tag","embeddable":true,"href":"https:\/\/www.kultursidan.nu\/index.php?rest_route=%2Fwp%2Fv2%2Ftags&post=13265"}],"curies":[{"name":"wp","href":"https:\/\/api.w.org\/{rel}","templated":true}]}}