{"id":13274,"date":"2013-12-02T17:21:47","date_gmt":"2013-12-02T16:21:47","guid":{"rendered":"https:\/\/intelligent-friend-7861.standoutwp.com\/?p=13274"},"modified":"2014-01-09T12:28:47","modified_gmt":"2014-01-09T11:28:47","slug":"klimatfarsen-frossa-levererar-ordentligt-recension","status":"publish","type":"post","link":"https:\/\/www.kultursidan.nu\/?p=13274","title":{"rendered":"Klimatfarsen Frossa levererar ordentligt! (recension)"},"content":{"rendered":"<p><iframe loading=\"lazy\" src=\"https:\/\/www.flickr.com\/photos\/kultursidan\/11172928596\/player\/514a9b7426\" height=\"372\" width=\"500\"  frameborder=\"0\" allowfullscreen webkitallowfullscreen mozallowfullscreen oallowfullscreen msallowfullscreen><\/iframe><\/p>\n<p><em>H\u00e5llfasthetsl\u00e4ra. De tre sk\u00e5despelarnas h\u00f6ga energi ger liv \u00e5t klimatproblematiken.<\/em><\/p>\n<p>&nbsp;<\/p>\n<h1><span style=\"color: #ff0000;\">Vrickat, modigt och galet roligt!<\/span><\/h1>\n<p>&nbsp;<\/p>\n<p><b>Allt \u00e4r m\u00f6rkt. Pl\u00f6tsligt; Big bang, tid, rum och ljus! Sen v\u00e5r planet; Jorden.<\/b> Universum vet inte att vi \u00e4r h\u00e4r, vi m\u00e5ste ta hand om oss sj\u00e4lva. Id\u00e9erna i f\u00f6rest\u00e4llningen \u00e4r viktiga och relevanta: v\u00e5r milj\u00f6. \u00c4r framtiden m\u00f6rk? Vad g\u00f6r vi fel? Har vi ett ansvar? Vem g\u00f6r vad och vem g\u00f6r inte tillr\u00e4ckligt?<\/p>\n<p>Teater Barbaras klimatfars <i>Frossa<\/i> gavs p\u00e5 Teater Br\u00e5ddgatan 34 i torsdags kv\u00e4ll, i ett samarrangemang av lokala Riksteaterf\u00f6reningen KariN och Spira, Norrk\u00f6pings kommuns n\u00e4tverk f\u00f6r h\u00e5llbar utveckling. Tre karakt\u00e4rer gestaltar allt, de till och med dansar och r\u00f6r sig f\u00f6r att gestalta universums historia.<\/p>\n<p>Sk\u00e5despelarna anv\u00e4nder mycket energi i sina enkla karakt\u00e4rer, som f\u00f6rs\u00f6ker redovisa en komplicerad situation: klimatet. \u2013 Eller \u00e4r det verkligen s\u00e5 komplicerat? Det \u00e4r v\u00e4l en j\u00e4ttel\u00e4tt fr\u00e5ga? Man m\u00e5ste v\u00e4l bara upph\u00f6ra alla utsl\u00e4pp&#8230;?<\/p>\n<p>&nbsp;<\/p>\n<p><a title=\"Balansakt med Johan Ehn, Anders Jansson och Adriana Savin by Kultursidan, on Flickr\" href=\"http:\/\/www.flickr.com\/photos\/kultursidan\/11172886755\/\"><img decoding=\"async\" alt=\"Balansakt med Johan Ehn, Anders Jansson och Adriana Savin\" src=\"http:\/\/farm6.staticflickr.com\/5478\/11172886755_6a0e82c76e.jpg\" width=\"400\" \/><\/a><br \/>\n<em> Balansakt.\u00a0<\/em><\/p>\n<p>&nbsp;<\/p>\n<p><b>\u201dDetta \u00e4r viktigt! Vi m\u00e5ste stoppa detta nu!\u201d <\/b>Det \u00e4r m\u00e5nga k\u00e4nslor i luften, framf\u00f6r allt mellan karakt\u00e4rerna.<\/p>\n<p>\u201dNej, lugna dig, gl\u00f6m inte bort allas frihet att sj\u00e4lva f\u00e5 v\u00e4lja.\u201d Det \u00e4r jobbigt n\u00e4r karakt\u00e4rerna, som annars \u00e4r v\u00e4nner, br\u00e5kar med varandra. Det g\u00f6r n\u00e4stan ont. T\u00e4nk er ifall Magnus, Brasse och Eva (fr\u00e5n<i> Fem myror \u00e4r fler \u00e4n fyra elefanter<\/i>) b\u00f6rjade br\u00e5ka med varandra p\u00e5 seri\u00f6s niv\u00e5. Magnus skriker p\u00e5 Brasse som han tycker pratar f\u00f6r mycket; h\u00e5ll k\u00e4ften!! Eva b\u00f6rjar gr\u00e5ta men herrarna ignorerar henne och forts\u00e4tter sitt l\u00e4rorika program. S\u00e5 blir det h\u00e4r i <em>Frossa<\/em>. Humorn, blandat med de relevanta fr\u00e5gorna och dramat, g\u00f6r denna f\u00f6rest\u00e4llning till n\u00e5got absolut speciellt. Det \u00e4r vrickat, modigt och galet roligt.<\/p>\n<p>&nbsp;<\/p>\n<p><a title=\"Frossa \u2013 Adriana Savin by Kultursidan, on Flickr\" href=\"http:\/\/www.flickr.com\/photos\/kultursidan\/11172930756\/\"><img decoding=\"async\" alt=\"Frossa \u2013 Adriana Savin\" src=\"http:\/\/farm6.staticflickr.com\/5483\/11172930756_794909a83d.jpg\" width=\"400\" \/><\/a><br \/>\n<em> En enda v\u00e4rld.\u00a0Adriana Savin i Frossa.<\/em><\/p>\n<p>&nbsp;<\/p>\n<p><b>Det spelar mindre roll hur insatt du redan \u00e4r i milj\u00f6fr\u00e5gorna.<\/b> Kan du \u201dallt\u201d vinner du fortfarande skratt och \u00e4r du nyinsatt s\u00e5 kommer dina vyer att vidgas. Sanningen \u00e4r att vi alla kommer ta med oss n\u00e5got efter f\u00f6rest\u00e4llningens slut. Publiken g\u00e5r hem efter att ha f\u00e5tt en m\u00e4ngd olika perspektiv p\u00e5 vardagslivet. Huvuden fylls med \u00e5sikter. Ingen l\u00e4mnar f\u00f6rest\u00e4llningen utan att ha kommenterat f\u00f6rest\u00e4llningens id\u00e9er \u2013 ingen. Prisv\u00e4rt och v\u00e4ldigt imponerande!<\/p>\n<p><i>Text: Christian L. Hellberg<br \/>\nFoto: Jos\u00e9 Figueroa<\/i><\/p>\n<blockquote>\n<h3><em>TEATER BR\u00c5DDGATAN 34 Norrk\u00f6ping<\/em><\/h3>\n<p>28 november 2013\u2028<em><br \/>\n<b>Frossa<br \/>\n<\/b>Manus: Anders Nyman, Ulf Evr\u00e9n och gruppen<\/em><br \/>\n<em> Regi: Ulf Evr\u00e9n<\/em><br \/>\n<em> Musik\/ljud: Anders Nystr\u00f6m<br \/>\nProjektioner: Martin Wanng\u00e5rd<\/em><br \/>\n<em> Prod: Teater Barbara<b><br \/>\n<\/b>Samarr: Riksteaterf\u00f6reningen KariN, SPIRA-kontoret, Norrk\u00f6pings kommun\u2028<\/em><\/p>\n<p style=\"padding-left: 30px;\"><em>MEDVERKANDE<\/em><br \/>\n<em> Johan Ehn, Anders Jansson och Adriana Savin<\/em><\/p>\n<\/blockquote>\n<p>L\u00c4NKAR<br \/>\nTeater Br\u00e5ddgatan 34 <a title=\"Teater Br\u00e5ddgatan 34\" href=\"http:\/\/www.bg34.se\" target=\"_blank\">hemsida <\/a><br \/>\nTeater Barbara <a title=\"Teater Barbara\" href=\"http:\/\/www.teaterbarbara.nu \" target=\"_blank\">hemsida <\/a><br \/>\nRiksteaterf\u00f6reningen KariN <a title=\"KariN\" href=\"http:\/\/karin.riksteatern.se\" target=\"_blank\">hemsida<\/a><\/p>\n<p>FLER BILDER FR\u00c5N F\u00d6REST\u00c4LLNINGEN \u2013 KLICKA<i> <\/i><\/p>\n<p>[flickr-gallery mode=&#8221;photoset&#8221; photoset=&#8221;72157638282978284&#8243;] <i><\/i><\/p>\n<p>&nbsp;<\/p>\n","protected":false},"excerpt":{"rendered":"<p>NORRK\u00d6PING Bitsk satir, relevant fakta och kreativitet \u00e4r ingredienserna som Frossa anv\u00e4nder sig av f\u00f6r att f\u00e5 en intelligent och en n\u00e5got galen redovisning av klimatproblemen i form av en teaterpj\u00e4s. <a class=\"continue-reading-link\" href=\"https:\/\/www.kultursidan.nu\/?p=13274\">L\u00e4s mer <span class=\"meta-nav\">&rarr; <\/span><\/a><\/p>\n","protected":false},"author":1001006,"featured_media":0,"comment_status":"closed","ping_status":"open","sticky":false,"template":"","format":"standard","meta":{"_jetpack_memberships_contains_paid_content":false,"footnotes":""},"categories":[7],"tags":[12],"class_list":["post-13274","post","type-post","status-publish","format-standard","hentry","category-norrkoping","tag-teater"],"jetpack_featured_media_url":"","jetpack_sharing_enabled":true,"_links":{"self":[{"href":"https:\/\/www.kultursidan.nu\/index.php?rest_route=\/wp\/v2\/posts\/13274","targetHints":{"allow":["GET"]}}],"collection":[{"href":"https:\/\/www.kultursidan.nu\/index.php?rest_route=\/wp\/v2\/posts"}],"about":[{"href":"https:\/\/www.kultursidan.nu\/index.php?rest_route=\/wp\/v2\/types\/post"}],"author":[{"embeddable":true,"href":"https:\/\/www.kultursidan.nu\/index.php?rest_route=\/wp\/v2\/users\/1001006"}],"replies":[{"embeddable":true,"href":"https:\/\/www.kultursidan.nu\/index.php?rest_route=%2Fwp%2Fv2%2Fcomments&post=13274"}],"version-history":[{"count":0,"href":"https:\/\/www.kultursidan.nu\/index.php?rest_route=\/wp\/v2\/posts\/13274\/revisions"}],"wp:attachment":[{"href":"https:\/\/www.kultursidan.nu\/index.php?rest_route=%2Fwp%2Fv2%2Fmedia&parent=13274"}],"wp:term":[{"taxonomy":"category","embeddable":true,"href":"https:\/\/www.kultursidan.nu\/index.php?rest_route=%2Fwp%2Fv2%2Fcategories&post=13274"},{"taxonomy":"post_tag","embeddable":true,"href":"https:\/\/www.kultursidan.nu\/index.php?rest_route=%2Fwp%2Fv2%2Ftags&post=13274"}],"curies":[{"name":"wp","href":"https:\/\/api.w.org\/{rel}","templated":true}]}}